{"id":38,"date":"2010-07-03T00:01:00","date_gmt":"2010-07-03T00:01:00","guid":{"rendered":"http:\/\/blogs.hoy.es\/loch-lomond\/?p=38"},"modified":"2010-07-03T00:01:00","modified_gmt":"2010-07-03T00:01:00","slug":"por-manolo","status":"publish","type":"post","link":"https:\/\/blogs.hoy.es\/loch-lomond\/2010\/07\/03\/por-manolo\/","title":{"rendered":"\u00a1POR MANOLO!"},"content":{"rendered":"<p><font color=#000099><\/font><\/p>\n<p><font color=#000099><img id=img_0 src=\"\/\/www.juegalaroja.com\/media\/galeria\/199\/8\/0\/0\/0\/n_seleccion_espanola_los_aficionados-8.jpg\"\/><\/font><\/p>\n<p><font color=#000099><\/font><\/p>\n<p><font color=#000099>Hoy m\u00e1s que nunca levanto muy alto mi copa del mejor LOCH LOMOND por Manolo. Manolo el del Bombo. Manolo de Espa\u00f1a. Este personaje ilustre est\u00e1 unido a la Selecci\u00f3n Espa\u00f1ola de f\u00fatbol desde que tengo uso de raz\u00f3n. Solo una enfermedad, un problema de salud, un resfriado mal curado como cuenta \u00e9l, rest\u00e1ndole importancia a su neumon\u00eda, le ha privado de perderse la fiesta de ver a Espa\u00f1a llegar por primera vez en su vida a la semifinal de un Mundial. S\u00f3lo por ello Espa\u00f1a no puede perder hoy. Los nuestros tienen que ganar a Paraguay a pesar de no contar con el n\u00famero 12, Manolo el del Bombo, que los anima sin descanso, sin importarle si las cosas vienen buenas o malas. Es un homenaje que se merece m\u00e1s que nadie. <\/font><\/p>\n<p><font color=#000099><\/font><\/p>\n<p><font color=#000099>\u00c9ste, m\u00e1s modesto, es el peque\u00f1o homenaje de quien suscribe. Desde aqu\u00ed mando un fuerte abrazo a Manolo deseando que se recupere cuanto antes, puesto que si Espa\u00f1a llega a la final all\u00ed va a estar el del Bombo animando sin tregua. Tranquilo Manolo, te aseguro que volver\u00e1s.<\/font><\/p>\n<p><font color=#000099><img id=img_1 src=\"\/\/surfiky.com\/wp-content\/uploads\/2008\/06\/1.jpg\"\/><\/font><\/p>\n<p><font color=#000099>\u00a1Por Espa\u00f1a, por ustedes. Por Manolo el del Bombo! \u00a1Manolo de Espa\u00f1a!<\/font><\/p>\n<!-- AddThis Advanced Settings generic via filter on the_content --><!-- AddThis Share Buttons generic via filter on the_content -->","protected":false},"excerpt":{"rendered":"<p>Hoy m\u00e1s que nunca levanto muy alto mi copa del mejor LOCH LOMOND por Manolo. Manolo el del Bombo. Manolo de Espa\u00f1a. Este personaje ilustre est\u00e1 unido a la Selecci\u00f3n Espa\u00f1ola de f\u00fatbol desde que tengo uso de raz\u00f3n. Solo una enfermedad, un problema de salud, un resfriado mal curado como cuenta \u00e9l, rest\u00e1ndole importancia [&hellip;]<!-- AddThis Advanced Settings generic via filter on get_the_excerpt --><!-- AddThis Share Buttons generic via filter on get_the_excerpt --><\/p>\n","protected":false},"author":14,"featured_media":0,"comment_status":"open","ping_status":"closed","sticky":false,"template":"","format":"standard","meta":[],"categories":[7],"tags":[1796,1879,2110,3585,3659],"_links":{"self":[{"href":"https:\/\/blogs.hoy.es\/loch-lomond\/wp-json\/wp\/v2\/posts\/38"}],"collection":[{"href":"https:\/\/blogs.hoy.es\/loch-lomond\/wp-json\/wp\/v2\/posts"}],"about":[{"href":"https:\/\/blogs.hoy.es\/loch-lomond\/wp-json\/wp\/v2\/types\/post"}],"author":[{"embeddable":true,"href":"https:\/\/blogs.hoy.es\/loch-lomond\/wp-json\/wp\/v2\/users\/14"}],"replies":[{"embeddable":true,"href":"https:\/\/blogs.hoy.es\/loch-lomond\/wp-json\/wp\/v2\/comments?post=38"}],"version-history":[{"count":0,"href":"https:\/\/blogs.hoy.es\/loch-lomond\/wp-json\/wp\/v2\/posts\/38\/revisions"}],"wp:attachment":[{"href":"https:\/\/blogs.hoy.es\/loch-lomond\/wp-json\/wp\/v2\/media?parent=38"}],"wp:term":[{"taxonomy":"category","embeddable":true,"href":"https:\/\/blogs.hoy.es\/loch-lomond\/wp-json\/wp\/v2\/categories?post=38"},{"taxonomy":"post_tag","embeddable":true,"href":"https:\/\/blogs.hoy.es\/loch-lomond\/wp-json\/wp\/v2\/tags?post=38"}],"curies":[{"name":"wp","href":"https:\/\/api.w.org\/{rel}","templated":true}]}}