{"id":382,"date":"2011-10-02T16:49:48","date_gmt":"2011-10-02T15:49:48","guid":{"rendered":"http:\/\/blogs.hoy.es\/loch-lomond\/?p=382"},"modified":"2011-10-02T16:49:48","modified_gmt":"2011-10-02T15:49:48","slug":"tintin-es-inocente","status":"publish","type":"post","link":"https:\/\/blogs.hoy.es\/loch-lomond\/2011\/10\/02\/tintin-es-inocente\/","title":{"rendered":"Tint\u00edn es inocente"},"content":{"rendered":"<p>&nbsp;<\/p>\n<p style=\"text-align: center;\"><span style=\"font-size: medium;\"><strong>Enrique Falc\u00f3<\/strong>. Tintin\u00f3logo.<\/span><\/p>\n<div id=\"attachment_383\" style=\"width: 357px\" class=\"wp-caption aligncenter\"><span style=\"font-size: medium;\"><a href=\"\/loch-lomond\/wp-content\/uploads\/sites\/10\/2011\/10\/Tint\u00edn-en-el-congo.jpg\"><img aria-describedby=\"caption-attachment-383\" loading=\"lazy\" class=\"size-full wp-image-383\" title=\"Tint\u00edn en el congo\" src=\"\/loch-lomond\/wp-content\/uploads\/sites\/10\/2011\/10\/Tint\u00edn-en-el-congo.jpg\" alt=\"Tint\u00edn en el Congo, con diferencia, junto a Los Soviets y a Tint\u00edn en Am\u00e9rica uno de los ejemplares de los que guardo menor inter\u00e9s de mi querido reportero.\" width=\"347\" height=\"492\" srcset=\"https:\/\/static-blogs.hoy.es\/wp-content\/uploads\/sites\/10\/2011\/10\/Tint\u00edn-en-el-congo.jpg 347w, https:\/\/static-blogs.hoy.es\/wp-content\/uploads\/sites\/10\/2011\/10\/Tint\u00edn-en-el-congo-212x300.jpg 212w\" sizes=\"(max-width: 347px) 100vw, 347px\" \/><\/a><\/span><p id=\"caption-attachment-383\" class=\"wp-caption-text\">Tint\u00edn en el Congo, con diferencia, junto a Los Soviets y a Tint\u00edn en Am\u00e9rica uno de los ejemplares de los que guardo menor inter\u00e9s de mi querido reportero.<\/p><\/div>\n<p><span style=\"color: #000000; font-size: medium;\">\u00a0\u00a0\u00a0\u00a0\u00a0 \u201c<strong>Tint\u00edn en el Congo<\/strong>\u201d era uno de los pocos ejemplares de las aventuras de <strong>mi querido Tint\u00edn<\/strong> que no pod\u00eda encontrar de peque\u00f1o en <strong>la biblioteca de <a title=\"Enrique Garc\u00eda Calder\u00f3n\" href=\"https:\/\/blogs.hoy.es\/loch-lomond\/2012\/04\/25\/enrique-garcia-calderon\/\" target=\"_blank\">mi padre<\/a><\/strong>. All\u00ed sin embargo siempre estaba uno de mis favoritos, \u201c<strong>El Cangrejo de las Pinzas de Oro<\/strong>\u201d, la primera aventura que protagonizar\u00eda Tint\u00edn junto al <strong>viejo Capit\u00e1n Haddock, \u00edntimo del LOCH LOMOND como quien suscribe<\/strong>, y con su interminable y desternillante lista de insultos y abruptos. <\/span><\/p>\n<p>&nbsp;<\/p>\n<p><span style=\"color: #000000; font-size: medium;\">\u00a0\u00a0\u00a0\u00a0\u00a0 Tambi\u00e9n la doble aventura de &#8220;<strong>El Secreto del Unicornio\u201d y \u201cEl Tesoro de Rackham El Rojo<\/strong>\u201d que me maravillaban y devoraba como unas 150 veces al cabo de la semana.\u00a0 La historia del Congo sin embargo apenas la habr\u00e9 le\u00eddo una docena de veces en mi vida, y no miento si comparto con ustedes que junto a \u201c<strong>Tint\u00edn en el pa\u00eds de los Soviet<\/strong>\u201d, y quiz\u00e1s \u201c<strong>Tint\u00edn en Am\u00e9rica<\/strong>\u201d es uno de los c\u00f3mics del periodista (<strong>el mejor periodista del mundo entero<\/strong>) que considero prescindible para todo aquel que quiera descubrir la magia de <strong>la mayor creaci\u00f3n de Herg\u00e9<\/strong>. <\/span><\/p>\n<p>&nbsp;<\/p>\n<p><span style=\"color: #000000; font-size: medium;\"><strong>\u00a0\u00a0\u00a0\u00a0 Jam\u00e1s recomendar\u00eda su lectura<\/strong> a un joven \u00e1vido de adentrarse en el fascinante universo del simp\u00e1tico <strong>reportero del mech\u00f3n,<\/strong> porque como en toda fase de un gran artista, los comienzos no son sino la base donde se han de forjar sus mayores \u00e9xitos en el futuro. <\/span><\/p>\n<p>&nbsp;<\/p>\n<div id=\"attachment_387\" style=\"width: 390px\" class=\"wp-caption alignleft\"><a href=\"\/loch-lomond\/wp-content\/uploads\/sites\/10\/2011\/10\/tint\u00edn-encontrando-a-Tchang.jpg\"><img aria-describedby=\"caption-attachment-387\" loading=\"lazy\" class=\"size-full wp-image-387\" title=\"tint\u00edn encontrando a Tchang\" src=\"\/loch-lomond\/wp-content\/uploads\/sites\/10\/2011\/10\/tint\u00edn-encontrando-a-Tchang.jpg\" alt=\"El bravo Tint\u00edn nunca cedi\u00f3 al des\u00e1nimo para encontrar a su querido amigo Tchang al que todos daban por muerto.\" width=\"380\" height=\"258\" srcset=\"https:\/\/static-blogs.hoy.es\/wp-content\/uploads\/sites\/10\/2011\/10\/tint\u00edn-encontrando-a-Tchang.jpg 380w, https:\/\/static-blogs.hoy.es\/wp-content\/uploads\/sites\/10\/2011\/10\/tint\u00edn-encontrando-a-Tchang-300x204.jpg 300w\" sizes=\"(max-width: 380px) 100vw, 380px\" \/><\/a><p id=\"caption-attachment-387\" class=\"wp-caption-text\">El bravo Tint\u00edn nunca cedi\u00f3 al des\u00e1nimo para encontrar a su querido amigo Tchang al que todos daban por muerto.<\/p><\/div>\n<p>&nbsp;<\/p>\n<p><span style=\"color: #000000; font-size: medium;\"><strong>La primera vez que pude disfrutar de su lectura no fue sino en la biblioteca de mi colegio, El General Navarro de Badajoz<\/strong>. No se me olvidar\u00e1 nunca que mi amigo <strong>Adolfo Campini<\/strong>, gran aficionado tambi\u00e9n a sus aventuras, se me adelant\u00f3 y tuvieron que pasar varios d\u00edas para que lo devolviera y pudiera tomarlo prestado. No me agrad\u00f3 especialmente. <\/span><\/p>\n<p>&nbsp;<\/p>\n<p><span style=\"color: #000000; font-size: medium;\"><strong>Los congoleses aparecen reflejados como un poco idiotas<\/strong> la verdad. Llaman a Tint\u00edn \u201cSi\u00f1or\u201d y \u00e9ste los enga\u00f1a y domina con excesiva facilidad. <strong>El maltrato a los animales<\/strong> es otro de los temas que no me hace ni pu\u00f1etera gracia. <strong>Nunca me imagin\u00e9 que Tint\u00edn pudiera sentir afici\u00f3n por la caza ni aniquilar de forma tan salvaje e innecesaria a un rinoceronte con dinamita como ocurre en el \u00e1lbum.<\/strong> Algo que jam\u00e1s permitir\u00eda el Tint\u00edn de \u201c<strong>La Isla Negra<\/strong>\u201d cuyo \u201cmonstruo\u201d, <strong>el gorila Ranko<\/strong>, quien atemorizaba a los visitantes de las ruinas del <strong>Castillo de Ben More<\/strong>, lloraba desconsolado cuando se desped\u00eda del noble Tint\u00edn, quien lo liber\u00f3 de sus opresores y lo don\u00f3 al Zoo de Glasgow. O aquel Tint\u00edn que no pod\u00eda evitar las l\u00e1grimas mientras cre\u00eda que los malvados secuaces de <strong>Rastapopoulos<\/strong> hab\u00edan asesinado a balazos a su querido perro <strong>Mil\u00fa<\/strong> en \u201c<strong>Vuelo 714 para Sidney<\/strong>\u201d. <\/span><\/p>\n<p>&nbsp;<\/p>\n<div id=\"attachment_384\" style=\"width: 405px\" class=\"wp-caption alignright\"><a href=\"\/loch-lomond\/wp-content\/uploads\/sites\/10\/2011\/10\/tintin_au_congo1.jpg\"><img aria-describedby=\"caption-attachment-384\" loading=\"lazy\" class=\"size-full wp-image-384\" title=\"tintin_au_congo1\" src=\"\/loch-lomond\/wp-content\/uploads\/sites\/10\/2011\/10\/tintin_au_congo1.jpg\" alt=\"Tint\u00edn, el bravo y valroso periodista, siempre deja huella por donde pasa.\" width=\"395\" height=\"400\" srcset=\"https:\/\/static-blogs.hoy.es\/wp-content\/uploads\/sites\/10\/2011\/10\/tintin_au_congo1.jpg 395w, https:\/\/static-blogs.hoy.es\/wp-content\/uploads\/sites\/10\/2011\/10\/tintin_au_congo1-296x300.jpg 296w\" sizes=\"(max-width: 395px) 100vw, 395px\" \/><\/a><p id=\"caption-attachment-384\" class=\"wp-caption-text\">Tint\u00edn, el bravo y valroso periodista, siempre deja huella por donde pasa.<\/p><\/div>\n<p>&nbsp;<\/p>\n<p><span style=\"color: #000000; font-size: medium;\"><strong>El del Congo<\/strong> no es m\u00e1s que el <strong>resultado de una serie de circunstancias en las que\u00a0 George Rem\u00ed se vio envuelto a principio del a\u00f1o 30.<\/strong> El antiguo y vasto <strong>Congo Belga<\/strong>, el actual Congo, necesitaba promoci\u00f3n, y nadie m\u00e1s apropiado que el famoso reportero Tint\u00edn para suscitar el inter\u00e9s de los j\u00f3venes Belgas. El problema fue, que al contrario de lo que ocurrir\u00eda a\u00f1os m\u00e1s tarde, donde <strong>la documentaci\u00f3n de Herg\u00e9<\/strong> era tan exquisita como enfermiza, <strong>el conocimiento sobre el tema a tratar era pr\u00e1cticamente nulo y Herg\u00e9 se vio obligado a basarse en antiguos prejuicios de la \u00e9poca<\/strong>, tan lamentables como desafortunados. <\/span><\/p>\n<p>&nbsp;<\/p>\n<p><span style=\"color: #000000; font-size: medium;\">\u00c9l mismo catalogar\u00eda a\u00f1os m\u00e1s tarde aquel suceso como <strong>un error de juventud<\/strong>. <\/span><\/p>\n<p>&nbsp;<\/p>\n<p><span style=\"color: #000000; font-size: medium;\">Aun as\u00ed, mi menda animar\u00eda a su lectura una vez disfrutado algunas de sus m\u00e1s \u00e9picas aventuras, como curiosidad, como <strong>el principio de la forja del mito<\/strong>. Y de acuerdo que quiz\u00e1s <strong>el \u00e1lbum de Herg\u00e9 es infantilista, racista, paternalista, y muestra una imagen imposible de un pa\u00eds y una raza<\/strong>, pero aun as\u00ed <strong>es necesario para la transformaci\u00f3n de un personaje que vuelve loco a millones de personas<\/strong> desde hace m\u00e1s de 80 a\u00f1os. <\/span><\/p>\n<p>&nbsp;<\/p>\n<p><span style=\"color: #000000; font-size: medium;\">Lamentablemente, dicho c\u00f3mic se enfrenta desde el pasado viernes a un <strong>juicio por racismo ante un tribunal belga<\/strong>, animado por un (supongo) aburrido y ofendid\u00edsimo ciudadano congol\u00e9s que reclama la prohibici\u00f3n de la obra o la introducci\u00f3n de un mensaje de advertencia sobre su contenido.<\/span><\/p>\n<p>&nbsp;<\/p>\n<p><span style=\"color: #000000; font-size: medium;\"><span style=\"color: #000000;\"><a href=\"\/loch-lomond\/wp-content\/uploads\/sites\/10\/2011\/10\/tintin-pesadilla-Chang.jpg\"><img loading=\"lazy\" class=\"aligncenter size-full wp-image-385\" title=\"tintin pesadilla Chang\" src=\"\/loch-lomond\/wp-content\/uploads\/sites\/10\/2011\/10\/tintin-pesadilla-Chang.jpg\" alt=\"\" width=\"570\" height=\"300\" srcset=\"https:\/\/static-blogs.hoy.es\/wp-content\/uploads\/sites\/10\/2011\/10\/tintin-pesadilla-Chang.jpg 570w, https:\/\/static-blogs.hoy.es\/wp-content\/uploads\/sites\/10\/2011\/10\/tintin-pesadilla-Chang-300x158.jpg 300w\" sizes=\"(max-width: 570px) 100vw, 570px\" \/><\/a><\/span><\/span><\/p>\n<p><span style=\"color: #000000; font-size: medium;\">\u00a0<\/span><\/p>\n<p><span style=\"color: #000000; font-size: medium;\">\u00a1Qu\u00e9 verg\u00fcenza! <strong>Al brav\u00edsimo, noble y valeroso Tint\u00edn lo quieren condenar por un desliz de su creador cuando \u00e9ste contaba tan solo con 23 a\u00f1os<\/strong>. De nada sirve que se jugara la vida en \u201c<strong>El Loto Azul<\/strong>\u201d para salvar a su joven amigo chino <strong>Chang<\/strong> de morir ahogado en un r\u00edo, o sortear mil peligros para volver a rescatarlo de un accidente a\u00e9reo en las cimas nevadas del Himalaya, vi\u00e9ndoselas incluso con el legendario <strong>Yeti, el abominable hombre de las nieves<\/strong>. Tampoco que limpiara Chicago de Gansters y que acabara con el mismo <strong>Al Capone<\/strong>. <\/span><\/p>\n<p>&nbsp;<\/p>\n<p><span style=\"color: #000000; font-size: medium;\">En ning\u00fan momento\u00a0 mostrar\u00e1n clemencia al intr\u00e9pido Tint\u00edn por haber sido <strong>el primer hombre en pisar la Luna<\/strong>, o por <strong>acabar con el tr\u00e1fico de Opio en Shangai<\/strong>. No obtendr\u00e1 ning\u00fan trato especial ni de favor alguno por <strong>ayudar a S.M. Muskar XII a recuperar el Cetro de Ottokar y evitar as\u00ed un golpe de estado en Sildavia.<\/strong> \u00a1Parece mentira que quieran condenar por <strong>racista<\/strong> al mismo Tint\u00edn que <strong>salv\u00f3 a un grupo de africanos de ser vendidos como esclavos<\/strong> cuando acud\u00edan en peregrinaci\u00f3n a La meca! <\/span><\/p>\n<p>&nbsp;<\/p>\n<p><span style=\"color: #000000; font-size: medium;\">All\u00e1 ese <strong>ciudadano congol\u00e9s<\/strong> con su conciencia en su af\u00e1n por condenar a quien es un ejemplo a seguir para los hombres. <\/span><\/p>\n<p>&nbsp;<\/p>\n<p><span style=\"color: #000000; font-size: medium;\">Esperemos que la justicia no flaquee y el gran Tint\u00edn pueda salir indemne del da\u00f1o y limpiar a\u00fan m\u00e1s su buen nombre. <\/span><\/p>\n<p>&nbsp;<\/p>\n<p><span style=\"color: #000000; font-size: medium;\">\u00a1Lo siguiente ser\u00e1 una denuncia por maltrato infantil por la merecida azotaina que Tint\u00edn le propina al \u201ccorderito de az\u00facar\u201d <strong>Abdallah<\/strong> en \u201c<strong>Tint\u00edn en el pa\u00eds del oro negro<\/strong>&#8220;!<\/span><\/p>\n<p><span style=\"color: #000000; font-size: medium;\">No hay vuelta de hoja. Ni debate alguno. <\/span><span style=\"color: #000000; font-size: medium;\">Tint\u00edn es inocente. \u201cYo incluso a\u00f1adir\u00e9 algo m\u00e1s mi querido Hern\u00e1ndez. No hay salsa de soja ni petate alguno, pues es inocente Tint\u00edn\u201d.<\/span><\/p>\n<p>&nbsp;<\/p>\n<p>&nbsp;<\/p>\n<p style=\"text-align: center;\"><span style=\"color: #000000; font-size: medium;\"><em>Publicado en <strong>Diario HOY<\/strong> el 02\/10\/2011<\/em><\/span><\/p>\n<p style=\"text-align: center;\"><span style=\"color: #000000;\"><a href=\"http:\/\/www.kioskoymas.com\/epaper\/showlink.aspx?bookmarkid=0XVPP09K4OS&#038;preview=magnifier&#038;linkid=1957b912-06e8-4e09-955e-a304722fb95e&#038;pdaffid=1NEHCXDv4QZRFanP7KJR9A%3d%3d\"><span style=\"color: #000000;\"><img src=\"\/\/cache2-thumb1.pressdisplay.com\/pressdisplay\/docserver\/getimage.aspx?file=22012011100200000000001001&#038;page=28&#038;scale=23\" alt=\"\" \/><\/span><\/a><\/span><\/p>\n<!-- AddThis Advanced Settings generic via filter on the_content --><!-- AddThis Share Buttons generic via filter on the_content -->","protected":false},"excerpt":{"rendered":"<p>&nbsp; Enrique Falc\u00f3. Tintin\u00f3logo. \u00a0\u00a0\u00a0\u00a0\u00a0 \u201cTint\u00edn en el Congo\u201d era uno de los pocos ejemplares de las aventuras de mi querido Tint\u00edn que no pod\u00eda encontrar de peque\u00f1o en la biblioteca de mi padre. All\u00ed sin embargo siempre estaba uno de mis favoritos, \u201cEl Cangrejo de las Pinzas de Oro\u201d, la primera aventura que protagonizar\u00eda [&hellip;]<!-- AddThis Advanced Settings generic via filter on get_the_excerpt --><!-- AddThis Share Buttons generic via filter on get_the_excerpt --><\/p>\n","protected":false},"author":14,"featured_media":0,"comment_status":"open","ping_status":"closed","sticky":false,"template":"","format":"standard","meta":[],"categories":[8],"tags":[77,79,134,544,861,874,943,1145,1404,1439,1503,1515,1608,1669,1677,1708,1719,1806,1856,2238,2263,2278,2399,2805,2819,2885,2887,3103,3273,3402,3499,3616,4009,4183,4325,4350,4353,4698,4883,4986,4987,4988,4990,4991,4992,4993,5086,5300,5341],"_links":{"self":[{"href":"https:\/\/blogs.hoy.es\/loch-lomond\/wp-json\/wp\/v2\/posts\/382"}],"collection":[{"href":"https:\/\/blogs.hoy.es\/loch-lomond\/wp-json\/wp\/v2\/posts"}],"about":[{"href":"https:\/\/blogs.hoy.es\/loch-lomond\/wp-json\/wp\/v2\/types\/post"}],"author":[{"embeddable":true,"href":"https:\/\/blogs.hoy.es\/loch-lomond\/wp-json\/wp\/v2\/users\/14"}],"replies":[{"embeddable":true,"href":"https:\/\/blogs.hoy.es\/loch-lomond\/wp-json\/wp\/v2\/comments?post=382"}],"version-history":[{"count":0,"href":"https:\/\/blogs.hoy.es\/loch-lomond\/wp-json\/wp\/v2\/posts\/382\/revisions"}],"wp:attachment":[{"href":"https:\/\/blogs.hoy.es\/loch-lomond\/wp-json\/wp\/v2\/media?parent=382"}],"wp:term":[{"taxonomy":"category","embeddable":true,"href":"https:\/\/blogs.hoy.es\/loch-lomond\/wp-json\/wp\/v2\/categories?post=382"},{"taxonomy":"post_tag","embeddable":true,"href":"https:\/\/blogs.hoy.es\/loch-lomond\/wp-json\/wp\/v2\/tags?post=382"}],"curies":[{"name":"wp","href":"https:\/\/api.w.org\/{rel}","templated":true}]}}