{"id":39,"date":"2010-07-04T16:38:00","date_gmt":"2010-07-04T15:38:00","guid":{"rendered":"http:\/\/blogs.hoy.es\/loch-lomond\/?p=39"},"modified":"2010-07-04T16:38:00","modified_gmt":"2010-07-04T15:38:00","slug":"tintin-es-gay","status":"publish","type":"post","link":"https:\/\/blogs.hoy.es\/loch-lomond\/2010\/07\/04\/tintin-es-gay\/","title":{"rendered":"Tint\u00edn no es gay"},"content":{"rendered":"<p>&nbsp;<\/p>\n<div id=\"attachment_499\" style=\"width: 410px\" class=\"wp-caption alignnone\"><a href=\"\/loch-lomond\/wp-content\/uploads\/sites\/10\/2010\/07\/Tint\u00edn-SAPRISTI.jpg\"><img aria-describedby=\"caption-attachment-499\" loading=\"lazy\" class=\"size-full wp-image-499\" title=\"Tint\u00edn SAPRISTI\" src=\"\/loch-lomond\/wp-content\/uploads\/sites\/10\/2010\/07\/Tint\u00edn-SAPRISTI.jpg\" alt=\"Hasta el propio Tint\u00edn se escandalizar\u00eda leyendo en mi art\u00edculo en HOY lo de que quieren convertirlo en gay\" width=\"400\" height=\"415\" srcset=\"https:\/\/static-blogs.hoy.es\/wp-content\/uploads\/sites\/10\/2010\/07\/Tint\u00edn-SAPRISTI.jpg 400w, https:\/\/static-blogs.hoy.es\/wp-content\/uploads\/sites\/10\/2010\/07\/Tint\u00edn-SAPRISTI-289x300.jpg 289w\" sizes=\"(max-width: 400px) 100vw, 400px\" \/><\/a><p id=\"caption-attachment-499\" class=\"wp-caption-text\">Hasta el propio Tint\u00edn se escandalizar\u00eda leyendo en mi art\u00edculo en HOY lo de que quieren convertirlo en gay<\/p><\/div>\n<p><span style=\"color: #000080;\">Como cada Domingo, ya pod\u00e9is leer mi art\u00edculo en el Diario HOY. O bien en la edici\u00f3n digital. Este es el enlace:<\/span><\/p>\n<p><a href=\"http:\/\/www.hoy.es\/v\/20100704\/opinion\/tintin-20100704.html\" rel=\"nofollow\">http:\/\/www.hoy.es\/v\/20100704\/opinion\/tintin-20100704.html<\/a><\/p>\n<p><span style=\"color: #000080;\">Es un tema espinoso y delicado, la homosexualidad, pero est\u00e1 tratado con mucho cari\u00f1o y mayor respeto. Que os guste, espero vuestros comentarios. Y por \u00faltima vez: \u00a1TINT\u00cdN NO ES GAY!<\/span><\/p>\n<!-- AddThis Advanced Settings generic via filter on the_content --><!-- AddThis Share Buttons generic via filter on the_content -->","protected":false},"excerpt":{"rendered":"<p>&nbsp; Como cada Domingo, ya pod\u00e9is leer mi art\u00edculo en el Diario HOY. O bien en la edici\u00f3n digital. Este es el enlace: http:\/\/www.hoy.es\/v\/20100704\/opinion\/tintin-20100704.html Es un tema espinoso y delicado, la homosexualidad, pero est\u00e1 tratado con mucho cari\u00f1o y mayor respeto. Que os guste, espero vuestros comentarios. Y por \u00faltima vez: \u00a1TINT\u00cdN NO ES GAY!<!-- AddThis Advanced Settings generic via filter on get_the_excerpt --><!-- AddThis Share Buttons generic via filter on get_the_excerpt --><\/p>\n","protected":false},"author":14,"featured_media":0,"comment_status":"open","ping_status":"closed","sticky":false,"template":"","format":"standard","meta":[],"categories":[8],"tags":[349,1439,1515,1806,2252,2470,3103,4986,4994,5084,5086],"_links":{"self":[{"href":"https:\/\/blogs.hoy.es\/loch-lomond\/wp-json\/wp\/v2\/posts\/39"}],"collection":[{"href":"https:\/\/blogs.hoy.es\/loch-lomond\/wp-json\/wp\/v2\/posts"}],"about":[{"href":"https:\/\/blogs.hoy.es\/loch-lomond\/wp-json\/wp\/v2\/types\/post"}],"author":[{"embeddable":true,"href":"https:\/\/blogs.hoy.es\/loch-lomond\/wp-json\/wp\/v2\/users\/14"}],"replies":[{"embeddable":true,"href":"https:\/\/blogs.hoy.es\/loch-lomond\/wp-json\/wp\/v2\/comments?post=39"}],"version-history":[{"count":0,"href":"https:\/\/blogs.hoy.es\/loch-lomond\/wp-json\/wp\/v2\/posts\/39\/revisions"}],"wp:attachment":[{"href":"https:\/\/blogs.hoy.es\/loch-lomond\/wp-json\/wp\/v2\/media?parent=39"}],"wp:term":[{"taxonomy":"category","embeddable":true,"href":"https:\/\/blogs.hoy.es\/loch-lomond\/wp-json\/wp\/v2\/categories?post=39"},{"taxonomy":"post_tag","embeddable":true,"href":"https:\/\/blogs.hoy.es\/loch-lomond\/wp-json\/wp\/v2\/tags?post=39"}],"curies":[{"name":"wp","href":"https:\/\/api.w.org\/{rel}","templated":true}]}}