{"id":390,"date":"2011-10-05T00:55:20","date_gmt":"2011-10-04T23:55:20","guid":{"rendered":"http:\/\/blogs.hoy.es\/loch-lomond\/?p=390"},"modified":"2011-10-05T00:55:20","modified_gmt":"2011-10-04T23:55:20","slug":"el-mejor-taxista-de-badajoz","status":"publish","type":"post","link":"https:\/\/blogs.hoy.es\/loch-lomond\/2011\/10\/05\/el-mejor-taxista-de-badajoz\/","title":{"rendered":"El mejor taxista de Badajoz"},"content":{"rendered":"<p>&nbsp;<\/p>\n<p>&nbsp;<\/p>\n<div id=\"attachment_391\" style=\"width: 826px\" class=\"wp-caption alignnone\"><a href=\"\/loch-lomond\/wp-content\/uploads\/sites\/10\/2011\/10\/Jos\u00e9-Carlos-Garc\u00eda-M\u00e1rquez-en-su-Taxi.jpg\"><img aria-describedby=\"caption-attachment-391\" loading=\"lazy\" class=\"size-full wp-image-391\" title=\"Jos\u00e9 Carlos Garc\u00eda M\u00e1rquez en su Taxi\" src=\"\/loch-lomond\/wp-content\/uploads\/sites\/10\/2011\/10\/Jos\u00e9-Carlos-Garc\u00eda-M\u00e1rquez-en-su-Taxi.jpg\" alt=\"Jos\u00e9 Carlos Garc\u00eda M\u00e1rquez en su Taxi\" width=\"816\" height=\"459\" srcset=\"https:\/\/static-blogs.hoy.es\/wp-content\/uploads\/sites\/10\/2011\/10\/Jos\u00e9-Carlos-Garc\u00eda-M\u00e1rquez-en-su-Taxi.jpg 816w, https:\/\/static-blogs.hoy.es\/wp-content\/uploads\/sites\/10\/2011\/10\/Jos\u00e9-Carlos-Garc\u00eda-M\u00e1rquez-en-su-Taxi-300x169.jpg 300w, https:\/\/static-blogs.hoy.es\/wp-content\/uploads\/sites\/10\/2011\/10\/Jos\u00e9-Carlos-Garc\u00eda-M\u00e1rquez-en-su-Taxi-768x432.jpg 768w\" sizes=\"(max-width: 816px) 100vw, 816px\" \/><\/a><p id=\"caption-attachment-391\" class=\"wp-caption-text\">Jos\u00e9 Carlos Garc\u00eda M\u00e1rquez en su Taxi<\/p><\/div>\n<p>&nbsp;<\/p>\n<p><span style=\"color: #000080;\">De entre tantos taxistas que ejercen tan necesaria y diligente profesi\u00f3n en nuestra ciudad, existe uno, Jos\u00e9 Carlos Garc\u00eda M\u00e1rquez, (a quien por cierto tengo la enorme fortuna de poder llamar amigo) que ocupar\u00eda lo m\u00e1s alto del p\u00f3dium en mi hipot\u00e9tico y particular top ten.\u00a0 A Jos\u00e9 Carlos casi siempre puede encontr\u00e1rselo uno en la parada del Erosky del Paseo de San Francisco, o sea, en el Simago de toda la vida. Adem\u00e1s de por su simpat\u00eda, educaci\u00f3n, discreci\u00f3n y sentido del humor, lo reconocer\u00e1n por su aspecto bonach\u00f3n, y porque tiene cara de no haberle hecho da\u00f1o a nadie en su vida, o lo que es lo mismo, que refleja cara de bien nacido y de buena persona. Cuando lo conoc\u00ed, hace ya unos cuantos de a\u00f1os, tuve esa misma impresi\u00f3n cuando le mir\u00e9 por primera vez a los ojos. Jos\u00e9 Carlos es hijo del editor de HOY Manuel Garc\u00eda Reinoso, y junto a tantos otros hijos de empleados nos gan\u00e1bamos un dinerillo extra encartando publicidad en la rotativa del peri\u00f3dico los fines de semana por las noches. Jos\u00e9 Carlos\u00a0 hace bueno uno de mis dichos m\u00e1s extendidos, aquel que asegura que los mejores amigos son los que todav\u00eda est\u00e1n por conocer. As\u00ed mismo se convirti\u00f3 en poco tiempo en amigo de toda la vida, junto al resto de <a title=\"El Peri\u00f3dico de pap\u00e1\" href=\"http:\/\/www.hoy.es\/v\/20100801\/opinion\/periodico-papa-20100801.html\" target=\"_blank\">\u201cEncartadores Encantadores\u201d<\/a>, como nos gustaba denominarnos a modo de broma.<\/span><\/p>\n<p>&nbsp;<\/p>\n<div class=\"mceTemp\">\n<div id=\"attachment_394\" style=\"width: 650px\" class=\"wp-caption alignnone\"><a href=\"\/loch-lomond\/wp-content\/uploads\/sites\/10\/2011\/10\/Encartadores-Encantadores1.jpg\"><img aria-describedby=\"caption-attachment-394\" loading=\"lazy\" class=\"size-full wp-image-394\" title=\"Encartadores Encantadores\" src=\"\/loch-lomond\/wp-content\/uploads\/sites\/10\/2011\/10\/Encartadores-Encantadores1.jpg\" alt=\"De izquierda a derecha Daniel Jorge, Jos\u00e9 Carlos Garc\u00eda M\u00e1rquez, Enrique Falc\u00f3 y Javier Ant\u00fanez. Los Encartadores Encantadores\" width=\"640\" height=\"480\" srcset=\"https:\/\/static-blogs.hoy.es\/wp-content\/uploads\/sites\/10\/2011\/10\/Encartadores-Encantadores1.jpg 640w, https:\/\/static-blogs.hoy.es\/wp-content\/uploads\/sites\/10\/2011\/10\/Encartadores-Encantadores1-300x225.jpg 300w\" sizes=\"(max-width: 640px) 100vw, 640px\" \/><\/a><p id=\"caption-attachment-394\" class=\"wp-caption-text\">De izquierda a derecha Daniel Jorge, Jos\u00e9 Carlos Garc\u00eda M\u00e1rquez, Enrique Falc\u00f3 y Javier Ant\u00fanez. Los Encartadores Encantadores<\/p><\/div>\n<\/div>\n<p><span style=\"color: #000080;\">\u00a0<\/span><\/p>\n<p><span style=\"color: #000080;\">Jos\u00e9 Carlos me apunta que su trabajo no siempre es f\u00e1cil, y en ocasiones duro y desagradecido. Que la cosa est\u00e1 muy mala, como en todos lados, y que hay que trabajar cada vez m\u00e1s duro para salir adelante. Pero \u00e9l como tantos compa\u00f1eros suyos sobrevive con dignidad a base de trabajo y esfuerzo, y <a title=\"HUMOR por Enrique Falc\u00f3 en Hoy.es\" href=\"http:\/\/www.hoy.es\/v\/20100307\/opinion\/humor-20100307.html\" target=\"_blank\">siempre poniendo al mal tiempo buena cara<\/a>, como a mi tanto me gusta en las buenas personas.<\/span><\/p>\n<p><span style=\"color: #000080;\">\u00a0<\/span><\/p>\n<p><span style=\"color: #000080;\">Si alguna vez tienen la inmensa fortuna de coincidir con \u00e9l no se apuren en preguntarle cualquier indicaci\u00f3n, pues siempre le responder\u00e1 con amabilidad y diligencia. Es un profesional como la copa de un pino. Nunca molesta a un cliente con palique si \u00e9ste no lo requiere, y ofrece una amena conversaci\u00f3n si por el contrario \u00e9ste se muestra receptivo.<\/span><\/p>\n<p>&nbsp;<\/p>\n<a href=\"\/loch-lomond\/wp-content\/uploads\/sites\/10\/2011\/10\/Jos\u00e9-Carlos-Garc\u00eda-M\u00e1rquez-y-Miguel-\u00c1ngel-Mart\u00edn-Navarro.jpg\"><img loading=\"lazy\" class=\"size-large wp-image-397\" title=\"Jos\u00e9 Carlos Garc\u00eda M\u00e1rquez y Miguel \u00c1ngel Mart\u00edn Navarro\" src=\"\/loch-lomond\/wp-content\/uploads\/sites\/10\/2011\/10\/Jos\u00e9-Carlos-Garc\u00eda-M\u00e1rquez-y-Miguel-\u00c1ngel-Mart\u00edn-Navarro.jpg\" alt=\"Jos\u00e9 Carlos Garc\u00eda M\u00e1rquez en la vieja rotativa de HOY con el \"Encartador Encantador\" Miguel \u00c1ngel Mart\u00edn Navarro\" width=\"1024\" height=\"774\" srcset=\"https:\/\/static-blogs.hoy.es\/wp-content\/uploads\/sites\/10\/2011\/10\/Jos\u00e9-Carlos-Garc\u00eda-M\u00e1rquez-y-Miguel-\u00c1ngel-Mart\u00edn-Navarro.jpg 1184w, https:\/\/static-blogs.hoy.es\/wp-content\/uploads\/sites\/10\/2011\/10\/Jos\u00e9-Carlos-Garc\u00eda-M\u00e1rquez-y-Miguel-\u00c1ngel-Mart\u00edn-Navarro-300x227.jpg 300w, https:\/\/static-blogs.hoy.es\/wp-content\/uploads\/sites\/10\/2011\/10\/Jos\u00e9-Carlos-Garc\u00eda-M\u00e1rquez-y-Miguel-\u00c1ngel-Mart\u00edn-Navarro-768x581.jpg 768w, https:\/\/static-blogs.hoy.es\/wp-content\/uploads\/sites\/10\/2011\/10\/Jos\u00e9-Carlos-Garc\u00eda-M\u00e1rquez-y-Miguel-\u00c1ngel-Mart\u00edn-Navarro-1024x775.jpg 1024w\" sizes=\"(max-width: 1024px) 100vw, 1024px\" \/><\/a>\n<p>&nbsp;<\/p>\n<p>&nbsp;<\/p>\n<div class=\"mceTemp\">\n<div class=\"mceTemp\">\u00a0<\/div>\n<\/div>\n<p>&nbsp;<\/p>\n<p>&nbsp;<\/p>\n<p><span style=\"color: #000080;\">H\u00e1ganme un favor: Cuando se monten en su taxi recu\u00e9rdenle de mi parte que me debe unas ca\u00f1as con sus correspondientes tapas en <a title=\"el callej\u00f3n de la plazuela\" href=\"http:\/\/www.elcallejondelaplazuela.com\/\" target=\"_blank\">El Callej\u00f3n de la Plazuela<\/a>, que es el bar donde nos gusta reunirnos a los \u201cEncartadores Encantadores\u201d las pocas veces que coincidimos para ponernos al d\u00eda. Aunque parezca raro, en esta maravillosa Badajoz, y muy especialmente entre la gente que quiero, existe una compatibilidad real entre ser un gran profesional y una bell\u00edsima persona. \u00a1LOCH LOMOND en cantidades industriales amigos, porque hoy brindo por Jos\u00e9 Carlos Garc\u00eda M\u00e1rquez, un gran amigo y excelente persona\u2026y el mejor taxista de Badajoz!<\/span><\/p>\n<p>&nbsp;<\/p>\n<!-- AddThis Advanced Settings generic via filter on the_content --><!-- AddThis Share Buttons generic via filter on the_content -->","protected":false},"excerpt":{"rendered":"<p>&nbsp; &nbsp; &nbsp; De entre tantos taxistas que ejercen tan necesaria y diligente profesi\u00f3n en nuestra ciudad, existe uno, Jos\u00e9 Carlos Garc\u00eda M\u00e1rquez, (a quien por cierto tengo la enorme fortuna de poder llamar amigo) que ocupar\u00eda lo m\u00e1s alto del p\u00f3dium en mi hipot\u00e9tico y particular top ten.\u00a0 A Jos\u00e9 Carlos casi siempre puede [&hellip;]<!-- AddThis Advanced Settings generic via filter on get_the_excerpt --><!-- AddThis Share Buttons generic via filter on get_the_excerpt --><\/p>\n","protected":false},"author":14,"featured_media":0,"comment_status":"open","ping_status":"closed","sticky":false,"template":"","format":"standard","meta":[],"categories":[4],"tags":[236,437,608,649,720,1309,1439,1456,1478,1515,1576,1678,1791,1806,1847,2432,2683,2747,3103,3301,3473,3919,4235,4527,4647,4700,4880,4881],"_links":{"self":[{"href":"https:\/\/blogs.hoy.es\/loch-lomond\/wp-json\/wp\/v2\/posts\/390"}],"collection":[{"href":"https:\/\/blogs.hoy.es\/loch-lomond\/wp-json\/wp\/v2\/posts"}],"about":[{"href":"https:\/\/blogs.hoy.es\/loch-lomond\/wp-json\/wp\/v2\/types\/post"}],"author":[{"embeddable":true,"href":"https:\/\/blogs.hoy.es\/loch-lomond\/wp-json\/wp\/v2\/users\/14"}],"replies":[{"embeddable":true,"href":"https:\/\/blogs.hoy.es\/loch-lomond\/wp-json\/wp\/v2\/comments?post=390"}],"version-history":[{"count":0,"href":"https:\/\/blogs.hoy.es\/loch-lomond\/wp-json\/wp\/v2\/posts\/390\/revisions"}],"wp:attachment":[{"href":"https:\/\/blogs.hoy.es\/loch-lomond\/wp-json\/wp\/v2\/media?parent=390"}],"wp:term":[{"taxonomy":"category","embeddable":true,"href":"https:\/\/blogs.hoy.es\/loch-lomond\/wp-json\/wp\/v2\/categories?post=390"},{"taxonomy":"post_tag","embeddable":true,"href":"https:\/\/blogs.hoy.es\/loch-lomond\/wp-json\/wp\/v2\/tags?post=390"}],"curies":[{"name":"wp","href":"https:\/\/api.w.org\/{rel}","templated":true}]}}