{"id":419,"date":"2011-10-16T17:05:53","date_gmt":"2011-10-16T16:05:53","guid":{"rendered":"http:\/\/blogs.hoy.es\/loch-lomond\/?p=419"},"modified":"2011-10-16T17:05:53","modified_gmt":"2011-10-16T16:05:53","slug":"ingratitud","status":"publish","type":"post","link":"https:\/\/blogs.hoy.es\/loch-lomond\/2011\/10\/16\/ingratitud\/","title":{"rendered":"Ingratitud"},"content":{"rendered":"<p style=\"text-align: center;\"><strong>Enrique Falc\u00f3<\/strong>. Siempre cort\u00e9s y educado.<\/p>\n<p><a href=\"\/loch-lomond\/wp-content\/uploads\/sites\/10\/2011\/10\/bart-simpson.jpg\"><img loading=\"lazy\" class=\"aligncenter size-full wp-image-420\" title=\"bart simpson\" src=\"\/loch-lomond\/wp-content\/uploads\/sites\/10\/2011\/10\/bart-simpson.jpg\" alt=\"\" width=\"400\" height=\"500\" srcset=\"https:\/\/static-blogs.hoy.es\/wp-content\/uploads\/sites\/10\/2011\/10\/bart-simpson.jpg 400w, https:\/\/static-blogs.hoy.es\/wp-content\/uploads\/sites\/10\/2011\/10\/bart-simpson-240x300.jpg 240w\" sizes=\"(max-width: 400px) 100vw, 400px\" \/><\/a><\/p>\n<p><span style=\"color: #000000; font-size: medium;\">El otro d\u00eda me arm\u00e9 de valor y decid\u00ed echarle un pulso a la <strong>crisis<\/strong>. Me apetec\u00eda comprar una buena <strong>pierna de cordero<\/strong>, as\u00ed que, me dirig\u00ed muy confiado al s\u00faper de unos conocidos grandes almacenes, que por aquello de no hacer publicidad gratuita, no especificar\u00e9 que se trataba de <strong>El\u00a0Corte Ingl\u00e9s<\/strong>. All\u00ed siempre encuentro <strong>gente conocida<\/strong>, y me encanta. <strong>Yo saludo siempre a todo el mundo<\/strong>, a todo el mundo que conozco de una u otra manera claro, no vayan a pensar que soy tonto. Aunque claro est\u00e1, todos saludamos a personas que no conocemos por <strong>educaci\u00f3n<\/strong> en el portal de nuestra casa, o en la consulta del dentista. <\/span><\/p>\n<p>&nbsp;<\/p>\n<p><span style=\"color: #000000; font-size: medium;\">Esa <strong>man\u00eda de saludar<\/strong> educadamente <strong>me la inculcaron mis padres<\/strong> desde peque\u00f1o, f\u00edjense ustedes qu\u00e9 tonter\u00eda. Lo digo porque est\u00e1 claro que no todo el mundo ha recibido dicho adiestramiento, y si as\u00ed fue es m\u00e1s que probable que haya quedado olvidado en los confines del tiempo y se haya volatilizado de sus cabezas y arrojado a la atm\u00f3sfera en forma de agua de lluvia. <\/span><\/p>\n<p>&nbsp;<\/p>\n<p><span style=\"color: #000000; font-size: medium;\">A m\u00ed, <strong>saludar me encanta<\/strong>, entre otras cosas porque <strong>no compromete a nada<\/strong>. Y me place especialmente cuando s\u00e9 de buena tinta que mi <strong>interlocutor<\/strong> no pretende cruzar palabra alguna conmigo. Me encanta su expresi\u00f3n de sorpresa, y el mal rato que les hago pasar. Hay algunos que contestan con un \u201c<strong>hola<\/strong>\u201d o un \u201c<strong>buenos d\u00edas<\/strong>\u201d tan bajito, insignificante, como si estuvieran pidiendo perd\u00f3n, que casi mejor es que no abrieran la boca. <\/span><\/p>\n<p>&nbsp;<\/p>\n<p><span style=\"color: #000000; font-size: medium;\">No comprendo c\u00f3mo pueden existir quienes conoci\u00e9ndose de sobra se cruzan en una calle estrecha, coinciden en un peque\u00f1o local, o en el mismo s\u00faper, y no se dirigen la palabra. Mi incomprensi\u00f3n se acent\u00faa al referirnos a <strong>nuestra regi\u00f3n<\/strong>, en donde el moderado tama\u00f1o y n\u00famero de habitantes de nuestras localidades sugieren que de una u otra manera deber\u00edamos de ostentar un <strong>trato m\u00e1s familiar<\/strong> que en ciudades m\u00e1s grandes. <\/span><\/p>\n<p>&nbsp;<\/p>\n<a href=\"\/loch-lomond\/wp-content\/uploads\/sites\/10\/2011\/10\/saludo.jpg\"><img loading=\"lazy\" class=\"size-medium wp-image-421\" title=\"saludo\" src=\"\/loch-lomond\/wp-content\/uploads\/sites\/10\/2011\/10\/saludo.jpg\" alt=\"Un \"Hola\" ni cuesta trabajo ni compromete a nada\" width=\"300\" height=\"163\" srcset=\"https:\/\/static-blogs.hoy.es\/wp-content\/uploads\/sites\/10\/2011\/10\/saludo.jpg 550w, https:\/\/static-blogs.hoy.es\/wp-content\/uploads\/sites\/10\/2011\/10\/saludo-300x164.jpg 300w\" sizes=\"(max-width: 300px) 100vw, 300px\" \/><\/a>\n<p>&nbsp;<\/p>\n<p><span style=\"color: #000000; font-size: medium;\">El caso es que all\u00ed coincid\u00ed con una <strong>antigua profesora<\/strong>, do\u00f1a <strong>Pilar G\u00f3mez<\/strong>, quien me dio clases de <strong>F\u00edsica y Qu\u00edmica<\/strong> en 2\u00ba de BUP. Un curso que no desear\u00eda yo ni a mi peor enemigo. En el viejo <strong>bachillerato<\/strong> que curs\u00e9 (parezco mi padre) 2\u00ba de BUP era con diferencia el peor de los cursos inimaginables. Durante ese a\u00f1o no importaba que te gustara o no la Literatura, las horribles Matem\u00e1tica, F\u00edsica y Qu\u00edmica, el temido Lat\u00edn o la Geograf\u00eda e Historia, porque lo estudiabas todo. <\/span><\/p>\n<p>&nbsp;<\/p>\n<p><span style=\"color: #000000; font-size: medium;\">Ya en 3\u00ba la cosa cambiaba, y quien suscribe se quit\u00f3 de encima las asignaturas de ciencias por el <strong>Griego<\/strong>, que dicho sea de paso, no s\u00e9 si <strong>fue peor el remedio que la enfermedad<\/strong>, y si no que se le pregunten a do\u00f1a <strong>Manuela Barroso<\/strong>, mi sufrida profesora de Griego, quien durante el a\u00f1o siguiente se peg\u00f3 todo el curso imparti\u00e9ndome como \u00fanico alumno clases de Griego de recuperaci\u00f3n. <\/span><\/p>\n<p>&nbsp;<\/p>\n<p><span style=\"color: #000000; font-size: medium;\">El caso es que coincid\u00ed con do\u00f1a Pilar y la salud\u00e9. Al devolverme el saludo, mi antigua profesora me mir\u00f3 con extra\u00f1eza, y es que no se puede obviar que hace unos 16 a\u00f1os, cuando cursaba 2\u00ba de BUP, mi menda albergaba <strong>6 \u00f3 7 arrobas menos<\/strong> en su cuerpo serrano. \u201c\u00bfT\u00fa has sido <strong>alumno<\/strong> m\u00edo verdad\u201d? \u2013 Me pregunt\u00f3 \u2013 \u201cEn efecto Do\u00f1a Pilar\u201d &#8211; contest\u00e9 t\u00edmidamente \u2013lo que ocurre es que hace ya muchos a\u00f1os y no creo que se acuerde de m\u00ed, adem\u00e1s era muy malo en F\u00edsica\u201d. Al decirle mi nombre alg\u00fan recuerdo atisb\u00f3 a su cabeza y me dijo que efectivamente me recordaba, que era un pel\u00edn vago, pero que acab\u00e9 aprobando, como as\u00ed fue. El caso es que confes\u00f3 que se mostr\u00f3 sorprendida al ser saludada por un <strong>viejo alumno<\/strong> porque la mayor\u00eda de \u00e9stos dejan de hacerlo cuando dicho profesor termina de impartirles clase.<\/span><\/p>\n<p>&nbsp;<\/p>\n<div id=\"attachment_422\" style=\"width: 310px\" class=\"wp-caption alignright\"><a href=\"\/loch-lomond\/wp-content\/uploads\/sites\/10\/2011\/10\/Profesor-Skinner.jpg\"><img aria-describedby=\"caption-attachment-422\" loading=\"lazy\" class=\"size-full wp-image-422\" title=\"Profesor Skinner\" src=\"\/loch-lomond\/wp-content\/uploads\/sites\/10\/2011\/10\/Profesor-Skinner.jpg\" alt=\"\u00a1Un respeto para el que se preocupa de ense\u00f1arte algo nueva en la vida por Dios!\" width=\"300\" height=\"225\" \/><\/a><p id=\"caption-attachment-422\" class=\"wp-caption-text\">\u00a1Un respeto para el que se preocupa de ense\u00f1arte algo nueva en la vida por Dios!<\/p><\/div>\n<p>&nbsp;<\/p>\n<p><span style=\"color: #000000; font-size: medium;\">\u00a0\u00a1<strong>Qu\u00e9 ingratitud<\/strong>! Este<strong> lamentable comportamiento<\/strong> es realmente reprobable, y muestra adem\u00e1s una <strong>bajeza moral<\/strong> de muy complicada amnist\u00eda. Comprendo que cuando somos <strong>adolescentes<\/strong>, adem\u00e1s de una imbecilidad constante, manifestamos una serie de<strong> cambios<\/strong> que nos convierten en seres insoportables, y por millones de causas, <strong>profesamos una man\u00eda manifiesta a nuestros pobres padres y educadores<\/strong>, pero todo aquello que con 14 \u00f3 15 a\u00f1os te parec\u00eda un hecho transcendental, en la edad adulta ni siquiera es digno de ser recordado con apenas una media sonrisa. Se me vienen a la cabeza una lista interminable de <strong>profesores de mi infancia y adolescencia<\/strong>. <\/span><\/p>\n<p>&nbsp;<\/p>\n<p><span style=\"color: #000000; font-size: medium;\">De muchos de ellos he hablado anteriormente, como de don <strong><a title=\"Pecell\u00edn y la escuela de los sue\u00f1os\" href=\"https:\/\/blogs.hoy.es\/loch-lomond\/2011\/08\/28\/pecellin-y-la-escuela-de-los-suenos\/\" target=\"_blank\"><span style=\"color: #000000;\">Manuel Pecell\u00edn<\/span><\/a>, <\/strong>do\u00f1a<strong> Maricarmen, <\/strong>do\u00f1a<strong> Beli, <\/strong>do\u00f1a<strong> <a title=\"H2O\" href=\"https:\/\/blogs.hoy.es\/loch-lomond\/2011\/06\/24\/h2o\/\" target=\"_blank\"><span style=\"color: #000000;\">Loli M\u00e1rquez<\/span><\/a>, <\/strong>don<strong> <a title=\"Don Ram\u00f3n\" href=\"https:\/\/blogs.hoy.es\/loch-lomond\/2011\/03\/13\/don-ramon\/\" target=\"_blank\"><span style=\"color: #000000;\">Ram\u00f3n Tamudo<\/span><\/a>, <\/strong>don<strong> <a title=\"El General Navarro\" href=\"https:\/\/blogs.hoy.es\/loch-lomond\/2010\/06\/20\/general-navarro\/\" target=\"_blank\"><span style=\"color: #000000;\">Manuel Moralo Murillo<\/span><\/a> <\/strong>o do\u00f1a<strong> Teresa Quintanilla. <\/strong>Pero merecer\u00eda purgar mis penas en las calderas del mism\u00edsimo Infierno si alguna vez les niego el saludo a ellos y tantos otros como don<strong> Antonio Burgos, <\/strong>don<strong> Jos\u00e9 Luis \u00c1lvarez, <\/strong>don<strong> Pedro Carabia <\/strong>(para nosotros Peter), do\u00f1a<strong> Guadalupe Blanco, <\/strong>do\u00f1a<strong> Guadalupe Carapeto, <\/strong>do\u00f1a<strong> Matilde Cuevas, <\/strong>mi querida \u201c<strong>Queti<\/strong>\u201d <strong>del Rosal<\/strong> y tant\u00edsimos en los que desgraciadamente ahora no caigo. <\/span><\/p>\n<p>&nbsp;<\/p>\n<p><span style=\"color: #000000; font-size: medium;\">Sirva este art\u00edculo como <strong>llamada de atenci\u00f3n para los de mi quinta<\/strong>, en especial para aquellos <strong>desagradecidos y maleducados<\/strong> que tan pronto olvidaron a quienes dedicaron parte de su vida a formarlos como personas. <\/span><\/p>\n<p>&nbsp;<\/p>\n<p><span style=\"color: #000000; font-size: medium;\">Y tambi\u00e9n, como punto y final, quiero dedicarles a los <strong>adolescentes de hoy<\/strong> en d\u00eda una frase lapidaria que cantaban mis amigos <a title=\"Si L.O.G.S.E. no vengo (Los Murallitas)\" href=\"https:\/\/blogs.hoy.es\/loch-lomond\/2011\/08\/19\/si-l-o-g-s-e-no-vengo-los-murallitas\/\" target=\"_blank\"><span style=\"color: #000000;\">\u201c<strong>Los Murallitas<\/strong>\u201d<\/span><\/a> en los <strong><a title=\"Carnaval (Enrique Falc\u00f3)\" href=\"http:\/\/www.hoy.es\/v\/20100207\/opinion\/carnaval-20100207.html\" target=\"_blank\"><span style=\"color: #000000;\">Carnavales<\/span><\/a> <\/strong>del pasado a\u00f1o<strong> \u201cAunque a tu edad todo te parezca una movida, y todas las clases te resulten aburridas, ten respeto por el que pretende, ense\u00f1arte algo m\u00e1s en la vida\u201d.<\/strong><\/span><\/p>\n<p style=\"text-align: center;\"><em><span style=\"color: #000000;\">Publicado en Diario HOY el 16\/10\/2011<\/span><\/em><\/p>\n<p><span style=\"color: #000000;\"><a href=\"http:\/\/www.kioskoymas.com\/epaper\/showlink.aspx?bookmarkid=TBI9KTRGL7O7&#038;preview=magnifier&#038;linkid=bab4b4d0-22cc-48f7-b351-ca09434c966e&#038;pdaffid=1NEHCXDv4QZRFanP7KJR9A%3d%3d\"><img class=\"aligncenter\" src=\"\/\/cache2-thumb1.pressdisplay.com\/pressdisplay\/docserver\/getimage.aspx?file=22012011101600000000001001&#038;page=28&#038;scale=23\" alt=\"\" \/><\/a><\/span><\/p>\n<!-- AddThis Advanced Settings generic via filter on the_content --><!-- AddThis Share Buttons generic via filter on the_content -->","protected":false},"excerpt":{"rendered":"<p>Enrique Falc\u00f3. Siempre cort\u00e9s y educado. El otro d\u00eda me arm\u00e9 de valor y decid\u00ed echarle un pulso a la crisis. Me apetec\u00eda comprar una buena pierna de cordero, as\u00ed que, me dirig\u00ed muy confiado al s\u00faper de unos conocidos grandes almacenes, que por aquello de no hacer publicidad gratuita, no especificar\u00e9 que se trataba [&hellip;]<!-- AddThis Advanced Settings generic via filter on get_the_excerpt --><!-- AddThis Share Buttons generic via filter on get_the_excerpt --><\/p>\n","protected":false},"author":14,"featured_media":0,"comment_status":"open","ping_status":"closed","sticky":false,"template":"","format":"standard","meta":[],"categories":[8],"tags":[14,133,140,293,660,822,1232,1375,1439,1515,1527,1530,1576,1621,1806,2263,2340,2341,2530,2587,2608,2752,3103,3116,3161,3230,3266,3306,3307,3309,3380,3797,3958,4047,4240,4345,4565,4566,4927,5084],"_links":{"self":[{"href":"https:\/\/blogs.hoy.es\/loch-lomond\/wp-json\/wp\/v2\/posts\/419"}],"collection":[{"href":"https:\/\/blogs.hoy.es\/loch-lomond\/wp-json\/wp\/v2\/posts"}],"about":[{"href":"https:\/\/blogs.hoy.es\/loch-lomond\/wp-json\/wp\/v2\/types\/post"}],"author":[{"embeddable":true,"href":"https:\/\/blogs.hoy.es\/loch-lomond\/wp-json\/wp\/v2\/users\/14"}],"replies":[{"embeddable":true,"href":"https:\/\/blogs.hoy.es\/loch-lomond\/wp-json\/wp\/v2\/comments?post=419"}],"version-history":[{"count":0,"href":"https:\/\/blogs.hoy.es\/loch-lomond\/wp-json\/wp\/v2\/posts\/419\/revisions"}],"wp:attachment":[{"href":"https:\/\/blogs.hoy.es\/loch-lomond\/wp-json\/wp\/v2\/media?parent=419"}],"wp:term":[{"taxonomy":"category","embeddable":true,"href":"https:\/\/blogs.hoy.es\/loch-lomond\/wp-json\/wp\/v2\/categories?post=419"},{"taxonomy":"post_tag","embeddable":true,"href":"https:\/\/blogs.hoy.es\/loch-lomond\/wp-json\/wp\/v2\/tags?post=419"}],"curies":[{"name":"wp","href":"https:\/\/api.w.org\/{rel}","templated":true}]}}