{"id":42,"date":"2010-07-07T00:01:00","date_gmt":"2010-07-07T00:01:00","guid":{"rendered":"http:\/\/blogs.hoy.es\/loch-lomond\/?p=42"},"modified":"2010-07-07T00:01:00","modified_gmt":"2010-07-07T00:01:00","slug":"caldos","status":"publish","type":"post","link":"https:\/\/blogs.hoy.es\/loch-lomond\/2010\/07\/07\/caldos\/","title":{"rendered":"Caldos"},"content":{"rendered":"<p><span style=\"font-size: medium;\"><img id=\"img_1\" src=\"\/\/inigoaguirre.files.wordpress.com\/2008\/01\/consome-cochinillo.jpg\" alt=\"\" \/><\/span><\/p>\n<p><span style=\"color: #000099; font-size: medium;\">Quien suscribe es un amante de los caldos. Y digo caldos, en plural, pues los hay de los m\u00e1s diversos tipos. La sopa sin lugar a dudas es mi comida favorita. Mi padre siempre me ha dicho que soy igual que Guille, el hermano de Mafalda, que la adora, y no como aquella, que siente una incre\u00edble aversi\u00f3n a tan preciado brevaje que como comprender\u00e1n no acierto a comprender. Ayer martes, posiblemente uno de los d\u00edas m\u00e1s caluroso del a\u00f1o, mi menda se ha metido para el cuerpo dos platazos de sopa descomunales. Y me da igual que estemos a 40 grados. Yo tomar\u00eda sopa en el desierto si me la ponen por delante. No obstante es en invierno o en los d\u00edas m\u00e1s fr\u00edos cuando mejor se degusta, en especial si la noche anterior has salido de farra y tienes el cuerpo hecho polvo. Mi amigo R\u00e1ul Cantero, gran Carnavalero y amante del cachondeo como el que m\u00e1s, me cuenta que al despertar el Martes de resaca del Carnaval, si se levanta, que esa es otra, siempre piensa &#8220;\u00a1que haya caldo, que haya caldo!&#8221; Y es que es verdad, el caldo bueno (casi todos los son) tiene suficientes propiedades curativas como para resucitar a un muerto.<br \/>\n<\/span><\/p>\n<p><span style=\"color: #000099; font-size: medium;\">No me olvido de los otros caldos, los de la tierra, de los que soy tambi\u00e9n por supuesto amigo \u00edntimo desde mi m\u00e1s tierna infancia. Tampoco hago ascos al color de cualquiera de ellos, ya sean blancos, tintos, rosados, claretes, con o sin burbujas&#8230; aunque es cierto que son los segundos, los tintos, quienes m\u00e1s me privan. Tras el agua y la coca cola (sin lugar a dudas el mejor invento de los americanos de la historia) y antes que el Ron a\u00f1ejo, es la bebida que m\u00e1s consumo. Aunque tambi\u00e9n es cierto que es la primera cuando se trata de celebrar alguna cena o comida fuera de casa, y ya saben ustedes lo que me encanta a mi salir sobre todo a cenar fuera de casa:<\/span><\/p>\n<div class=\"UIStoryAttachment UIStoryAttachment_InlineInfo\" data-ft=\"{\"type\":\"attach\"}\">\n<div class=\"UIStoryAttachment_Media UIStoryAttachment_MediaSingle\" data-ft=\"{\"type\":\"media\"}\">\n<div class=\"UIMediaItem\">\n<div class=\"UIMediaItem_Wrapper\"><span style=\"font-size: medium;\"><img class=\"img\" src=\"\/\/external.ak.fbcdn.net\/safe_image.php?d=37317a6eccfc510c5cf9cfed1fab37af&#038;w=90&#038;h=90&#038;url=http%3A%2F%2Fpsystyle.files.wordpress.com%2F2008%2F12%2Fhomer_comiendo_helado.jpg\" alt=\"\" \/><\/span><\/div>\n<\/div>\n<\/div>\n<div class=\"UIStoryAttachment_Info \">\n<div class=\"UIStoryAttachment_Title\"><span style=\"font-size: medium;\"><a href=\"http:\/\/www.facebook.com\/l.php?u=http%3A%2F%2Fblogs.hoy.es%2Floch-lomond%2F2010%2F6%2F19%2F-divirtamonos-vestidos-&#038;h=673e3-SJ4QYWutpgBSyKGV_wBUA\" rel=\"nofollow\" target=\"_blank\"><span style=\"color: #3b5998;\"><strong>\u00a1Divirt\u00e1monos vestidos! \u00ab ENRIQUE FALC\u00d3 \u00ab Blogs de HOY<\/strong><\/span><\/a><strong> <\/strong><\/span><\/div>\n<\/div>\n<\/div>\n<p>&nbsp;<\/p>\n<p><span style=\"font-size: medium;\"><img id=\"img_5\" src=\"\/\/4.bp.blogspot.com\/_9B_6vn-kq34\/SRlEmE2o8II\/AAAAAAAAAUI\/AgGqvPbajAE\/s400\/05.-+Pic%C3%B3n+2004.jpg\" alt=\"\" \/><\/span><\/p>\n<p><span style=\"color: #000099; font-size: medium;\">El caldo, en todas sus formas y diversos elementos es una delicia, un placer, un regalo al paladar y a los sentidos. Que s\u00ed, que estamos en verano y apetecen cosas m\u00e1s fresquitas&#8230;Pues vale, no digo que no, pero un servidor no piensa privarse de su caldo las veces que se le antoje. No olviden, que despu\u00e9s de todo, el gazpacho, que se consume mucho en verano, no deja de ser una sopa fr\u00eda. Y del vino s\u00f3lo puedo transcribirles las palabras de mi querido Abraracurcix en &#8220;El escudo arverno&#8221;.<br \/>\n<\/span><\/p>\n<p><span style=\"font-size: medium;\"><img id=\"img_4\" src=\"\/\/3.bp.blogspot.com\/_JPuPCMJawH8\/SV4i_OlmLOI\/AAAAAAAADvk\/LkxqEw-2njo\/s200\/abraracurcixgif\" alt=\"\" \/><\/span><\/p>\n<p><span style=\"color: #000099; font-size: medium;\">&#8220;Un vino de calidad tiene que sentar bien forzosamente&#8221;. Jam\u00e1s escuch\u00e9 tal verdad. Y si adem\u00e1s es un &#8220;Pago de los Capellanes&#8221; joven, servido por David, el Maitre de el restaurante &#8220;El Sigar&#8221; a su temperatura correcta en la terraza de \u00e9ste, podremos decir que el cielo se ha desplomado&#8230;\u00a1pero sobre nuestro sentidos!<\/span><br \/>\n<span style=\"font-size: medium;\"><img id=\"img_6\" src=\"\/\/cafeturco.files.wordpress.com\/2009\/01\/476047691_a8431c161f_o1.jpg\" alt=\"\" \/><\/span><\/p>\n<p><span style=\"color: #000099; font-size: medium;\">Me olvidaba de decirles, que este art\u00edculo, como todos los de este blog, son por supuesto Don de LOCH LOMOND, otro caldo delicioso, quiz\u00e1s algo m\u00e1s fuerte y evidentemente m\u00e1s dorado, el m\u00e1s dorado de los licores, pero por supuesto que cuenta tambi\u00e9n con mi benepl\u00e1cito, y con el del Capitan Haddock, gran experto en esta otra clase de caldos.<\/span><\/p>\n<p>&nbsp;<\/p>\n<p>&nbsp;<\/p>\n<p>&nbsp;<\/p>\n<!-- AddThis Advanced Settings generic via filter on the_content --><!-- AddThis Share Buttons generic via filter on the_content -->","protected":false},"excerpt":{"rendered":"<p>Quien suscribe es un amante de los caldos. Y digo caldos, en plural, pues los hay de los m\u00e1s diversos tipos. La sopa sin lugar a dudas es mi comida favorita. Mi padre siempre me ha dicho que soy igual que Guille, el hermano de Mafalda, que la adora, y no como aquella, que siente [&hellip;]<!-- AddThis Advanced Settings generic via filter on get_the_excerpt --><!-- AddThis Share Buttons generic via filter on get_the_excerpt --><\/p>\n","protected":false},"author":14,"featured_media":0,"comment_status":"open","ping_status":"closed","sticky":false,"template":"","format":"standard","meta":[],"categories":[2],"tags":[524,573,575,708,709,783,1015,1016,1323,1515,1713,1806,2353,3103,3231,3860,4252,4356,4518,4522,4752,4999,5265],"_links":{"self":[{"href":"https:\/\/blogs.hoy.es\/loch-lomond\/wp-json\/wp\/v2\/posts\/42"}],"collection":[{"href":"https:\/\/blogs.hoy.es\/loch-lomond\/wp-json\/wp\/v2\/posts"}],"about":[{"href":"https:\/\/blogs.hoy.es\/loch-lomond\/wp-json\/wp\/v2\/types\/post"}],"author":[{"embeddable":true,"href":"https:\/\/blogs.hoy.es\/loch-lomond\/wp-json\/wp\/v2\/users\/14"}],"replies":[{"embeddable":true,"href":"https:\/\/blogs.hoy.es\/loch-lomond\/wp-json\/wp\/v2\/comments?post=42"}],"version-history":[{"count":0,"href":"https:\/\/blogs.hoy.es\/loch-lomond\/wp-json\/wp\/v2\/posts\/42\/revisions"}],"wp:attachment":[{"href":"https:\/\/blogs.hoy.es\/loch-lomond\/wp-json\/wp\/v2\/media?parent=42"}],"wp:term":[{"taxonomy":"category","embeddable":true,"href":"https:\/\/blogs.hoy.es\/loch-lomond\/wp-json\/wp\/v2\/categories?post=42"},{"taxonomy":"post_tag","embeddable":true,"href":"https:\/\/blogs.hoy.es\/loch-lomond\/wp-json\/wp\/v2\/tags?post=42"}],"curies":[{"name":"wp","href":"https:\/\/api.w.org\/{rel}","templated":true}]}}