{"id":45,"date":"2010-07-09T00:10:00","date_gmt":"2010-07-09T00:10:00","guid":{"rendered":"http:\/\/blogs.hoy.es\/loch-lomond\/?p=44"},"modified":"2010-07-09T00:10:00","modified_gmt":"2010-07-09T00:10:00","slug":"sunday-bloody-sunday","status":"publish","type":"post","link":"https:\/\/blogs.hoy.es\/loch-lomond\/2010\/07\/09\/sunday-bloody-sunday\/","title":{"rendered":"SUNDAY BLOODY SUNDAY"},"content":{"rendered":"<p><span style=\"FONT-SIZE: 10pt; FONT-FAMILY: Verdana\">< ?xml:namespace prefix = o ns = \"urn:schemas-microsoft-com:office:office\" \/><o:p><\/o:p><\/span>  <\/p>\n<p class=MsoNormal style=\"MARGIN: 0cm 0cm 0pt; TEXT-ALIGN: justify\"><img id=img_6 src=\"\/\/www.steveball.com\/pictures\/DrawingOfTheDay\/images\/Sunday%20Bloody%20Sunday.jpg\"\/><\/p>\n<p class=MsoNormal style=\"MARGIN: 0cm 0cm 0pt; TEXT-ALIGN: justify\">\n<p class=MsoNormal style=\"MARGIN: 0cm 0cm 0pt; TEXT-ALIGN: justify\">\n<p class=MsoNormal style=\"MARGIN: 0cm 0cm 0pt; TEXT-ALIGN: justify\">\n<p class=MsoNormal style=\"MARGIN: 0cm 0cm 0pt; TEXT-ALIGN: justify\">\n<p class=MsoNormal style=\"MARGIN: 0cm 0cm 0pt; TEXT-ALIGN: justify\"><span style=\"FONT-SIZE: 10pt; COLOR: navy; FONT-FAMILY: Verdana\">De entre tantas canciones de los irlandeses <font color=#ff0000>U2<\/font> que me vuelven loco, quiz\u00e1s sea esta <font color=#ff0000>\u201cSunday Bloody Sunday\u201d<\/font> una de las m\u00e1s especiales.<\/span><\/p>\n<p><span style=\"FONT-SIZE: 10pt; COLOR: navy; FONT-FAMILY: Verdana\"><\/span><\/p>\n<p><span style=\"FONT-SIZE: 10pt; COLOR: navy; FONT-FAMILY: Verdana\">Esta canci\u00f3n es el tema de apertura del disco <font color=#ff0000>&#8220;War&#8221;<\/font> del a\u00f1o 1983, escrita a raiz de los incidentes del llamado Domingo Sangriento de 1972 en el que murieron 14 personas. La canci\u00f3n en s\u00ed es pura magia, pero la pista de bater\u00eda es incre\u00edblemente buena y realmente imaginativa, as\u00ed como de una dif\u00edcil ejecuci\u00f3n.<\/span><\/p>\n<p> <span style=\"FONT-SIZE: 10pt; COLOR: navy; FONT-FAMILY: Verdana\"><\/span> <\/p>\n<p> <span style=\"FONT-SIZE: 10pt; COLOR: navy; FONT-FAMILY: Verdana\"><\/span> <\/p>\n<p class=MsoNormal style=\"MARGIN: 0cm 0cm 0pt; TEXT-ALIGN: justify\">\n<p><span style=\"FONT-SIZE: 10pt; COLOR: navy; FONT-FAMILY: Verdana\"><\/span><\/p>\n<p><span style=\"FONT-SIZE: 10pt; COLOR: navy; FONT-FAMILY: Verdana\"><o:p><img id=img_0 src=\"\/\/www.world4all.nl\/U2\/images\/albums\/war.jpg\"\/><\/o:p><\/span><\/p>\n<p class=MsoNormal style=\"MARGIN: 0cm 0cm 0pt; TEXT-ALIGN: justify\">\n<p><span style=\"FONT-SIZE: 10pt; COLOR: navy; FONT-FAMILY: Verdana\"><o:p><\/o:p><\/span> <\/p>\n<p class=MsoNormal style=\"MARGIN: 0cm 0cm 0pt; TEXT-ALIGN: justify\">\n<p class=MsoNormal style=\"MARGIN: 0cm 0cm 0pt; TEXT-ALIGN: justify\">\n<p class=MsoNormal style=\"MARGIN: 0cm 0cm 0pt; TEXT-ALIGN: justify\">\n<p class=MsoNormal style=\"MARGIN: 0cm 0cm 0pt; TEXT-ALIGN: justify\"><span style=\"FONT-SIZE: 10pt; COLOR: navy; FONT-FAMILY: Verdana\">Me trae muchos recuerdos mi \u00e9poca de m\u00fasico adolescente. Cuando eres bater\u00eda esta canci\u00f3n adquiere una gran notabilidad, pues su complicada e imaginativa ejecuci\u00f3n no est\u00e1 al alcance de cualquier baqueta. Cuando comenc\u00e9 a tocar la bater\u00eda, a los 13 \u00f3 14 a\u00f1os m\u00e1s o menos, ya era consciente de que exist\u00edan los <font color=#ff0000>U2<\/font>, pues mi amigo y entonces a\u00fan vecino Ricardo, guitarrista de \u201cDarksound\u201d, ya se encargaba de record\u00e1rnoslo cada vez que \u00edbamos a su casa. Fue gracias a \u00e9l que me empec\u00e9 a interesar por \u00e9ste, uno de los m\u00e1s grandes grupos musicales de la historia, que cuenta en sus filas con el que para mi es sin duda el mejor bater\u00eda del mundo, <span style=\"mso-spacerun: yes\"><\/span>nada menos que <font color=#ff0000>Larry Mullen jr<\/font>. Lo primero que intent\u00e9 tocar cuando agarr\u00e9 unas baquetas fue la entrada de esta canci\u00f3n, y modestia parte que me sali\u00f3 sin ning\u00fan problema. Llevaba practic\u00e1ndola en la cabeza varios a\u00f1os, sobre latas de tomate o botes de detergente. Cada vez que un ni\u00f1ato se me acercaba y me dec\u00eda que \u00e9l era bater\u00eda yo le preguntaba \u201c\u00bfte sabes el <font color=#ff0000>Sunday Bloody Sunday<\/font>?\u201d y casi siempre me contestaban dubitativos que no, que quiz\u00e1s sin hacerlo a doble charly\u2026\u201d pufft\u201d respond\u00eda yo, \u201centonces tu NO eres bater\u00eda\u201d. Cada vez que nos junt\u00e1bamos algunos m\u00fasicos en un mismo local, los piques eran continuos, y yo, que en aquella \u00e9poca era m\u00e1s vanidoso y presumido que el propio McCartney, no ve\u00eda el momento de sentarme a la bater\u00eda para que todos se quedaran a cuadros viendo como tocaba aquel complejo ritmo que a m\u00ed me sal\u00eda sin m\u00e1s. Mi ostentaci\u00f3n se acrecentaba cuando el pique era con un<span style=\"mso-spacerun: yes\"> <\/span>m\u00fasico Heavy, ya que \u00e9stos miran siempre por encima del hombro a los que no realizan su misma m\u00fasica. Est\u00e1n convencidos de que otros estilos, como el Pop, son de una calidad inferior. Amigos, no hay estilos f\u00e1ciles. Es muy dif\u00edcil tocar correctamente cualquier estilo. Me gustar\u00eda ver a alguno de \u00e9stos intentando acompa\u00f1ar una rumba, o una sevillana por poner un ejemplo, o una fusi\u00f3n flamenco jazz. Los buenos m\u00fasicos tocan lo que m\u00e1s les gusta, pero nunca desprecian un estilo por mucho que se aleje de sus gustos cuando \u00e9ste est\u00e1 interpretado correctamente.<o:p><\/o:p><\/span><\/p>\n<p><span style=\"FONT-SIZE: 10pt; COLOR: navy; FONT-FAMILY: Verdana\"><o:p><\/o:p><\/span><\/p>\n<p class=MsoNormal style=\"MARGIN: 0cm 0cm 0pt; TEXT-ALIGN: justify\">\n<p><img id=img_1 src=\"\/\/cdn.mos.musicradar.com\/images\/features\/u2-gallery2\/larry-mullen-live-corbis-530-85.jpg\"\/><\/p>\n<p class=MsoNormal style=\"MARGIN: 0cm 0cm 0pt; TEXT-ALIGN: justify\">\n<p class=MsoNormal style=\"MARGIN: 0cm 0cm 0pt; TEXT-ALIGN: justify\">\n<p class=MsoNormal style=\"MARGIN: 0cm 0cm 0pt; TEXT-ALIGN: justify\"><span style=\"FONT-SIZE: 10pt; COLOR: navy; FONT-FAMILY: Verdana\">A\u00f1os m\u00e1s tarde lo plagi\u00e9 de forma muy parecida para una canci\u00f3n de mi grupo &#8220;Left Brothers&#8221; que me encantaba, y a\u00f1os m\u00e1s tarde siempre lo met\u00eda en alg\u00fan trozo de alg\u00fan tema en cuanto ten\u00eda oportunidad.<\/span><\/p>\n<p><span style=\"FONT-SIZE: 10pt; COLOR: navy; FONT-FAMILY: Verdana\"><o:p><\/o:p><\/span> <\/p>\n<p class=MsoNormal style=\"MARGIN: 0cm 0cm 0pt; TEXT-ALIGN: justify\">\n<p class=MsoNormal style=\"MARGIN: 0cm 0cm 0pt; TEXT-ALIGN: justify\">\n<p><img class=imgcen id=img_4 src=\"\/loch-lomond\/wp-content\/uploads\/sites\/10\/ENRIQUEFALC\u00d3ALABATER\u00cdA.JPG\"\/>\n <\/p>\n<p class=MsoNormal style=\"MARGIN: 0cm 0cm 0pt; TEXT-ALIGN: justify\">\n <span style=\"FONT-SIZE: 10pt; COLOR: navy; FONT-FAMILY: Verdana\"><o:p><\/o:p><\/span> <\/p>\n<p class=MsoNormal style=\"MARGIN: 0cm 0cm 0pt; TEXT-ALIGN: justify\">\n<p class=MsoNormal style=\"MARGIN: 0cm 0cm 0pt; TEXT-ALIGN: justify\"><span style=\"FONT-SIZE: 10pt; COLOR: navy; FONT-FAMILY: Verdana\">Esta canci\u00f3n y lo que significa la pista de bater\u00eda para el menda (arriba, en un concierto en C\u00e1ceres, con la camiseta naranja que entonces luc\u00edamos los Left Brothers) abre mi blog hoy viernes, d\u00eda de canciones en Don de LOCH LOMOND. \u00a1Disfr\u00fatenla! <o:p><\/o:p><\/span><\/p>\n<p class=MsoNormal style=\"MARGIN: 0cm 0cm 0pt; TEXT-ALIGN: justify\"><span style=\"FONT-SIZE: 10pt; COLOR: navy; FONT-FAMILY: Verdana\"><o:p><\/o:p><\/span><\/p>\n<p class=MsoNormal style=\"MARGIN: 0cm 0cm 0pt; TEXT-ALIGN: justify\"><span style=\"FONT-SIZE: 10pt; COLOR: navy; FONT-FAMILY: Verdana\">Y a los bater\u00edas, o a los que se crean bater\u00edas que esa es otra, que a\u00fan no la conozcan o que todav\u00eda no sepan ejecutarla correctamente, les digo:<o:p><\/o:p><\/span><\/p>\n<p class=MsoNormal style=\"MARGIN: 0cm 0cm 0pt; TEXT-ALIGN: justify\"><span style=\"FONT-SIZE: 10pt; COLOR: navy; FONT-FAMILY: Verdana\"><o:p><\/o:p><\/span><\/p>\n<p class=MsoNormal style=\"MARGIN: 0cm 0cm 0pt; TEXT-ALIGN: justify\"><span style=\"FONT-SIZE: 10pt; COLOR: navy; FONT-FAMILY: Verdana\"><span style=\"mso-spacerun: yes\"><\/span>\u201c\u00a1\u00bfA que narices est\u00e1is esperando?!\u201d<o:p><\/o:p><\/span><\/p>\n<p class=MsoNormal style=\"MARGIN: 0cm 0cm 0pt; TEXT-ALIGN: justify\"><span style=\"FONT-SIZE: 10pt; COLOR: navy; FONT-FAMILY: Verdana\"><o:p><\/o:p><\/span><\/p>\n<p class=MsoNormal style=\"MARGIN: 0cm 0cm 0pt; TEXT-ALIGN: justify\"><span style=\"FONT-SIZE: 10pt; COLOR: navy; FONT-FAMILY: Verdana\">Aqu\u00ed les dejo un enlace donde se escucha la canci\u00f3n con razonable calidad. Este enlace, como todos, es por supuesto Don de LOCH LOMOND.<\/span>\n <\/p>\n<p class=MsoNormal style=\"MARGIN: 0cm 0cm 0pt; TEXT-ALIGN: justify\">\n<p><a href=\"http:\/\/www.youtube.com\/watch?v=LQZLPV6xcHI\">http:\/\/www.youtube.com\/watch?v=LQZLPV6xcHI<\/a><\/p>\n<p class=MsoNormal style=\"MARGIN: 0cm 0cm 0pt; TEXT-ALIGN: justify\">\n<!-- AddThis Advanced Settings generic via filter on the_content --><!-- AddThis Share Buttons generic via filter on the_content -->","protected":false},"excerpt":{"rendered":"<p>< ?xml:namespace prefix = o ns = \"urn:schemas-microsoft-com:office:office\" \/> De entre tantas canciones de los irlandeses U2 que me vuelven loco, quiz\u00e1s sea esta \u201cSunday Bloody Sunday\u201d una de las m\u00e1s especiales. Esta canci\u00f3n es el tema de apertura del disco &#8220;War&#8221; del a\u00f1o 1983, escrita a raiz de los incidentes del llamado Domingo Sangriento [&hellip;]<!-- AddThis Advanced Settings generic via filter on get_the_excerpt --><!-- AddThis Share Buttons generic via filter on get_the_excerpt --><\/p>\n","protected":false},"author":14,"featured_media":0,"comment_status":"open","ping_status":"closed","sticky":false,"template":"","format":"standard","meta":[],"categories":[6],"tags":[509,762,1315,1509,4470,4581,5119,5247,5307],"_links":{"self":[{"href":"https:\/\/blogs.hoy.es\/loch-lomond\/wp-json\/wp\/v2\/posts\/45"}],"collection":[{"href":"https:\/\/blogs.hoy.es\/loch-lomond\/wp-json\/wp\/v2\/posts"}],"about":[{"href":"https:\/\/blogs.hoy.es\/loch-lomond\/wp-json\/wp\/v2\/types\/post"}],"author":[{"embeddable":true,"href":"https:\/\/blogs.hoy.es\/loch-lomond\/wp-json\/wp\/v2\/users\/14"}],"replies":[{"embeddable":true,"href":"https:\/\/blogs.hoy.es\/loch-lomond\/wp-json\/wp\/v2\/comments?post=45"}],"version-history":[{"count":0,"href":"https:\/\/blogs.hoy.es\/loch-lomond\/wp-json\/wp\/v2\/posts\/45\/revisions"}],"wp:attachment":[{"href":"https:\/\/blogs.hoy.es\/loch-lomond\/wp-json\/wp\/v2\/media?parent=45"}],"wp:term":[{"taxonomy":"category","embeddable":true,"href":"https:\/\/blogs.hoy.es\/loch-lomond\/wp-json\/wp\/v2\/categories?post=45"},{"taxonomy":"post_tag","embeddable":true,"href":"https:\/\/blogs.hoy.es\/loch-lomond\/wp-json\/wp\/v2\/tags?post=45"}],"curies":[{"name":"wp","href":"https:\/\/api.w.org\/{rel}","templated":true}]}}