{"id":450,"date":"2011-10-23T16:15:23","date_gmt":"2011-10-23T15:15:23","guid":{"rendered":"http:\/\/blogs.hoy.es\/loch-lomond\/?p=450"},"modified":"2011-10-23T16:15:23","modified_gmt":"2011-10-23T15:15:23","slug":"450","status":"publish","type":"post","link":"https:\/\/blogs.hoy.es\/loch-lomond\/2011\/10\/23\/450\/","title":{"rendered":"La Estrella Misteriosa"},"content":{"rendered":"<p>Enrique Falc\u00f3. TELE-QUORE-FOBO<\/p>\n<p><a href=\"\/loch-lomond\/wp-content\/uploads\/sites\/10\/2011\/10\/Telebasura.jpg\"><img loading=\"lazy\" class=\"alignnone size-full wp-image-451\" title=\"Telebasura\" src=\"\/loch-lomond\/wp-content\/uploads\/sites\/10\/2011\/10\/Telebasura.jpg\" alt=\"\" width=\"500\" height=\"478\" srcset=\"https:\/\/static-blogs.hoy.es\/wp-content\/uploads\/sites\/10\/2011\/10\/Telebasura.jpg 500w, https:\/\/static-blogs.hoy.es\/wp-content\/uploads\/sites\/10\/2011\/10\/Telebasura-300x287.jpg 300w\" sizes=\"(max-width: 500px) 100vw, 500px\" \/><\/a><\/p>\n<p><span style=\"color: #000080;\">El otro d\u00eda hablaba con mi amigo<a title=\"Blog de Javi Reyes\" href=\"http:\/\/lomenosquesedespacha.blogspot.com\/\" target=\"_blank\"> Javi Reyes <\/a>de la pel\u00edcula \u201cPerseguido\u201d, el film de Paul Michael Glaser y protagonizada nada menos que por Arnold Schwarzenegger. \u201cPerseguido\u201d (The Runnig Man) era una de esas pelis imprescindibles que no te pod\u00edas perder en los 80 si eras a\u00fan ni\u00f1o o adolescente. Me hace mucha gracia echar la vista atr\u00e1s y descubrir que todas esas pel\u00edculas futuristas discurren en una fecha pr\u00f3xima o que incluso ya ha trascendido. \u00c9sta concretamente se desarrolla en un hipot\u00e9tico 2017, a la vuelta de la esquina como quien dice, en una sociedad que se ha convertido en un estado policial el cual censura toda actividad cultural, y en la que el concurso estrella de la televisi\u00f3n es un programa donde criminales convictos luchan por su vida, perseguidos sin tregua por feroces cazadores que no dudan en darles matarile en cuanto se les presenta la menor oportunidad. A todo esto, el p\u00fablico, en especial ni\u00f1os y ancianos, se deleitan a\u00fan m\u00e1s con el espect\u00e1culo, apostando quien y en que momento dar\u00e1 caza al reo de turno. Horrible \u00bfverdad? Pues que quieren que les diga, mi menda no lo ve tan lejano, y no solo por la proximidad en el tiempo en que se desarrolla la cinta en cuesti\u00f3n, sino por la \u201ccalidad\u201d de los contenidos de los \u00bfprogramas? que atesoran la caja tonta. Ya hay quien se pregunta cu\u00e1ndo llegar\u00e1 el d\u00eda en que podamos presenciar una muerte en directo, no una muerte accidental, enti\u00e9ndanme, sino una masacre ensayada, premeditada y en horario de m\u00e1xima audiencia, con sus patrocinadores y su concurso de SMS sobre como morir\u00e1 la v\u00edctima, o qu\u00e9 se yo, cu\u00e1l de ellas lo har\u00e1 primero y en qu\u00e9 posici\u00f3n.<\/span><\/p>\n<p><span style=\"color: #000080;\"><a href=\"\/loch-lomond\/wp-content\/uploads\/sites\/10\/2011\/10\/supergol_link.jpg\"><img loading=\"lazy\" class=\"alignnone size-full wp-image-457\" title=\"supergol_link\" src=\"\/loch-lomond\/wp-content\/uploads\/sites\/10\/2011\/10\/supergol_link.jpg\" alt=\"\" width=\"530\" height=\"524\" srcset=\"https:\/\/static-blogs.hoy.es\/wp-content\/uploads\/sites\/10\/2011\/10\/supergol_link.jpg 530w, https:\/\/static-blogs.hoy.es\/wp-content\/uploads\/sites\/10\/2011\/10\/supergol_link-300x297.jpg 300w\" sizes=\"(max-width: 530px) 100vw, 530px\" \/><\/a><\/span><\/p>\n<p><span style=\"color: #000080;\">Hace unas semanas, quien suscribe se alegr\u00f3 mucho cuando<a title=\"DEC \u00a1Uno menos! \" href=\"https:\/\/blogs.hoy.es\/loch-lomond\/2011\/09\/20\/dec-unos-menos\/\" target=\"_blank\"> Antena 3 decidi\u00f3 suprimir \u201cDEC\u201d<\/a>. Programa dedicado al cotilleo y al mundo del coraz\u00f3n que hab\u00eda sido bandera de la casa hasta la aparici\u00f3n en Tele 5 del insufrible \u201cS\u00e1lvame Deluxe\u201d. No obstante mi alegr\u00eda dur\u00f3 poco al comprobar que no hab\u00eda sido un cambio de rumbo en la tem\u00e1tica de la cadena sino consecuencia de la baj\u00edsima audiencia respecto a su competidor. Por lo visto no ofrec\u00eda carnaza suficiente, y claro, nadie es capaz de luchar contra una conversaci\u00f3n en la que miembros de la familia de una concursante de <a title=\"Acorralados\" href=\"https:\/\/blogs.hoy.es\/loch-lomond\/2011\/09\/15\/acorralados\/\" target=\"_blank\">\u201cAcorralados\u201d<\/a> (otra bazofia inmunda) discute sobre si \u00e9sta fue v\u00edctima de abusos sexuales por parte de sus hermanos y sometida a palizas insoportables de su mama\u00edta, que ahora por cierto est\u00e1 muy disgustada porque su hija es famosa por meterse toda clase de cosas por salva sea la parte. \u00a1Vomitivo!<\/span><\/p>\n<p><span style=\"color: #000080;\">\u00a1Es imposible que sea esto lo que la sociedad espa\u00f1ola quiera ver! De acuerdo que hay mucho hortera suelto, y que somos un poco cotillas, y nos gusta mucho el cachondeo, y que nos re\u00edmos de vez en cuando con los \u201cfamosetes\u201d de turno, y algunos sub personajes como &#8220;Tamara&#8221;, &#8220;La Veneno&#8221; y &#8220;Carmen de Mairena&#8221;, pero todo tiene un l\u00edmite.<\/span><\/p>\n<p><span style=\"color: #000080;\"><a href=\"\/loch-lomond\/wp-content\/uploads\/sites\/10\/2011\/10\/Las-Mamachicho.jpg\"><img loading=\"lazy\" class=\"alignnone size-full wp-image-452\" title=\"Las Mamachicho\" src=\"\/loch-lomond\/wp-content\/uploads\/sites\/10\/2011\/10\/Las-Mamachicho.jpg\" alt=\"\" width=\"930\" height=\"609\" srcset=\"https:\/\/static-blogs.hoy.es\/wp-content\/uploads\/sites\/10\/2011\/10\/Las-Mamachicho.jpg 930w, https:\/\/static-blogs.hoy.es\/wp-content\/uploads\/sites\/10\/2011\/10\/Las-Mamachicho-300x196.jpg 300w, https:\/\/static-blogs.hoy.es\/wp-content\/uploads\/sites\/10\/2011\/10\/Las-Mamachicho-768x503.jpg 768w\" sizes=\"(max-width: 930px) 100vw, 930px\" \/><\/a><\/span><\/p>\n<p><span style=\"color: #000080;\">Fue un 23 de abril del a\u00f1o 2000 cuando la historia de la televisi\u00f3n en Espa\u00f1a propici\u00f3 el maldito paso en falso que la conducir\u00eda sin m\u00e1s dilaci\u00f3n a unas vacaciones pagadas con un billete de ida al Cadalso. La cadena culpable fue Tele 5, que hasta ese momento hab\u00eda sido una cadena simp\u00e1tica, \u201ctu cadena amiga\u201d,\u00a0 la que nos trajo a principio de los90 a las \u201cMamachicho\u201d tan monas ellas y tan ligeritas de ropa, tan fresquitas que daba gusto contemplarlas, y a un divertido Emilio Arag\u00f3n (y de propina a toda su estirpe familiar) que presentaba, cantaba, parodiaba y adem\u00e1s hac\u00eda el payaso y nos mataba de risa con las \u201cCacao Maravillao\u201d. Tele 5, la que nos dio oportunidad de ver de ni\u00f1os a nuestros admirados \u201cOliver y Benji\u201d, y a Rafael (\u201cSuperGol\u201d), y a \u201cLos Caballeros del Zod\u00edaco\u201d, y en especial a Florentino y Javier Capit\u00e1n con el mejor programa de la historia: \u201cEl Informal\u201d. Pues s\u00ed, Tele 5 emiti\u00f3 el primer \u201cGran Hermano\u201d y la televisi\u00f3n cambi\u00f3 para siempre jam\u00e1s. Ya no se hablaba de otra cosa y la cadena comenz\u00f3 a llenarse de programas en las que exist\u00eda un espacio reservado para hablar \u00fanicamente de dicho formato. Ma\u00f1ana, tarde y noche. Si a ello le sumamos los res\u00famenes diarios y el 24 horas que comenzaron a regalar a los abonados de V\u00eda Digital, es explicable que sus protagonistas, hasta hac\u00eda dos d\u00edas an\u00f3nimos, se convirtieran en estrellas, en estrellas misteriosas, debido a que uno a\u00fan a d\u00eda de hoy no se explica muy bien en que consiste su m\u00e9rito para adquirir tanta popularidad. Reconozco que la idea y el concepto de programa eran muy interesantes, y entonces supon\u00eda una novedad, pero me niego ante la posibilidad de que sea considerado el programa m\u00e1s importante de la televisi\u00f3n moderna. Las posibilidades de sorprender al espectador se agotaron con la primera edici\u00f3n, m\u00e1s la direcci\u00f3n de la cadena lo exprime temporada tras temporada ampar\u00e1ndose en la millonaria audiencia. El problema es que Gran Hermano ha sido la idea original de un mont\u00f3n de subproductos que no dejan de emerger para regocijo de los horteras de turno, quienes sue\u00f1an alg\u00fan d\u00eda con albergar la fama y convertirse en algunas de esas estrellas misteriosas, quienes como todas las estrellas, acabar\u00e1n desembocando en Supernovas de tipo II, con la diferencia de que su estela, al contrario de las del espacio, no ser\u00e1 visible por mucho m\u00e1s tiempo que el que se tarda en decir: \u00a0\u201c\u00a1Mil Millones de rayos y centellas!\u201d<\/span><\/p>\n<p><span style=\"color: #000000;\">Publicado en Diario HOY el 23\/10\/2011<\/span><\/p>\n<p><span style=\"color: #000000;\"><a href=\"http:\/\/www.kioskoymas.com\/epaper\/showlink.aspx?bookmarkid=M8SKHH6OYUO&#038;preview=magnifier&#038;linkid=09114990-a160-47d5-b468-d6c5627884a5&#038;pdaffid=1NEHCXDv4QZRFanP7KJR9A%3d%3d\"><img src=\"\/\/cache2-thumb1.pressdisplay.com\/pressdisplay\/docserver\/getimage.aspx?file=22012011102300000000001001&#038;page=28&#038;scale=23\" alt=\"\" \/><\/a><\/span><\/p>\n<p><span style=\"color: #000080;\">\u00a0<\/span><\/p>\n<!-- AddThis Advanced Settings generic via filter on the_content --><!-- AddThis Share Buttons generic via filter on the_content -->","protected":false},"excerpt":{"rendered":"<p>Enrique Falc\u00f3. TELE-QUORE-FOBO El otro d\u00eda hablaba con mi amigo Javi Reyes de la pel\u00edcula \u201cPerseguido\u201d, el film de Paul Michael Glaser y protagonizada nada menos que por Arnold Schwarzenegger. \u201cPerseguido\u201d (The Runnig Man) era una de esas pelis imprescindibles que no te pod\u00edas perder en los 80 si eras a\u00fan ni\u00f1o o adolescente. Me [&hellip;]<!-- AddThis Advanced Settings generic via filter on get_the_excerpt --><!-- AddThis Share Buttons generic via filter on get_the_excerpt --><\/p>\n","protected":false},"author":14,"featured_media":0,"comment_status":"open","ping_status":"closed","sticky":false,"template":"","format":"standard","meta":[],"categories":[8],"tags":[105,284,672,747,820,1187,1333,1439,1515,1655,1760,1806,1925,2135,2323,2485,2682,2686,2874,2927,2970,3103,3786,4019,4337,4367,4567,4822,4827,4866,4897,4898,4899,5086],"_links":{"self":[{"href":"https:\/\/blogs.hoy.es\/loch-lomond\/wp-json\/wp\/v2\/posts\/450"}],"collection":[{"href":"https:\/\/blogs.hoy.es\/loch-lomond\/wp-json\/wp\/v2\/posts"}],"about":[{"href":"https:\/\/blogs.hoy.es\/loch-lomond\/wp-json\/wp\/v2\/types\/post"}],"author":[{"embeddable":true,"href":"https:\/\/blogs.hoy.es\/loch-lomond\/wp-json\/wp\/v2\/users\/14"}],"replies":[{"embeddable":true,"href":"https:\/\/blogs.hoy.es\/loch-lomond\/wp-json\/wp\/v2\/comments?post=450"}],"version-history":[{"count":0,"href":"https:\/\/blogs.hoy.es\/loch-lomond\/wp-json\/wp\/v2\/posts\/450\/revisions"}],"wp:attachment":[{"href":"https:\/\/blogs.hoy.es\/loch-lomond\/wp-json\/wp\/v2\/media?parent=450"}],"wp:term":[{"taxonomy":"category","embeddable":true,"href":"https:\/\/blogs.hoy.es\/loch-lomond\/wp-json\/wp\/v2\/categories?post=450"},{"taxonomy":"post_tag","embeddable":true,"href":"https:\/\/blogs.hoy.es\/loch-lomond\/wp-json\/wp\/v2\/tags?post=450"}],"curies":[{"name":"wp","href":"https:\/\/api.w.org\/{rel}","templated":true}]}}