{"id":459,"date":"2011-10-27T00:58:54","date_gmt":"2011-10-26T23:58:54","guid":{"rendered":"http:\/\/blogs.hoy.es\/loch-lomond\/?p=459"},"modified":"2011-10-27T00:58:54","modified_gmt":"2011-10-26T23:58:54","slug":"los-pollos-de-portugal","status":"publish","type":"post","link":"https:\/\/blogs.hoy.es\/loch-lomond\/2011\/10\/27\/los-pollos-de-portugal\/","title":{"rendered":"Los pollos de Portugal"},"content":{"rendered":"<div id=\"attachment_461\" style=\"width: 778px\" class=\"wp-caption alignnone\"><a href=\"\/loch-lomond\/wp-content\/uploads\/sites\/10\/2011\/10\/IMG_0812.jpg\"><img aria-describedby=\"caption-attachment-461\" loading=\"lazy\" class=\"size-large wp-image-461\" title=\"Pollos de Portugal\" src=\"\/loch-lomond\/wp-content\/uploads\/sites\/10\/2011\/10\/IMG_0812.jpg\" alt=\"Pollos de Portugal\" width=\"768\" height=\"1024\" srcset=\"https:\/\/static-blogs.hoy.es\/wp-content\/uploads\/sites\/10\/2011\/10\/IMG_0812.jpg 1200w, https:\/\/static-blogs.hoy.es\/wp-content\/uploads\/sites\/10\/2011\/10\/IMG_0812-225x300.jpg 225w, https:\/\/static-blogs.hoy.es\/wp-content\/uploads\/sites\/10\/2011\/10\/IMG_0812-768x1024.jpg 768w\" sizes=\"(max-width: 768px) 100vw, 768px\" \/><\/a><p id=\"caption-attachment-461\" class=\"wp-caption-text\">Los Sabrosos Pollos de Portugal<\/p><\/div>\n<p>&nbsp;<\/p>\n<p><span style=\"color: #000080;\">Hace unos d\u00edas se produjo una noticia terror\u00edfica para mi menda que increiblemente\u00a0parece haber pasado sin pena ni gloria para gran parte de la ciudadan\u00eda pacense, algo que no entiendo, pues somos muchos los que gustamos de acercarnos al pa\u00eds vecino para disfrutar la sabrosa y econ\u00f3mica oferta gastron\u00f3mica que nos ofrecen nuestros amigos de las localidades de Elvas, Campomaior, Borba o Estremoz, por citar s\u00f3lo a algunas.<\/span><\/p>\n<p><span style=\"color: #000080;\"><a href=\"http:\/\/www.hoy.es\/v\/20111022\/badajoz\/comer-portugal-subira-20111022.html\" target=\"_blank\">Comer en Portugal supondr\u00e1 para el bolsillo de los pacenses un 10% m\u00e1s a partir del 1 de Enero.<\/a> Es una subida diab\u00f3lica, nada menos que del 13%\u00a0 al 23% de IVA para el sector hostelero.\u00a0 A quien suscribe casi se le saltan las l\u00e1grimas al enterarse de tan tremenda y negativa noticia, pues teme que su maltrecha econom\u00eda le prive de uno de los placeres que m\u00e1s disfruta en su querida ciudad, la de acercarse al pa\u00eds vecino a jalar ese sabroso\u00a0pollo con salsa piri \u2013 piri tan picantona, o como se llame, acompa\u00f1ado de ese delicioso \u201cbacalao dorao\u201d o las pringosas \u201clulas con bacon\u201d con esa salsita que parece como un terr\u00f3n de mantequilla que se deshace en tu boca (como los emanens). Si a ello le sumamos los compresibles precios del Mateus Rosado, as\u00ed como de algunos vinos verdes tan deliciosos como fresquitos,\u00a0comprender\u00e1n que la noticia al menos me haya producido algo de estupor.<\/span><\/p>\n<p>&nbsp;<\/p>\n<div id=\"attachment_462\" style=\"width: 305px\" class=\"wp-caption alignnone\"><a href=\"\/loch-lomond\/wp-content\/uploads\/sites\/10\/2011\/10\/Tint\u00edn-y-Oliveira-de-Figueira-con-un-rosado-fresquito-portugu\u00e9s.jpg\"><img aria-describedby=\"caption-attachment-462\" loading=\"lazy\" class=\"size-full wp-image-462\" title=\"Tint\u00edn y Oliveira de Figueira con un rosado fresquito portugu\u00e9s\" src=\"\/loch-lomond\/wp-content\/uploads\/sites\/10\/2011\/10\/Tint\u00edn-y-Oliveira-de-Figueira-con-un-rosado-fresquito-portugu\u00e9s.jpg\" alt=\"Tint\u00edn y Oliveira de Figueira con un rosado fresquito portugu\u00e9s\" width=\"295\" height=\"278\" \/><\/a><p id=\"caption-attachment-462\" class=\"wp-caption-text\">Tint\u00edn y Oliveira de Figueira con un rosado fresquito portugu\u00e9s<\/p><\/div>\n<p>&nbsp;<\/p>\n<p><span style=\"color: #000080;\">Tambi\u00e9n por supuesto\u00a0no faltan\u00a0ocasiones para gastar a lo grande\u00a0y marcase una mariscada de campeonato, as\u00ed como unos buenos arroces, ya sea en \u201cEl Cristo\u201d por ejemplo o ese otro\u00a0tan estupendo que se encuentra frente al Palacio de Congresos de Elvas, o en el \u201cHotel Jardim\u201d, con toda seguridad uno de mis favoritos. Tambi\u00e9n frecuentan los restaurantes m\u00e1gicos como \u201cA Belota\u201d que nada tiene que envidiar (ni siquiera en los precios) a algunos de los excelentes restaurantes pacenses de los que disponemos. Pero especialmente son los m\u00e1s populares, los m\u00e1s econ\u00f3micos, los m\u00e1s normales los que visitamos con m\u00e1s frecuencia, como el \u201cO Carrascal\u201d \u201cBarshotel\u201d o \u201cOs Amigos\u201d (Que le ponen un machado exquisito al pollo y cuyo tintorro de la casa me vuelve loco). Algunos restaurantes han declarado que no permitir\u00e1n que dicha subida afecte al cliente por aquello de perderlo para siempre. Esperemos que sea verdad, y que aun as\u00ed tal subida no signifique tanto, para que no tengamos que renunciar al espl\u00e9ndido placer de las deliciosas comidas que con tanto amor preparan para nosotros en el pa\u00eds de mi amigo \u201cOliveira de Figueira\u201d. <\/span><\/p>\n<p>&nbsp;<\/p>\n<div id=\"attachment_463\" style=\"width: 330px\" class=\"wp-caption alignnone\"><a href=\"\/loch-lomond\/wp-content\/uploads\/sites\/10\/2011\/10\/capitan_haddock.jpg\"><img aria-describedby=\"caption-attachment-463\" loading=\"lazy\" class=\"size-full wp-image-463\" title=\"capitan_haddock\" src=\"\/loch-lomond\/wp-content\/uploads\/sites\/10\/2011\/10\/capitan_haddock.jpg\" alt=\"El Capit\u00e1n Haddock  asegur\u00e1ndose que le sirven una cantidad decente de LOCH LOMOND\" width=\"320\" height=\"320\" srcset=\"https:\/\/static-blogs.hoy.es\/wp-content\/uploads\/sites\/10\/2011\/10\/capitan_haddock.jpg 320w, https:\/\/static-blogs.hoy.es\/wp-content\/uploads\/sites\/10\/2011\/10\/capitan_haddock-150x150.jpg 150w, https:\/\/static-blogs.hoy.es\/wp-content\/uploads\/sites\/10\/2011\/10\/capitan_haddock-300x300.jpg 300w\" sizes=\"(max-width: 320px) 100vw, 320px\" \/><\/a><p id=\"caption-attachment-463\" class=\"wp-caption-text\">El Capit\u00e1n Haddock asegur\u00e1ndose que le sirven una cantidad decente de LOCH LOMOND<\/p><\/div>\n<p>&nbsp;<\/p>\n<p><span style=\"color: #000080;\">Hoy cambio mi LOCH LOMOND\u00a0 para brindar con un rosado portugu\u00e9s por nuestros hermanos portugueses, en especial nuestros vecinos del Alentejo, que son tan pacenses, quieran o no, casi como La Plaza Alta y Puerta de Palmas. Como bien siempre digo, existen m\u00e1s cosas que nos unen de las que nos separan, y espero que as\u00ed sea, por los siglos de los siglos para siempre jam\u00e1s. &#8220;Sa\u00fade&#8221;<\/span><\/p>\n<!-- AddThis Advanced Settings generic via filter on the_content --><!-- AddThis Share Buttons generic via filter on the_content -->","protected":false},"excerpt":{"rendered":"<p>&nbsp; Hace unos d\u00edas se produjo una noticia terror\u00edfica para mi menda que increiblemente\u00a0parece haber pasado sin pena ni gloria para gran parte de la ciudadan\u00eda pacense, algo que no entiendo, pues somos muchos los que gustamos de acercarnos al pa\u00eds vecino para disfrutar la sabrosa y econ\u00f3mica oferta gastron\u00f3mica que nos ofrecen nuestros amigos [&hellip;]<!-- AddThis Advanced Settings generic via filter on get_the_excerpt --><!-- AddThis Share Buttons generic via filter on get_the_excerpt --><\/p>\n","protected":false},"author":14,"featured_media":0,"comment_status":"open","ping_status":"closed","sticky":false,"template":"","format":"standard","meta":[],"categories":[2],"tags":[39,67,189,343,433,437,497,614,752,1009,1515,1622,1744,1806,1926,2405,2488,2494,2652,2906,3103,3167,3209,3212,3346,3347,3378,3745,3783,3823,3846,4133,4160,4284,4446,4561,4599,5180,5267],"_links":{"self":[{"href":"https:\/\/blogs.hoy.es\/loch-lomond\/wp-json\/wp\/v2\/posts\/459"}],"collection":[{"href":"https:\/\/blogs.hoy.es\/loch-lomond\/wp-json\/wp\/v2\/posts"}],"about":[{"href":"https:\/\/blogs.hoy.es\/loch-lomond\/wp-json\/wp\/v2\/types\/post"}],"author":[{"embeddable":true,"href":"https:\/\/blogs.hoy.es\/loch-lomond\/wp-json\/wp\/v2\/users\/14"}],"replies":[{"embeddable":true,"href":"https:\/\/blogs.hoy.es\/loch-lomond\/wp-json\/wp\/v2\/comments?post=459"}],"version-history":[{"count":0,"href":"https:\/\/blogs.hoy.es\/loch-lomond\/wp-json\/wp\/v2\/posts\/459\/revisions"}],"wp:attachment":[{"href":"https:\/\/blogs.hoy.es\/loch-lomond\/wp-json\/wp\/v2\/media?parent=459"}],"wp:term":[{"taxonomy":"category","embeddable":true,"href":"https:\/\/blogs.hoy.es\/loch-lomond\/wp-json\/wp\/v2\/categories?post=459"},{"taxonomy":"post_tag","embeddable":true,"href":"https:\/\/blogs.hoy.es\/loch-lomond\/wp-json\/wp\/v2\/tags?post=459"}],"curies":[{"name":"wp","href":"https:\/\/api.w.org\/{rel}","templated":true}]}}