{"id":46,"date":"2010-07-10T00:01:00","date_gmt":"2010-07-10T00:01:00","guid":{"rendered":"http:\/\/blogs.hoy.es\/loch-lomond\/?p=45"},"modified":"2010-07-10T00:01:00","modified_gmt":"2010-07-10T00:01:00","slug":"que-me-esperen-la-granadilla","status":"publish","type":"post","link":"https:\/\/blogs.hoy.es\/loch-lomond\/2010\/07\/10\/que-me-esperen-la-granadilla\/","title":{"rendered":"QUE NO ME ESPEREN EN LA GRANADILLA"},"content":{"rendered":"<p><img id=img_0 src=\"\/\/1.bp.blogspot.com\/_YfHJhSHtJ4w\/S5prRViLY0I\/AAAAAAAADwM\/xpmhzxLj6aY\/s00\/piscina-mucha-gente-1_500x226.jpg\"\/><\/p>\n<p><font color=#000099>Por lo visto la piscina Municipal de La Granadilla permanecer\u00e1 hoy S\u00e1bado cerrada al p\u00fablico, tambi\u00e9n lo estuvo ayer viernes y lo estar\u00e1 ma\u00f1ana domingo. Un campeonato de nataci\u00f3n de verano tiene la culpa. En mi modesta opini\u00f3n, por mi podr\u00eda estar cerrada toda la vida. Y no s\u00f3lo la Municipal, sino cualquiera de ellas.<\/p>\n<p>A un servidor las piscinas p\u00fablicas le dan un asco tremendo. No por ello no dejo de respetar que cada c\u00faal se refresque o divierta como mejor le venga en gana. Como a cualquiera, de peque\u00f1o me encantaban, y estaba deseando que llegara el verano para ba\u00f1arme en la piscina de la Juventud, cerca de mi casa, donde por cierto recib\u00ed un curso para aprender a nadar que fue muy pr\u00e1ctico para mi carrera como nadador estilo perrito. Creo que la \u00faltima vez que fui por voluntad propia a La Granadilla fue hace unos 15 \u00f3 16 a\u00f1os, cuando precisamente contaba una edad parecida. Desde entonces las piscinas comenzaron a dejar de entusiasmarme. <\/p>\n<p>Cada vez que saco alguno de estos temas me vuelve a venir la idea de que me estoy volviendo viejo, pero es que es cierto. La gente por lo general es muy guarra, y he visto tal cantidad de asquerosidades en las piscinas, que el solo hecho de pensar en sumergirme en sus dudosas aguas me pone malo del est\u00f3mago.<\/p>\n<p>Uno no puede dejar de pensar que una piscina es una especie de ba\u00f1era gigante, donde se ba\u00f1a (y sobre todo se mea) todo el mundo, y que quieren que les diga, a mi me gusta ba\u00f1arme s\u00f3lo, si acaso con mi novia en un jacuzzi, pero eso es otra historia.<\/font><\/p>\n<p><font color=#000099><\/font><\/p>\n<p><font color=#000099><\/p>\n<p><\/font><\/p>\n<p><img id=img_1 src=\"\/\/i44.tinypic.com\/2wrk9e0.jpg\"\/><\/p>\n<p><font color=#000099>Por lo tanto que no me esperen en la piscina, ni en La Granadilla ni en ninguna. El menda prefiere pasar calor en el sal\u00f3n de su casa (refresc\u00e1ndose con un LOCH LOMOND con hielo), sudar como un pollo, e incluso recorrer la Avenida de Europa de rodillas el 15 de Agosto a las cuatro de la tarde, antes que ba\u00f1arse en aguas infectadas de orines p\u00fablicos, pelos de dudosa procedencia y toda clase de flu\u00eddos corporales vengan de donde vengan. <\/p>\n<p>\u00bfSe han preguntado alguna vez por qu\u00e9 el agua de la piscina de los peque\u00f1os est\u00e1 tan calentita? <\/p>\n<p>Lo dicho, que no me esperen. Yo a\u00fan dir\u00eda m\u00e1s mi querido Hern\u00e1ndez: Que no me esperen, lo dicho.<br \/>\n<\/font><\/p>\n<!-- AddThis Advanced Settings generic via filter on the_content --><!-- AddThis Share Buttons generic via filter on the_content -->","protected":false},"excerpt":{"rendered":"<p>Por lo visto la piscina Municipal de La Granadilla permanecer\u00e1 hoy S\u00e1bado cerrada al p\u00fablico, tambi\u00e9n lo estuvo ayer viernes y lo estar\u00e1 ma\u00f1ana domingo. Un campeonato de nataci\u00f3n de verano tiene la culpa. En mi modesta opini\u00f3n, por mi podr\u00eda estar cerrada toda la vida. Y no s\u00f3lo la Municipal, sino cualquiera de ellas. [&hellip;]<!-- AddThis Advanced Settings generic via filter on get_the_excerpt --><!-- AddThis Share Buttons generic via filter on get_the_excerpt --><\/p>\n","protected":false},"author":14,"featured_media":0,"comment_status":"open","ping_status":"closed","sticky":false,"template":"","format":"standard","meta":[],"categories":[7],"tags":[366,3815,4065,4796],"_links":{"self":[{"href":"https:\/\/blogs.hoy.es\/loch-lomond\/wp-json\/wp\/v2\/posts\/46"}],"collection":[{"href":"https:\/\/blogs.hoy.es\/loch-lomond\/wp-json\/wp\/v2\/posts"}],"about":[{"href":"https:\/\/blogs.hoy.es\/loch-lomond\/wp-json\/wp\/v2\/types\/post"}],"author":[{"embeddable":true,"href":"https:\/\/blogs.hoy.es\/loch-lomond\/wp-json\/wp\/v2\/users\/14"}],"replies":[{"embeddable":true,"href":"https:\/\/blogs.hoy.es\/loch-lomond\/wp-json\/wp\/v2\/comments?post=46"}],"version-history":[{"count":0,"href":"https:\/\/blogs.hoy.es\/loch-lomond\/wp-json\/wp\/v2\/posts\/46\/revisions"}],"wp:attachment":[{"href":"https:\/\/blogs.hoy.es\/loch-lomond\/wp-json\/wp\/v2\/media?parent=46"}],"wp:term":[{"taxonomy":"category","embeddable":true,"href":"https:\/\/blogs.hoy.es\/loch-lomond\/wp-json\/wp\/v2\/categories?post=46"},{"taxonomy":"post_tag","embeddable":true,"href":"https:\/\/blogs.hoy.es\/loch-lomond\/wp-json\/wp\/v2\/tags?post=46"}],"curies":[{"name":"wp","href":"https:\/\/api.w.org\/{rel}","templated":true}]}}