{"id":484,"date":"2011-11-06T19:16:25","date_gmt":"2011-11-06T18:16:25","guid":{"rendered":"http:\/\/blogs.hoy.es\/loch-lomond\/?p=484"},"modified":"2011-11-06T19:16:25","modified_gmt":"2011-11-06T18:16:25","slug":"mas-sala-que-las-pesetas","status":"publish","type":"post","link":"https:\/\/blogs.hoy.es\/loch-lomond\/2011\/11\/06\/mas-sala-que-las-pesetas\/","title":{"rendered":"M\u00e1s &#8220;sal\u00e1&#8221; que las pesetas"},"content":{"rendered":"<p>Enrique Falc\u00f3. Eur\u00f3fobo Sobrevenido<\/p>\n<p><a href=\"\/loch-lomond\/wp-content\/uploads\/sites\/10\/2011\/11\/Cien-Pesetas.jpg\"><img loading=\"lazy\" class=\"alignnone size-full wp-image-485\" title=\"Cien Pesetas\" src=\"\/loch-lomond\/wp-content\/uploads\/sites\/10\/2011\/11\/Cien-Pesetas.jpg\" alt=\"\" width=\"513\" height=\"291\" srcset=\"https:\/\/static-blogs.hoy.es\/wp-content\/uploads\/sites\/10\/2011\/11\/Cien-Pesetas.jpg 513w, https:\/\/static-blogs.hoy.es\/wp-content\/uploads\/sites\/10\/2011\/11\/Cien-Pesetas-300x170.jpg 300w\" sizes=\"(max-width: 513px) 100vw, 513px\" \/><\/a><\/p>\n<p><span style=\"color: #000080;\">La que est\u00e1 cayendo se\u00f1ores, y no me refiero precisamente al temporal que los \u00faltimos d\u00edas asola por estas tierras, ni a la insoportable tasa de paro que hunde un poco m\u00e1s nuestro pa\u00eds, que esa es otra, ni siquiera a la Campa\u00f1a Pol\u00edtica que se nos presenta m\u00e1s aburrida e insoportable que nunca. La situaci\u00f3n que se est\u00e1 viviendo en Grecia es alarmante, \u201cYo a\u00fan dir\u00eda m\u00e1s mi querido Hern\u00e1ndez, es incluso alarmante\u201d, y pone en serio aprieto todo el tinglado europeo que tanto esfuerzo ha costado construir. Incluso el Euro, la moneda que lleg\u00f3 a nuestras vidas, para encarec\u00e9rnosla principalmente, se encuentra en una delicada situaci\u00f3n. Todo por culpa de la situaci\u00f3n financiera en Grecia. \u00bfQui\u00e9n se lo iba a decir a la Comisi\u00f3n Europea cuando se inspiraron en la letra \u00e9psilon del alfabeto griego para desarrollar el s\u00edmbolo del euro? Que quieren que les diga oiga \u00a1C\u00f3mo nos enga\u00f1aron con el euro! Han le\u00eddo bien s\u00ed, nos enga\u00f1aron, o mejor dicho, como entre todos nos dedicamos a enga\u00f1arnos en su d\u00eda. Quien suscribe, que no es precisamente una lumbrera pero tampoco es tonto, siempre mir\u00f3 con buenos ojos la entrada del euro. Las ventajas para el pa\u00eds y el futuro de la Uni\u00f3n Europea se supon\u00edan incuestionables, y era algo consciente de que quiz\u00e1s, de una manera u otra se encarecer\u00eda algo el nivel de vida, en especial por aquello de la estupidez del redondeo. Pero nunca imagin\u00e9 que acci\u00f3n tan redonda tornara a convertirse en una tomadura de pelo del tama\u00f1o de un tri\u00e1ngulo rect\u00e1ngulo. Tanto lata que dieron con \u201cLos Garc\u00eda\u201d, las animaciones de aquella simp\u00e1tica familia que se pirraba por los euros, y que nos mostraba lo positivo de la nueva moneda y de que no hab\u00eda que temer al cambio que supon\u00eda el paso de la peseta al euro. Los cap\u00edtulos fueron emitidos \u00a0hasta la saciedad, pero por lo visto no sirvi\u00f3 para nada o casi nada. \u201c\u00a1Qu\u00e9 algunos se creen que 50 euros son 5.000 pesetas!\u201d \u2013 Gritaba el tendero de la verduler\u00eda donde compraban \u201cLos Garc\u00eda\u201d, presumiendo de que sus precios eran los mismo en pesetas que en euros. Y realmente as\u00ed fue durante un tiempo, en el que los euros a\u00fan no se encontraban aun en circulaci\u00f3n pero los productos mostraban los precios en ambas monedas. A\u00fan conservo el ejemplar de \u201cLos Simpson \u00a1Por Siempre!\u201d, ya saben lo mucho que adoro las creaciones amarillas del gran Matt Groening, pues bien, su precio marca 1.500 Ptas. \/ 9,01 \u20ac. Es decir, exactamente el equivalente al cambio. \u00bfC\u00f3mo es posible que apenas tres meses despu\u00e9s al entrar en circulaci\u00f3n los malditos euros el mismo libro estuviera marcado a 15 euros? 15 euros son 2500 pesetas, o sea mil pelas m\u00e1s de lo que costaba cuando los euros a\u00fan no hab\u00edan aparecido f\u00edsicamente en nuestras (hasta entonces) tranquilas y moderadas vidas. A m\u00ed menda pas\u00f3 de costarle un chato de vino en mi bar habitual (hasta la fecha porque ya no volv\u00ed) de 125 ptas. a 1,20 \u20ac. \u00a1Una subida de m\u00e1s del 50%! La desfachatez m\u00e1s manifiesta se encontraba por ejemplo en aquellas m\u00e1quinas de caf\u00e9 donde los empresarios ya ni se molestaban en disimular y hab\u00edan sustituido de mala manera el s\u00edmbolo ptas. por una c. Por lo que un caf\u00e9 pasaba a costar de 50 pesetas a 83. Como dir\u00eda mi abuela \u00a1Que poca verg\u00fcenza!<\/span><\/p>\n<p><span style=\"color: #000080;\"><a href=\"\/loch-lomond\/wp-content\/uploads\/sites\/10\/2011\/11\/euro-roto.jpg\"><img loading=\"lazy\" class=\"alignnone size-full wp-image-486\" title=\"euro-roto\" src=\"\/loch-lomond\/wp-content\/uploads\/sites\/10\/2011\/11\/euro-roto.jpg\" alt=\"\" width=\"225\" height=\"250\" \/><\/a><\/span><\/p>\n<p><span style=\"color: #000080;\">Recuerdo no sin cierta nostalgia, c\u00f3mo a los 18 a\u00f1os, quien suscribe no ten\u00eda narices (a pesar de intentarlo) de gastarse 5.000 pesetas en una noche de farra, invitaci\u00f3n a mi novia al restaurante italiano incluidas. All\u00ed tampoco eran mancos, la deliciosa \u201cCuatro Quesos\u201d pas\u00f3 directamente de 700 pelas a 7 euros. As\u00ed, sin anestesia y sin nada. Pocos meses despu\u00e9s 50 euros, o sea m\u00e1s de 8.000 pesetas, se desvanec\u00edan en pocas horas como polvo en la lluvia. Todo esto no hubiera ocurrido jam\u00e1s si se hubiera mantenido la peseta. Si en un bar me cobraran 1.200 pesetas por un LOCH LOMOND o 300 pesetas por una copa de vino quien suscribe montar\u00eda un cirio tan grande que hasta tendr\u00edan que acudir los bomberos. El pasado viernes, al asistir al estreno de<a title=\"El Secreto del Unicornio\" href=\"https:\/\/blogs.hoy.es\/loch-lomond\/2011\/10\/30\/el-secreto-del-unicornio\/\" target=\"_blank\"> la pel\u00edcula de Tint\u00edn<\/a>, le habr\u00eda tirado a la cara las entradas a la taquillera, quien pretend\u00eda cobrarme 3.000 pesetas por dos entradas. Yo no s\u00e9 si somos tontos o nos hemos vuelto tontos por culpa del euro. Perm\u00edtanme que comparta con ustedes una an\u00e9cdota que lejos de pretender ridiculizar a nadie se me antoja graciosa. Primeros d\u00edas de Enero de 2002, pocas jornadas despu\u00e9s del comienzo de la circulaci\u00f3n del euro. Cuando me dispon\u00eda a comprar el pan en la tienda del al lado de casa de mi abuela me encontr\u00e9 con un barullo montado entre la dependienta y un se\u00f1or mayor que manten\u00edan una acalorada como absurda discusi\u00f3n. La dependienta se negaba a que el se\u00f1or cliente le pagara con un euro portugu\u00e9s, pues consideraba que eso all\u00ed, en Espa\u00f1a no ten\u00eda ning\u00fan valor. No pude callarme. \u2013 \u00a1Se\u00f1ora, me parece a mi que usted no se ha enterado muy bien en que consiste esto del euro! Esto pasa por devorar tanto coraz\u00f3n en lugar de leer los peri\u00f3dicos y ver \u201cLos Garc\u00eda\u201d. Yo creo que en el fondo ninguno nos hemos enterado de en qu\u00e9 consiste esto del euro, porque seguimos dej\u00e1ndonos enga\u00f1ar como imb\u00e9ciles pagando cifras astron\u00f3micas que jam\u00e1s hubi\u00e9ramos consentido con las pesetas. Por lo tanto si alg\u00fan d\u00eda llega la desaparici\u00f3n del euro, algo que por lo visto no es tan imposible como se pensaba, que vuelva la peseta y todos tan contentos. \u00a1Mi querida pela, rubia, libra, cala, chucha, leandra, chufa o como quieran llamarte! \u00a1Si alg\u00fan d\u00eda vuelves a estar entre nosotros te recibiremos con los brazos abiertos, en especial tu pesetero amigo, porque si hay algo cierto y que me lleven los demonios si miento, es que eres m\u00e1s \u201csal\u00e1\u201d que las pesetas!<\/span><\/p>\n<p>Publicado en Diario HOY el 06\/11\/2011<\/p>\n<p><span style=\"color: #000080;\"><a href=\"http:\/\/www.kioskoymas.com\/epaper\/showlink.aspx?bookmarkid=5X9JZX0FLOR4&#038;preview=magnifier&#038;linkid=8dc9d071-48b7-446b-8b16-0a961d5f15de&#038;pdaffid=1NEHCXDv4QZRFanP7KJR9A%3d%3d\"><img src=\"\/\/cache2-thumb1.pressdisplay.com\/pressdisplay\/docserver\/getimage.aspx?file=22012011110600000000001001&#038;page=30&#038;scale=23\" alt=\"\" \/><\/a><\/span><\/p>\n<!-- AddThis Advanced Settings generic via filter on the_content --><!-- AddThis Share Buttons generic via filter on the_content -->","protected":false},"excerpt":{"rendered":"<p>Enrique Falc\u00f3. Eur\u00f3fobo Sobrevenido La que est\u00e1 cayendo se\u00f1ores, y no me refiero precisamente al temporal que los \u00faltimos d\u00edas asola por estas tierras, ni a la insoportable tasa de paro que hunde un poco m\u00e1s nuestro pa\u00eds, que esa es otra, ni siquiera a la Campa\u00f1a Pol\u00edtica que se nos presenta m\u00e1s aburrida e [&hellip;]<!-- AddThis Advanced Settings generic via filter on get_the_excerpt --><!-- AddThis Share Buttons generic via filter on get_the_excerpt --><\/p>\n","protected":false},"author":14,"featured_media":0,"comment_status":"open","ping_status":"closed","sticky":false,"template":"","format":"standard","meta":[],"categories":[8],"tags":[705,967,968,1439,1515,1806,1947,1952,2331,2988,3044,3103,3149,3533,3797,3966,4032,4529,4550,5084,5140],"_links":{"self":[{"href":"https:\/\/blogs.hoy.es\/loch-lomond\/wp-json\/wp\/v2\/posts\/484"}],"collection":[{"href":"https:\/\/blogs.hoy.es\/loch-lomond\/wp-json\/wp\/v2\/posts"}],"about":[{"href":"https:\/\/blogs.hoy.es\/loch-lomond\/wp-json\/wp\/v2\/types\/post"}],"author":[{"embeddable":true,"href":"https:\/\/blogs.hoy.es\/loch-lomond\/wp-json\/wp\/v2\/users\/14"}],"replies":[{"embeddable":true,"href":"https:\/\/blogs.hoy.es\/loch-lomond\/wp-json\/wp\/v2\/comments?post=484"}],"version-history":[{"count":0,"href":"https:\/\/blogs.hoy.es\/loch-lomond\/wp-json\/wp\/v2\/posts\/484\/revisions"}],"wp:attachment":[{"href":"https:\/\/blogs.hoy.es\/loch-lomond\/wp-json\/wp\/v2\/media?parent=484"}],"wp:term":[{"taxonomy":"category","embeddable":true,"href":"https:\/\/blogs.hoy.es\/loch-lomond\/wp-json\/wp\/v2\/categories?post=484"},{"taxonomy":"post_tag","embeddable":true,"href":"https:\/\/blogs.hoy.es\/loch-lomond\/wp-json\/wp\/v2\/tags?post=484"}],"curies":[{"name":"wp","href":"https:\/\/api.w.org\/{rel}","templated":true}]}}