{"id":49,"date":"2010-07-13T00:01:00","date_gmt":"2010-07-13T00:01:00","guid":{"rendered":"http:\/\/blogs.hoy.es\/loch-lomond\/?p=48"},"modified":"2010-07-13T00:01:00","modified_gmt":"2010-07-13T00:01:00","slug":"me-he-hecho-facebook","status":"publish","type":"post","link":"https:\/\/blogs.hoy.es\/loch-lomond\/2010\/07\/13\/me-he-hecho-facebook\/","title":{"rendered":"ME HE HECHO UN FACEBOOK"},"content":{"rendered":"<p class=\"MsoNormal\" style=\"margin: 0cm 0cm 0pt; text-align: justify;\"><span style=\"font-size: 10pt; color: navy; font-family: Verdana;\"><img id=\"img_1\" src=\"\/\/facebook.tapiporla.com\/facebook_logo.jpg\" alt=\"\" \/><\/span><\/p>\n<p class=\"MsoNormal\" style=\"margin: 0cm 0cm 0pt; text-align: justify;\">\u00a0<\/p>\n<p class=\"MsoNormal\" style=\"margin: 0cm 0cm 0pt; text-align: justify;\">\u00a0<\/p>\n<p class=\"MsoNormal\" style=\"margin: 0cm 0cm 0pt; text-align: justify;\"><span style=\"font-size: 10pt; color: navy; font-family: Verdana;\">Lo reconozco. Me he abierto una cuenta de Facebook. S\u00ed, yo, el menda, quien suscribe, un servidor, ya ven, el mismo que ha afirmado p\u00fablicamente en innumerables ocasiones que jam\u00e1s se rebajar\u00eda a hacerse una cuenta en las llamadas redes sociales jur\u00e1ndolo por el mismo Cetro de Ottokar si fuera preciso. Bien es cierto que el motivo que me ha llevado a cometer tal felon\u00eda ha sido ni m\u00e1s ni menos que la intenci\u00f3n de darle la m\u00e1xima cobertura a \u00e9ste, mi blog: Enrique Falc\u00f3; Don de LOCH LOMOND. Por lo tanto ya saben, mi direcci\u00f3n es <a href=\"mailto:blogdeenriquefalco@hotmail.com\"><span style=\"color: navy;\">blogdeenriquefalco@hotmail.com<\/span><\/a> por lo que ya est\u00e1n tardando en agregarme como amigo a su Facebook. No se preocupen que no les bombardear\u00e9 con mensajes ni estupideces, pues me limito a a\u00f1adir en mi muro mis entradas diarias y art\u00edculos dominicales.<\/span><\/p>\n<p class=\"MsoNormal\" style=\"margin: 0cm 0cm 0pt; text-align: justify;\">\u00a0<\/p>\n<p class=\"MsoNormal\" style=\"margin: 0cm 0cm 0pt; text-align: justify;\"><span style=\"font-size: 10pt; color: navy; font-family: Verdana;\">Pese a mis reservas de siempre frente al Facebook, he de admitir que me est\u00e1 resultando tremendamente pr\u00e1ctico en este sentido. Pero tambi\u00e9n es cierto que gracias a esta cuenta he vuelto a recuperar el contacto con muchos amigos a los que no ve\u00eda hace siglos, y he tenido reencuentros muy gratos. Tambi\u00e9n me est\u00e1 sirviendo para estar m\u00e1s al corriente de la vida de amigos y familiares, por lo que puedo afirmar, que a\u00fan a riesgo de que piensen que soy un c\u00ednico, la apertura de dicha cuenta, como mi inesperada facilidad para desenvolverme por ella, pueden considerarse un \u00e9xito inesperado.<\/span><\/p>\n<p class=\"MsoNormal\" style=\"margin: 0cm 0cm 0pt; text-align: justify;\">\u00a0<\/p>\n<p class=\"MsoNormal\" style=\"margin: 0cm 0cm 0pt; text-align: justify;\"><span style=\"font-size: 10pt; color: navy; font-family: Verdana;\">A estas alturas no me veo en disposici\u00f3n de enga\u00f1arles. Est\u00e1 claro que aunque no a la altura de Paul McCartney, es cierto que s\u00ed que peco de algo de vanidad. No exactamente vanidad, ya me entienden, es m\u00e1s bien que me pirro porque lean mis art\u00edculos, y los comenten, y me den sus opiniones, buenas o malas, y Facebook me hace llegar a m\u00e1s de ustedes cada d\u00eda.<\/span><\/p>\n<p class=\"MsoNormal\" style=\"margin: 0cm 0cm 0pt; text-align: justify;\">\u00a0<\/p>\n<p class=\"MsoNormal\" style=\"margin: 0cm 0cm 0pt; text-align: justify;\"><span style=\"font-size: 10pt; color: navy; font-family: Verdana;\">A los morbosos advierto que no encontrar\u00e1n fotos personales ni datos de importancia, s\u00f3lo las entradas de mis art\u00edculos del Blog y de mi Tribuna de los Domingos en Diario HOY. <\/span><\/p>\n<p>&nbsp;<\/p>\n<p>&nbsp;<\/p>\n<p class=\"MsoNormal\" style=\"margin: 0cm 0cm 0pt; text-align: justify;\">\u00a0<\/p>\n<p class=\"MsoNormal\" style=\"margin: 0cm 0cm 0pt; text-align: justify;\"><img id=\"img_3\" src=\"\/\/www.softraminformatica.com\/imagenes\/homer_computer.gif\" alt=\"\" \/><\/p>\n<p class=\"MsoNormal\" style=\"margin: 0cm 0cm 0pt; text-align: justify;\">\u00a0<\/p>\n<p>&nbsp;<\/p>\n<p class=\"MsoNormal\" style=\"margin: 0cm 0cm 0pt; text-align: justify;\">\u00a0<\/p>\n<p class=\"MsoNormal\" style=\"margin: 0cm 0cm 0pt; text-align: justify;\"><span style=\"font-size: 10pt; color: navy; font-family: Verdana;\">Por lo tanto amigos, desde estas l\u00edneas quiero animarles a usar las redes sociales en todo su provecho, haciendo buen y correcto uso de ellas, para cosas importantes y pr\u00e1cticas, y no para las t\u00edpicas tonter\u00edas de ni\u00f1atos y adolescentes que s\u00f3lo las usan para ver fotos de los dem\u00e1s borrachos o en pelotas.<\/span><\/p>\n<p class=\"MsoNormal\" style=\"margin: 0cm 0cm 0pt; text-align: justify;\">\u00a0<\/p>\n<p class=\"MsoNormal\" style=\"margin: 0cm 0cm 0pt; text-align: justify;\"><span style=\"font-size: 10pt; color: navy; font-family: Verdana;\">Estimado Facebook, me has convencido. Te concedo el beneficio de la duda. No obstante si la cosa se desmadra echaremos el cerrojo por si acaso, pero de momento bien, sigue as\u00ed, procurando que cada d\u00eda, m\u00e1s lectores hagan un alto en su jornada para tomarse con su seguro servidor una copita del mejor LOCH LOMOND. Y por cierto hoy a mi salud, y a la de todos los Enriques que hoy es nuestro santo (felicidades pap\u00e1). \u00bfPuede existir nombre masculino m\u00e1s bonito? Lo pondr\u00e9 en el Facebook, a ver si as\u00ed me felicitan.<\/span><\/p>\n<!-- AddThis Advanced Settings generic via filter on the_content --><!-- AddThis Share Buttons generic via filter on the_content -->","protected":false},"excerpt":{"rendered":"<p>\u00a0 \u00a0 Lo reconozco. Me he abierto una cuenta de Facebook. S\u00ed, yo, el menda, quien suscribe, un servidor, ya ven, el mismo que ha afirmado p\u00fablicamente en innumerables ocasiones que jam\u00e1s se rebajar\u00eda a hacerse una cuenta en las llamadas redes sociales jur\u00e1ndolo por el mismo Cetro de Ottokar si fuera preciso. Bien es [&hellip;]<!-- AddThis Advanced Settings generic via filter on get_the_excerpt --><!-- AddThis Share Buttons generic via filter on get_the_excerpt --><\/p>\n","protected":false},"author":14,"featured_media":0,"comment_status":"open","ping_status":"closed","sticky":false,"template":"","format":"standard","meta":[],"categories":[2],"tags":[352,578,1439,1515,1806,1822,1996,3103,5084],"_links":{"self":[{"href":"https:\/\/blogs.hoy.es\/loch-lomond\/wp-json\/wp\/v2\/posts\/49"}],"collection":[{"href":"https:\/\/blogs.hoy.es\/loch-lomond\/wp-json\/wp\/v2\/posts"}],"about":[{"href":"https:\/\/blogs.hoy.es\/loch-lomond\/wp-json\/wp\/v2\/types\/post"}],"author":[{"embeddable":true,"href":"https:\/\/blogs.hoy.es\/loch-lomond\/wp-json\/wp\/v2\/users\/14"}],"replies":[{"embeddable":true,"href":"https:\/\/blogs.hoy.es\/loch-lomond\/wp-json\/wp\/v2\/comments?post=49"}],"version-history":[{"count":0,"href":"https:\/\/blogs.hoy.es\/loch-lomond\/wp-json\/wp\/v2\/posts\/49\/revisions"}],"wp:attachment":[{"href":"https:\/\/blogs.hoy.es\/loch-lomond\/wp-json\/wp\/v2\/media?parent=49"}],"wp:term":[{"taxonomy":"category","embeddable":true,"href":"https:\/\/blogs.hoy.es\/loch-lomond\/wp-json\/wp\/v2\/categories?post=49"},{"taxonomy":"post_tag","embeddable":true,"href":"https:\/\/blogs.hoy.es\/loch-lomond\/wp-json\/wp\/v2\/tags?post=49"}],"curies":[{"name":"wp","href":"https:\/\/api.w.org\/{rel}","templated":true}]}}