{"id":491,"date":"2011-11-09T01:28:29","date_gmt":"2011-11-09T00:28:29","guid":{"rendered":"http:\/\/blogs.hoy.es\/loch-lomond\/?p=491"},"modified":"2011-11-09T01:28:29","modified_gmt":"2011-11-09T00:28:29","slug":"la-biblio","status":"publish","type":"post","link":"https:\/\/blogs.hoy.es\/loch-lomond\/2011\/11\/09\/la-biblio\/","title":{"rendered":"La &#8220;biblio&#8221;"},"content":{"rendered":"<div id=\"attachment_493\" style=\"width: 310px\" class=\"wp-caption alignnone\"><a href=\"\/loch-lomond\/wp-content\/uploads\/sites\/10\/2011\/11\/Biblioteca-Bartolom\u00e9-Gallardo-Badajoz.jpg\"><img aria-describedby=\"caption-attachment-493\" loading=\"lazy\" class=\"size-full wp-image-493\" title=\"Biblioteca Bartolom\u00e9 J. Gallardo Badajoz\" src=\"\/loch-lomond\/wp-content\/uploads\/sites\/10\/2011\/11\/Biblioteca-Bartolom\u00e9-Gallardo-Badajoz.jpg\" alt=\"Biblioteca Bartolom\u00e9 J. Gallardo Badajoz\" width=\"300\" height=\"226\" \/><\/a><p id=\"caption-attachment-493\" class=\"wp-caption-text\">Biblioteca Bartolom\u00e9 J. Gallardo Badajoz<\/p><\/div>\n<p>&nbsp;<\/p>\n<p><span style=\"color: #000080;\">Ustedes ya saben de mi predilecci\u00f3n por la<a title=\"Bien por la Biblioteca P\u00fablica de Badajoz\" href=\"https:\/\/blogs.hoy.es\/loch-lomond\/2010\/07\/15\/bien-la-biblioteca-publica-badajoz\/\" target=\"_blank\"> Biblioteca P\u00fablica de Badajoz Bartolom\u00e9 J. Gallardo<\/a>, me encargu\u00e9 de que tuvieran buena cuenta de ello dedic\u00e1ndole uno de mis primeros post en \u00e9ste, su blog, cada d\u00eda el de m\u00e1s gente (Este momento ha sido patrocinado por Ing Direct).<\/span><\/p>\n<p><span style=\"color: #000080;\">Ayer pudimos leer en Diario HOY que es m\u00e1s que inminente <a href=\"http:\/\/www.hoy.es\/20111107\/local\/badajoz\/biblioteca-publica-estado-prepara-201111071333.html\" target=\"_blank\">el traslado a la nueva sede<\/a>, donde los ciudadanos podremos disfrutar de las excelentes ventajas con las que contar\u00e1 el nuevo edificio situado en la barriada de La Paz, junto a la Torre de Caja Badajoz.<\/span><\/p>\n<p>&nbsp;<\/p>\n<div id=\"attachment_494\" style=\"width: 871px\" class=\"wp-caption alignnone\"><a href=\"\/loch-lomond\/wp-content\/uploads\/sites\/10\/2011\/11\/Nueva-Biblioteca-Badajoz.jpg\"><img aria-describedby=\"caption-attachment-494\" loading=\"lazy\" class=\"size-full wp-image-494\" title=\"Nueva Biblioteca de Badajoz\" src=\"\/loch-lomond\/wp-content\/uploads\/sites\/10\/2011\/11\/Nueva-Biblioteca-Badajoz.jpg\" alt=\"Nueva Biblioteca de Badajoz (FOTO: PAKOP\u00cd)\" width=\"861\" height=\"570\" srcset=\"https:\/\/static-blogs.hoy.es\/wp-content\/uploads\/sites\/10\/2011\/11\/Nueva-Biblioteca-Badajoz.jpg 861w, https:\/\/static-blogs.hoy.es\/wp-content\/uploads\/sites\/10\/2011\/11\/Nueva-Biblioteca-Badajoz-300x199.jpg 300w, https:\/\/static-blogs.hoy.es\/wp-content\/uploads\/sites\/10\/2011\/11\/Nueva-Biblioteca-Badajoz-768x508.jpg 768w\" sizes=\"(max-width: 861px) 100vw, 861px\" \/><\/a><p id=\"caption-attachment-494\" class=\"wp-caption-text\">Nueva Biblioteca de Badajoz (FOTO: PAKOP\u00cd)<\/p><\/div>\n<p>&nbsp;<\/p>\n<p><span style=\"color: #000080;\">El centro de nuestra ciudad se va quedando peque\u00f1o para seg\u00fan qu\u00e9 cosas y es un paso natural ubicar centros de inter\u00e9s, como la Biblioteca P\u00fablica, en zonas que gocen de m\u00e1s espacios para levantar los nuevos edificios que necesariamente han de ser bastante m\u00e1s grandes que aquellos que se construyeron hace tantos a\u00f1os.<\/span><\/p>\n<p><span style=\"color: #000080;\">En Badajoz, la Biblioteca Bartolom\u00e9 J. Gallardo, puede decirse que ha cumplido su funci\u00f3n con creces, aunque si bien es cierto tard\u00f3 algo m\u00e1s de lo normal (como desgraciadamente ocurre siempre en estas tierras) en adaptarse a los tiempos modernos. \u00c9stos, los tiempos, cambian como caprichosos que son, al igual que las necesidades de los ciudadanos. En mi ni\u00f1ez, la Biblioteca, para nosotros la \u201cbiblio\u201d, era un lugar imprescindible para la realizaci\u00f3n de trabajos exigidos en el colegio y el instituto, y era esa, y la de facilitarnos la lectura de libros, su \u00fanica funci\u00f3n.<\/span><\/p>\n<p>&nbsp;<\/p>\n<div id=\"attachment_495\" style=\"width: 522px\" class=\"wp-caption alignnone\"><a href=\"\/loch-lomond\/wp-content\/uploads\/sites\/10\/2011\/11\/Lisa_Tintin.jpg\"><img aria-describedby=\"caption-attachment-495\" loading=\"lazy\" class=\"size-full wp-image-495\" title=\"Lisa_Tintin\" src=\"\/loch-lomond\/wp-content\/uploads\/sites\/10\/2011\/11\/Lisa_Tintin.jpg\" alt=\"Lisa adquiriendo un c\u00f3mic de Tint\u00edn en la Biblioteca. Tenemos gustos parecidos\" width=\"512\" height=\"384\" srcset=\"https:\/\/static-blogs.hoy.es\/wp-content\/uploads\/sites\/10\/2011\/11\/Lisa_Tintin.jpg 512w, https:\/\/static-blogs.hoy.es\/wp-content\/uploads\/sites\/10\/2011\/11\/Lisa_Tintin-300x225.jpg 300w\" sizes=\"(max-width: 512px) 100vw, 512px\" \/><\/a><p id=\"caption-attachment-495\" class=\"wp-caption-text\">Lisa adquiriendo un c\u00f3mic de Tint\u00edn en la Biblioteca. Tenemos gustos parecidos<\/p><\/div>\n<p>&nbsp;<\/p>\n<p><span style=\"color: #000080;\">Hoy en d\u00eda, con internet, quiz\u00e1s no sea necesario acudir a ella en busca de informaci\u00f3n, pero una biblioteca moderna que se precie hoy en d\u00eda ha dejado de ser santuario de libros para expandirse camino en el mundo audio visual, y as\u00ed las instalaciones de \u00e9sta cuentan con un buen n\u00famero de cds y dvds a la disposici\u00f3n de todos, as\u00ed como de ordenadores con conexi\u00f3n a Internet. Echar\u00e9 de menos a la vieja Bartolom\u00e9 J Gallardo, y a las innumerables e importantes horas de mi vida que pas\u00e9 en ella junto a <a title=\"Adolfo Portillo Campini\" href=\"https:\/\/blogs.hoy.es\/loch-lomond\/2011\/10\/21\/adolfo-portillo-campini\/\" target=\"_blank\">Adolfo Campini<\/a> y <a title=\"No solo Facebook\" href=\"https:\/\/blogs.hoy.es\/loch-lomond\/2011\/01\/26\/no-solo-facebook\/\" target=\"_blank\">\u00d3scar Palomo<\/a> y esos interminables trabajos con grandes cartulinas y rotuladores de brillantes colores. Tambi\u00e9n aquellos momentos de aburrimiento de verano que <a title=\"mi hermano peque\u00f1o\" href=\"https:\/\/blogs.hoy.es\/loch-lomond\/2010\/09\/04\/mi-hermano-pequeno\/\" target=\"_blank\">mi hermano peque\u00f1o<\/a> y yo mitig\u00e1bamos acerc\u00e1ndonos a ella dando un paseo para divertirnos con comics y libros infantiles. Adem\u00e1s de ahorrar un gran dinero en libros, esa biblioteca, la \u201cbiblio\u201d, ha sido una incesante fuente de placer y cultura que siempre tendr\u00e1 un hueco en mi coraz\u00f3n. <\/span><\/p>\n<p><span style=\"color: #000080;\"><a href=\"\/loch-lomond\/wp-content\/uploads\/sites\/10\/2011\/11\/Lisa-Biblioteca.jpg\"><img loading=\"lazy\" class=\"alignnone size-full wp-image-496\" title=\"Lisa Biblioteca\" src=\"\/loch-lomond\/wp-content\/uploads\/sites\/10\/2011\/11\/Lisa-Biblioteca.jpg\" alt=\"Lisa en la Biblioteca\" width=\"500\" height=\"259\" srcset=\"https:\/\/static-blogs.hoy.es\/wp-content\/uploads\/sites\/10\/2011\/11\/Lisa-Biblioteca.jpg 500w, https:\/\/static-blogs.hoy.es\/wp-content\/uploads\/sites\/10\/2011\/11\/Lisa-Biblioteca-300x155.jpg 300w\" sizes=\"(max-width: 500px) 100vw, 500px\" \/><\/a><\/span><\/p>\n<p><span style=\"color: #000080;\">Seguro que las nuevas instalaciones ser\u00e1n del gusto de todos los ciudadanos, pero mi menda no dejar\u00e1 de reflejar una mueca, entre sonrisa y tristeza, cuando pasee alg\u00fan d\u00eda por la Avenida de Europa de la mano de <a title=\"Mi hijo hoy.es Enrique Falc\u00f3\" href=\"http:\/\/www.hoy.es\/v\/20100808\/opinion\/vegas-altas-jerte-20100808.html\" target=\"_blank\">mi hijo<\/a> y le explique d\u00f3nde se encontraba aquel edificio que aprend\u00ed a amar y cuidar durante su infancia y adolescencia.<\/span><\/p>\n<!-- AddThis Advanced Settings generic via filter on the_content --><!-- AddThis Share Buttons generic via filter on the_content -->","protected":false},"excerpt":{"rendered":"<p>&nbsp; Ustedes ya saben de mi predilecci\u00f3n por la Biblioteca P\u00fablica de Badajoz Bartolom\u00e9 J. Gallardo, me encargu\u00e9 de que tuvieran buena cuenta de ello dedic\u00e1ndole uno de mis primeros post en \u00e9ste, su blog, cada d\u00eda el de m\u00e1s gente (Este momento ha sido patrocinado por Ing Direct). Ayer pudimos leer en Diario HOY [&hellip;]<!-- AddThis Advanced Settings generic via filter on get_the_excerpt --><!-- AddThis Share Buttons generic via filter on get_the_excerpt --><\/p>\n","protected":false},"author":14,"featured_media":0,"comment_status":"open","ping_status":"closed","sticky":false,"template":"","format":"standard","meta":[],"categories":[2],"tags":[131,136,411,491,499,544,545,546,548,881,893,1062,1089,1439,1515,1557,1571,1806,2196,2603,2629,2851,3058,3062,3103,3590,3670,3734,3826,4972,5045,5196],"_links":{"self":[{"href":"https:\/\/blogs.hoy.es\/loch-lomond\/wp-json\/wp\/v2\/posts\/491"}],"collection":[{"href":"https:\/\/blogs.hoy.es\/loch-lomond\/wp-json\/wp\/v2\/posts"}],"about":[{"href":"https:\/\/blogs.hoy.es\/loch-lomond\/wp-json\/wp\/v2\/types\/post"}],"author":[{"embeddable":true,"href":"https:\/\/blogs.hoy.es\/loch-lomond\/wp-json\/wp\/v2\/users\/14"}],"replies":[{"embeddable":true,"href":"https:\/\/blogs.hoy.es\/loch-lomond\/wp-json\/wp\/v2\/comments?post=491"}],"version-history":[{"count":0,"href":"https:\/\/blogs.hoy.es\/loch-lomond\/wp-json\/wp\/v2\/posts\/491\/revisions"}],"wp:attachment":[{"href":"https:\/\/blogs.hoy.es\/loch-lomond\/wp-json\/wp\/v2\/media?parent=491"}],"wp:term":[{"taxonomy":"category","embeddable":true,"href":"https:\/\/blogs.hoy.es\/loch-lomond\/wp-json\/wp\/v2\/categories?post=491"},{"taxonomy":"post_tag","embeddable":true,"href":"https:\/\/blogs.hoy.es\/loch-lomond\/wp-json\/wp\/v2\/tags?post=491"}],"curies":[{"name":"wp","href":"https:\/\/api.w.org\/{rel}","templated":true}]}}