{"id":50,"date":"2010-07-14T00:01:00","date_gmt":"2010-07-14T00:01:00","guid":{"rendered":"http:\/\/blogs.hoy.es\/loch-lomond\/?p=49"},"modified":"2010-07-14T00:01:00","modified_gmt":"2010-07-14T00:01:00","slug":"antonio-jose-armero","status":"publish","type":"post","link":"https:\/\/blogs.hoy.es\/loch-lomond\/2010\/07\/14\/antonio-jose-armero\/","title":{"rendered":"ANTONIO JOS\u00c9 ARMERO"},"content":{"rendered":"<p class=\"MsoNormal\" style=\"margin: 0cm 0cm 0pt; text-align: justify;\"><span style=\"font-size: 10pt; color: navy; font-family: Verdana; mso-bidi-font-family: Arial;\"><img id=\"img_0\" src=\"\/\/www.hoy.es\/noticias\/200710\/20\/Media\/armero.jpg\" alt=\"\" \/><\/span><\/p>\n<p class=\"MsoNormal\" style=\"margin: 0cm 0cm 0pt; text-align: justify;\">\u00a0El Periodista Antonio Jos\u00e9 Armero en la redacci\u00f3n de HOY<\/p>\n<p>&nbsp;<\/p>\n<p class=\"MsoNormal\" style=\"margin: 0cm 0cm 0pt; text-align: justify;\">\u00a0<\/p>\n<p class=\"MsoNormal\" style=\"margin: 0cm 0cm 0pt; text-align: justify;\"><span style=\"font-size: 10pt; color: navy; font-family: Verdana; mso-bidi-font-family: Arial;\">Les confesaba ayer p\u00fablicamente que me hab\u00eda dejado conquistar por las seductoras redes sociales y <a title=\"Me he hecho un Facebook\" href=\"https:\/\/blogs.hoy.es\/loch-lomond\/2010\/07\/13\/me-he-hecho-facebook\/\" target=\"_blank\">me hab\u00eda abierto una cuenta en Facebook<\/a>, con la excusa de promocionar \u00e9ste, mi blog. En \u00e9l les contaba que me estaba resultando incre\u00edblemente pr\u00e1ctico, y no s\u00f3lo para el blog, sino para mi vida personal. El S\u00e1bado sin ir m\u00e1s lejos contact\u00f3 conmigo mi amigo Antonio Jos\u00e9 Armero, Periodista de HOY, de la redacci\u00f3n de C\u00e1ceres. \u00a1Que sorpresa tan grata!<\/span><\/p>\n<p class=\"MsoNormal\" style=\"margin: 0cm 0cm 0pt; text-align: justify;\">\u00a0<\/p>\n<p class=\"MsoNormal\" style=\"margin: 0cm 0cm 0pt; text-align: justify;\"><span style=\"font-size: 10pt; color: navy; font-family: Verdana; mso-bidi-font-family: Arial;\">Har\u00e1 unos diez a\u00f1os, recib\u00ed la llamada de un periodista del diario HOY, estaba buscando grupos musicales locales para el suplemento \u201cEvasi\u00f3n\u201d que a todos los m\u00fasicos de la regi\u00f3n nos privaba. Cuando se identific\u00f3 como Antonio Armero le pregunt\u00e9 por \u00e9l a mi padre, Enrique Garc\u00eda Calder\u00f3n, Periodista de HOY. Mi padre me dijo que era un chico muy agradable, joven, que tendr\u00eda que tener m\u00e1s o menos mi edad (22 \u00f3 23 a\u00f1os) y sobre todo que era de lo mejorcito que hab\u00eda visto por el peri\u00f3dico \u00faltimamente. Sus \u00faltimas palabras fueron \u201ces un t\u00edo muy competente\u201d. Cuando contactamos en seguida hicimos buenas migas. Y fueron muchas las entrevistas y reportajes que nos dedic\u00f3 a los \u201cLeft Brothers\u201d. (Abajo de izquierda a derecha Enrique Falc\u00f3, <a title=\"\u00d3scar Vadillo\" href=\"https:\/\/blogs.hoy.es\/loch-lomond\/2011\/06\/10\/oscar-vadillo\/\" target=\"_blank\">\u00d3scar Vadillo<\/a> y <a title=\"Adolfo Portillo Campini\" href=\"https:\/\/blogs.hoy.es\/loch-lomond\/2011\/10\/21\/adolfo-portillo-campini\/\" target=\"_blank\">Adolfo Campini<\/a>. El tr\u00edo Pacense Left Brothers tras una actuaci\u00f3n en el Festival Womad del a\u00f1o 2003)<\/span><\/p>\n<p class=\"MsoNormal\" style=\"margin: 0cm 0cm 0pt; text-align: justify;\">\u00a0<\/p>\n<p class=\"MsoNormal\" style=\"margin: 0cm 0cm 0pt; text-align: justify;\">\u00a0<\/p>\n<p class=\"MsoNormal\" style=\"margin: 0cm 0cm 0pt; text-align: justify;\"><img src=\"\/loch-lomond\/wp-content\/uploads\/sites\/10\" alt=\"\" \/><\/p>\n<p class=\"MsoNormal\" style=\"margin: 0cm 0cm 0pt; text-align: justify;\">\u00a0Enrique Falc\u00f3, \u00f3scar Vadillo y Adolfo Campini. Left Brothers.<\/p>\n<p class=\"MsoNormal\" style=\"margin: 0cm 0cm 0pt; text-align: justify;\">\u00a0<\/p>\n<p class=\"MsoNormal\" style=\"margin: 0cm 0cm 0pt; text-align: justify;\">\u00a0<\/p>\n<p class=\"MsoNormal\" style=\"margin: 0cm 0cm 0pt; text-align: justify;\"><span style=\"font-size: 10pt; color: navy; font-family: Verdana; mso-bidi-font-family: Arial;\">Hace un par de a\u00f1os, tras uno de sus divertidos art\u00edculos semanales (no s\u00e9 si uno sobre un bonsay o recordando su currele en el carrefour cuando era estudiante) trat\u00e9 de contactar con \u00e9l pero me fue imposible, ya no estaba en Badajoz y era complicado (claro\u2026no estaba el Facebook) por lo que decid\u00ed expresar p\u00fablicamente lo que me agradaban sus art\u00edculos en una carta a HOY. En ella contaba que a pesar de no habernos visto muchas veces en nuestra vida, siempre lo he considerado un amigo, y es cierto. Les dejo el enlace por si quieren leerla:<\/span><\/p>\n<p class=\"MsoNormal\" style=\"margin: 0cm 0cm 0pt; text-align: justify;\">\u00a0<\/p>\n<p class=\"MsoNormal\" style=\"margin: 0cm 0cm 0pt; text-align: justify;\">\u00a0<\/p>\n<p class=\"MsoNormal\" style=\"margin: 0cm 0cm 0pt; text-align: justify;\"><span style=\"font-size: 10pt; color: navy; font-family: Verdana; mso-bidi-font-family: Arial;\"><a href=\"http:\/\/www.hoy.es\/20080418\/opinion\/amigo-armero-20080418.html\" rel=\"nofollow\"><span style=\"color: navy;\">http:\/\/www.hoy.es\/20080418\/opinion\/amigo-armero-20080418.html<\/span><\/a><\/span><\/p>\n<p>&nbsp;<\/p>\n<p>&nbsp;<\/p>\n<p class=\"MsoNormal\" style=\"margin: 0cm 0cm 0pt; text-align: justify;\">\u00a0<\/p>\n<p class=\"MsoNormal\" style=\"margin: 0cm 0cm 0pt; text-align: justify;\">\u00a0<\/p>\n<p class=\"MsoNormal\" style=\"margin: 0cm 0cm 0pt; text-align: justify;\"><span style=\"font-size: 10pt; color: navy; font-family: Verdana; mso-bidi-font-family: Arial;\">El caso es que el s\u00e1bado por la tarde, antes de ir al tajo me encontr\u00e9 un mensaje suyo en el Facebook que me hizo especial ilusi\u00f3n. Hemos vuelto a retomar el contacto y estoy seguro de que en el futuro tendremos ocasiones de seguir forjando nuestra amistad. Como les dec\u00eda ayer, las redes sociales pueden ser maravillosas si se utilizan bien. Desde estas l\u00edneas mi homenaje a mi amigo <a href=\"http:\/\/www.hoy.es\/20111021\/local\/badajoz\/leones-francisco-javier-perez-201110212321.html\" target=\"_blank\">Antonio Jos\u00e9 Armero,<\/a> que sin duda se convertir\u00e1 en una de las figuras claves del periodismo en nuestra regi\u00f3n. Su juventud y su competencia son hechos demostrables y contrastados, y el tiempo lo colocar\u00e1 en su sitio debidamente. Adem\u00e1s, no puedo dejar de reconocer que su manera de escribir, su cotidianidad, su humor y modo de tratar algunos temas han influ\u00eddo mucho a la hora de desarrollar mis art\u00edculos, aunque por supuesto \u00e9l domina la lengua de Cervantes mil veces mejor que yo.<\/span><\/p>\n<p class=\"MsoNormal\" style=\"margin: 0cm 0cm 0pt; text-align: justify;\">\u00a0<\/p>\n<p class=\"MsoNormal\" style=\"margin: 0cm 0cm 0pt; text-align: justify;\"><span style=\"font-size: 10pt; color: navy; font-family: Verdana; mso-bidi-font-family: Arial;\">\u201cAntonio, ve preparando el bolsillo porque de ca\u00f1as nada\u2026 cuando nos veamos pedir\u00e9 un LOCH LOMOND doble, y reserva por supuesto, y brindaremos por tus futuros \u00e9xitos, y ya lo sabes, por supuesto tu invitas\u201d<\/span><\/p>\n<!-- AddThis Advanced Settings generic via filter on the_content --><!-- AddThis Share Buttons generic via filter on the_content -->","protected":false},"excerpt":{"rendered":"<p>\u00a0El Periodista Antonio Jos\u00e9 Armero en la redacci\u00f3n de HOY &nbsp; \u00a0 Les confesaba ayer p\u00fablicamente que me hab\u00eda dejado conquistar por las seductoras redes sociales y me hab\u00eda abierto una cuenta en Facebook, con la excusa de promocionar \u00e9ste, mi blog. En \u00e9l les contaba que me estaba resultando incre\u00edblemente pr\u00e1ctico, y no s\u00f3lo [&hellip;]<!-- AddThis Advanced Settings generic via filter on get_the_excerpt --><!-- AddThis Share Buttons generic via filter on get_the_excerpt --><\/p>\n","protected":false},"author":14,"featured_media":0,"comment_status":"open","ping_status":"closed","sticky":false,"template":"","format":"standard","meta":[],"categories":[2],"tags":[292,299,1439,1515,1806,1959,1996,3103,4399,5325],"_links":{"self":[{"href":"https:\/\/blogs.hoy.es\/loch-lomond\/wp-json\/wp\/v2\/posts\/50"}],"collection":[{"href":"https:\/\/blogs.hoy.es\/loch-lomond\/wp-json\/wp\/v2\/posts"}],"about":[{"href":"https:\/\/blogs.hoy.es\/loch-lomond\/wp-json\/wp\/v2\/types\/post"}],"author":[{"embeddable":true,"href":"https:\/\/blogs.hoy.es\/loch-lomond\/wp-json\/wp\/v2\/users\/14"}],"replies":[{"embeddable":true,"href":"https:\/\/blogs.hoy.es\/loch-lomond\/wp-json\/wp\/v2\/comments?post=50"}],"version-history":[{"count":0,"href":"https:\/\/blogs.hoy.es\/loch-lomond\/wp-json\/wp\/v2\/posts\/50\/revisions"}],"wp:attachment":[{"href":"https:\/\/blogs.hoy.es\/loch-lomond\/wp-json\/wp\/v2\/media?parent=50"}],"wp:term":[{"taxonomy":"category","embeddable":true,"href":"https:\/\/blogs.hoy.es\/loch-lomond\/wp-json\/wp\/v2\/categories?post=50"},{"taxonomy":"post_tag","embeddable":true,"href":"https:\/\/blogs.hoy.es\/loch-lomond\/wp-json\/wp\/v2\/tags?post=50"}],"curies":[{"name":"wp","href":"https:\/\/api.w.org\/{rel}","templated":true}]}}