{"id":52,"date":"2010-07-16T00:01:00","date_gmt":"2010-07-16T00:01:00","guid":{"rendered":"http:\/\/blogs.hoy.es\/loch-lomond\/?p=51"},"modified":"2010-07-16T00:01:00","modified_gmt":"2010-07-16T00:01:00","slug":"we-are-the-champions","status":"publish","type":"post","link":"https:\/\/blogs.hoy.es\/loch-lomond\/2010\/07\/16\/we-are-the-champions\/","title":{"rendered":"WE ARE THE CHAMPIONS"},"content":{"rendered":"<p><img id=img_0 src=\"\/\/3.bp.blogspot.com\/_vdUetNLCPbY\/SQzhkun2ivI\/AAAAAAAABYY\/eSx1HfK7KUI\/s400\/We_are_the_champions.jpg\"\/><\/p>\n<p class=MsoNormal style=\"MARGIN: 0cm 0cm 0pt; TEXT-ALIGN: justify\"><span style=\"FONT-SIZE: 10pt; COLOR: navy; FONT-FAMILY: Verdana\">\u201cWe Are The Champion\u201d (Somos los campeones) es una canci\u00f3n que tras el triunfo de Espa\u00f1a en el mundial de F\u00fatbol ten\u00eda que aparecer este viernes irremediablemente. Recuerden, que los viernes, d\u00eda favorito de la semana de un servidor, <span style=\"mso-spacerun: yes\"><\/span>es d\u00eda de canciones en Don de LOCH LOMOND. Si canciones como \u201cFriday <span style=\"mso-spacerun: yes\"><\/span>I\u00b4m in Love\u201d de The Cure le suben a uno la moral y le inundan de buen rollo, he de decir que \u201cWe Are The Champions\u201d s\u00f3lo me transmite sensaciones positivas.< ?xml:namespace prefix = o ns = \"urn:schemas-microsoft-com:office:office\" \/><o:p><\/o:p><\/span><\/p>\n<p><span style=\"FONT-SIZE: 10pt; COLOR: navy; FONT-FAMILY: Verdana\"><o:p><\/o:p><\/span><\/p>\n<p class=MsoNormal style=\"MARGIN: 0cm 0cm 0pt; TEXT-ALIGN: justify\">\n<p class=MsoNormal style=\"MARGIN: 0cm 0cm 0pt; TEXT-ALIGN: justify\"><span style=\"FONT-SIZE: 10pt; COLOR: navy; FONT-FAMILY: Verdana\">Existen varias leyendas sobre este temazo del grupo QUEEN. Para algunos entendidos por cierto, el mejor grupo vocal de la historia. Yo no me atrever\u00eda a afirmarlo, pero desde luego categ\u00f3ricamente me atrevo a situarlo entre los m\u00e1s grandes, y no s\u00f3lo vocal. Uno a uno, sus miembros son unos instrumentistas fuera de serie, as\u00ed como compositores de lujo. El bajista John Deacon, aparte de ser un gran bajista (tambi\u00e9n aportaba guitarras y teclados) y componer temas de gran \u00e9xito como por ejemplo \u201c<\/span><span lang=ES style=\"FONT-SIZE: 10pt; COLOR: navy; FONT-FAMILY: Verdana; mso-ansi-language: ES\"><a title=\"Another One Bites the Dust\" href=\"http:\/\/es.wikipedia.org\/wiki\/Another_One_Bites_the_Dust\" rel=\"nofollow\"             rel=nofollow><span style=\"COLOR: navy\">Another One Bites the Dust<\/span><\/a>&#8221; o &#8220;<a title=\"I Want to Break Free\" href=\"http:\/\/es.wikipedia.org\/wiki\/I_Want_to_Break_Free\" rel=\"nofollow\"             rel=nofollow><span style=\"COLOR: navy\">I Want to Break Free<\/span><\/a>&#8221; no compart\u00eda sin embargo con el resto de componentes la capacidad de sumarse a las armon\u00edas vocales del grupo.<o:p><\/o:p><\/span><\/p>\n<p><span lang=ES style=\"FONT-SIZE: 10pt; COLOR: navy; FONT-FAMILY: Verdana; mso-ansi-language: ES\"><o:p><\/o:p><\/span><\/p>\n<p class=MsoNormal style=\"MARGIN: 0cm 0cm 0pt; TEXT-ALIGN: justify\">\n<p class=MsoNormal style=\"MARGIN: 0cm 0cm 0pt; TEXT-ALIGN: justify\">\n<p><img id=img_1 src=\"\/\/www.thesimpsons10.com.ar\/Noticias\/queen-convertidos-en-los-simpsons.jpg\"\/><\/p>\n<p class=MsoNormal style=\"MARGIN: 0cm 0cm 0pt; TEXT-ALIGN: justify\">\n<p class=MsoNormal style=\"MARGIN: 0cm 0cm 0pt; TEXT-ALIGN: justify\">\n<p class=MsoNormal style=\"MARGIN: 0cm 0cm 0pt; TEXT-ALIGN: justify\"><span lang=ES style=\"FONT-SIZE: 10pt; COLOR: navy; FONT-FAMILY: Verdana; mso-ansi-language: ES\">No obstante, la canci\u00f3n que nos ata\u00f1e hoy es obra de Freddie Mercury, compuesta en el a\u00f1o 1977. Se ha dicho de ella entre otras cosas que era un himno gay, o que quiz\u00e1s Mercury la compuso para el Manchester United. El caso es que tras usarse en diferentes pel\u00edculas con finales \u00e9picos, y sobre todo como punto final de algunas competiciones deportivas, hoy en d\u00eda es un tema que necesariamente va unido a cualquier \u00e9xito deportivo.<o:p><\/o:p><\/span><\/p>\n<p class=MsoNormal style=\"MARGIN: 0cm 0cm 0pt; TEXT-ALIGN: justify\">\n<p class=MsoNormal style=\"MARGIN: 0cm 0cm 0pt; TEXT-ALIGN: justify\">\n<p class=MsoNormal style=\"MARGIN: 0cm 0cm 0pt; TEXT-ALIGN: justify\">\n<p class=MsoNormal style=\"MARGIN: 0cm 0cm 0pt; TEXT-ALIGN: justify\"><img id=img_2 src=\"\/\/3.bp.blogspot.com\/_LLysZsLcBMY\/TDrjIbF9gjI\/AAAAAAAAAxc\/9QfUs07lS2o\/s400\/caompeoneeeesw.jpg\"\/><\/p>\n<p><span lang=ES style=\"FONT-SIZE: 10pt; COLOR: navy; FONT-FAMILY: Verdana; mso-ansi-language: ES\"><o:p><\/o:p><\/span><\/p>\n<p class=MsoNormal style=\"MARGIN: 0cm 0cm 0pt; TEXT-ALIGN: justify\">\n<p class=MsoNormal style=\"MARGIN: 0cm 0cm 0pt; TEXT-ALIGN: justify\">\n<p class=MsoNormal style=\"MARGIN: 0cm 0cm 0pt; TEXT-ALIGN: justify\">\n<p class=MsoNormal style=\"MARGIN: 0cm 0cm 0pt; TEXT-ALIGN: justify\">\n<p class=MsoNormal style=\"MARGIN: 0cm 0cm 0pt; TEXT-ALIGN: justify\"><span lang=ES style=\"FONT-SIZE: 10pt; COLOR: navy; FONT-FAMILY: Verdana; mso-ansi-language: ES\">Yo, ya les digo, le tengo mucho cari\u00f1o a esta canci\u00f3n. La he escuchado en las tres Champion League que he visto ganar a mi equipo, el Real Madrid, cuando la selecci\u00f3n espa\u00f1ola de Baloncesto gan\u00f3 el Mundial y el Europeo, y sobre todo en las dos \u00faltimas competiciones de < ?xml:namespace prefix = st1 ns = \"urn:schemas-microsoft-com:office:smarttags\" \/><st1:personname ProductID=\"la Selecci\u00f3n Espa\u00f1ola\" w:st=\"on\"><\/st1:personname><st1:personname ProductID=\"la Selecci\u00f3n\" w:st=\"on\">la Selecci\u00f3n<\/st1:personname> Espa\u00f1ola de F\u00fatbol, Eurocopa y Mundial. No se puede negar que es una canci\u00f3n genial y muy emocionante que no envejece con el paso de los a\u00f1os.<o:p><\/o:p><\/span><\/p>\n<p><span lang=ES style=\"FONT-SIZE: 10pt; COLOR: navy; FONT-FAMILY: Verdana; mso-ansi-language: ES\"><o:p><\/o:p><\/span><\/p>\n<p class=MsoNormal style=\"MARGIN: 0cm 0cm 0pt; TEXT-ALIGN: justify\">\n<p class=MsoNormal style=\"MARGIN: 0cm 0cm 0pt; TEXT-ALIGN: justify\"><span lang=ES style=\"FONT-SIZE: 10pt; COLOR: navy; FONT-FAMILY: Verdana; mso-ansi-language: ES\">Aqu\u00ed les dejo un enlace de youtube muy aceptable donde pueden apreciarla, y empezar a prend\u00e9rsela, porque tal y como est\u00e1 el deporte espa\u00f1ol, me da la sensaci\u00f3n de que esto, no es m\u00e1s que el principio.<\/span><span style=\"FONT-SIZE: 10pt; COLOR: navy; FONT-FAMILY: Verdana\"><o:p><\/o:p><\/span><\/p>\n<p class=MsoNormal style=\"MARGIN: 0cm 0cm 0pt; TEXT-ALIGN: justify\">\n<p><a href=\"http:\/\/www.youtube.com\/watch?v=04854XqcfCY\">http:\/\/www.youtube.com\/watch?v=04854XqcfCY<\/a><\/p>\n<p class=MsoNormal style=\"MARGIN: 0cm 0cm 0pt; TEXT-ALIGN: justify\">\n<p class=MsoNormal style=\"MARGIN: 0cm 0cm 0pt; TEXT-ALIGN: justify\">\n<!-- AddThis Advanced Settings generic via filter on the_content --><!-- AddThis Share Buttons generic via filter on the_content -->","protected":false},"excerpt":{"rendered":"<p>\u201cWe Are The Champion\u201d (Somos los campeones) es una canci\u00f3n que tras el triunfo de Espa\u00f1a en el mundial de F\u00fatbol ten\u00eda que aparecer este viernes irremediablemente. Recuerden, que los viernes, d\u00eda favorito de la semana de un servidor, es d\u00eda de canciones en Don de LOCH LOMOND. Si canciones como \u201cFriday I\u00b4m in Love\u201d [&hellip;]<!-- AddThis Advanced Settings generic via filter on get_the_excerpt --><!-- AddThis Share Buttons generic via filter on get_the_excerpt --><\/p>\n","protected":false},"author":14,"featured_media":0,"comment_status":"open","ping_status":"closed","sticky":false,"template":"","format":"standard","meta":[],"categories":[6],"tags":[455,2211,4311],"_links":{"self":[{"href":"https:\/\/blogs.hoy.es\/loch-lomond\/wp-json\/wp\/v2\/posts\/52"}],"collection":[{"href":"https:\/\/blogs.hoy.es\/loch-lomond\/wp-json\/wp\/v2\/posts"}],"about":[{"href":"https:\/\/blogs.hoy.es\/loch-lomond\/wp-json\/wp\/v2\/types\/post"}],"author":[{"embeddable":true,"href":"https:\/\/blogs.hoy.es\/loch-lomond\/wp-json\/wp\/v2\/users\/14"}],"replies":[{"embeddable":true,"href":"https:\/\/blogs.hoy.es\/loch-lomond\/wp-json\/wp\/v2\/comments?post=52"}],"version-history":[{"count":0,"href":"https:\/\/blogs.hoy.es\/loch-lomond\/wp-json\/wp\/v2\/posts\/52\/revisions"}],"wp:attachment":[{"href":"https:\/\/blogs.hoy.es\/loch-lomond\/wp-json\/wp\/v2\/media?parent=52"}],"wp:term":[{"taxonomy":"category","embeddable":true,"href":"https:\/\/blogs.hoy.es\/loch-lomond\/wp-json\/wp\/v2\/categories?post=52"},{"taxonomy":"post_tag","embeddable":true,"href":"https:\/\/blogs.hoy.es\/loch-lomond\/wp-json\/wp\/v2\/tags?post=52"}],"curies":[{"name":"wp","href":"https:\/\/api.w.org\/{rel}","templated":true}]}}