{"id":539,"date":"2011-11-23T22:29:49","date_gmt":"2011-11-23T21:29:49","guid":{"rendered":"http:\/\/blogs.hoy.es\/loch-lomond\/?p=539"},"modified":"2011-11-23T22:29:49","modified_gmt":"2011-11-23T21:29:49","slug":"pedro-wichard","status":"publish","type":"post","link":"https:\/\/blogs.hoy.es\/loch-lomond\/2011\/11\/23\/pedro-wichard\/","title":{"rendered":"Pedro Wichard"},"content":{"rendered":"<p>&nbsp;<\/p>\n<div id=\"attachment_541\" style=\"width: 730px\" class=\"wp-caption aligncenter\"><a href=\"\/loch-lomond\/wp-content\/uploads\/sites\/10\/2011\/11\/ppg.jpg\"><img aria-describedby=\"caption-attachment-541\" loading=\"lazy\" class=\"size-full wp-image-541\" title=\"ppg\" src=\"\/loch-lomond\/wp-content\/uploads\/sites\/10\/2011\/11\/ppg.jpg\" alt=\"Pedro P\u00e9rez G\u00f3mez (Pedro Wichard)\" width=\"720\" height=\"540\" srcset=\"https:\/\/static-blogs.hoy.es\/wp-content\/uploads\/sites\/10\/2011\/11\/ppg.jpg 720w, https:\/\/static-blogs.hoy.es\/wp-content\/uploads\/sites\/10\/2011\/11\/ppg-300x225.jpg 300w\" sizes=\"(max-width: 720px) 100vw, 720px\" \/><\/a><p id=\"caption-attachment-541\" class=\"wp-caption-text\">Pedro P\u00e9rez G\u00f3mez (Pedro Wichard)<\/p><\/div>\n<p><span style=\"font-size: medium; color: #000000;\">Ya saben que este espacio, <strong><a title=\"EL LOTO AZUL (Don de LOCH LOMOND)\" href=\"https:\/\/blogs.hoy.es\/loch-lomond\/category\/el-loto-azul-2\/\" target=\"_blank\"><span style=\"color: #000000;\">EL LOTO AZUL<\/span><\/a><\/strong>, naci\u00f3 con la idea de que ustedes, mis queridos y desocupados lectores, <strong>conocieran a gente que de una u otra manera considero importante y de las que creo que deben de saber un poco m\u00e1s para desenvolverse por los entresijos del mundo que me rodea<\/strong>.<\/span><\/p>\n<p>&nbsp;<\/p>\n<p><span style=\"font-size: medium; color: #000000;\">Bien es verdad que en principio estaba destinada a ser una secci\u00f3n que se producir\u00eda de higos a brevas, muy de vez en cuando, pero el inter\u00e9s que ha despertado entre ustedes y <strong>las excelentes colaboraciones<\/strong> que se me van amontonando propicia que torne casi a secci\u00f3n semanal.<\/span><\/p>\n<p><span style=\"font-size: medium; color: #000000;\">La persona que hoy nos ocupa apenas necesita presentaci\u00f3n alguna. <strong><a title=\"Blog de Pedro Wichard\" href=\"http:\/\/pedrowich.blogspot.com\/\" target=\"_blank\"><span style=\"color: #000000;\">Pedro Wichard<\/span><\/a><\/strong> es <strong>una de esas personas de Badajoz que pr\u00e1cticamente todos conocen y aprecian<\/strong>, dos caracter\u00edsticas de las que nuestros protagonista hace gala, cosa que no es nada f\u00e1cil, ya que por desgracia\u00a0no siempre dichas\u00a0definiciones suelen\u00a0 ir necesariamente cogidas\u00a0de la mano.<\/span><\/p>\n<div class=\"mceTemp\">\n<div id=\"attachment_543\" style=\"width: 182px\" class=\"wp-caption alignleft\"><a href=\"\/loch-lomond\/wp-content\/uploads\/sites\/10\/2011\/11\/Pedro-Wichard-Menudo-Cretino.jpg\"><img aria-describedby=\"caption-attachment-543\" loading=\"lazy\" class=\"size-full wp-image-543\" title=\"Pedro Wichard (Menudo Cretino)\" src=\"\/loch-lomond\/wp-content\/uploads\/sites\/10\/2011\/11\/Pedro-Wichard-Menudo-Cretino.jpg\" alt=\"Pedro Wichard (Menudo Cretino)\" width=\"172\" height=\"230\" \/><\/a><p id=\"caption-attachment-543\" class=\"wp-caption-text\">Pedro Wichard (Menudo Cretino)<\/p><\/div>\n<\/div>\n<p>&nbsp;<\/p>\n<p><span style=\"font-size: medium; color: #000000;\">Si no me falla mi prodigiosa memoria (ya saben que no suele hacerlo), creo que <strong>conoc\u00ed a Pedro en el 96, en uno de esos primeros conciertos en El Duende, ahora <a title=\"Callej\u00f3n de la Plazuela\" href=\"http:\/\/www.elcallejondelaplazuela.com\/\" target=\"_blank\"><span style=\"color: #000000;\">Callej\u00f3n de la Plazuela<\/span><\/a>, que se convertir\u00eda en cita de referencia obligada para todos los grupos de la ciudad<\/strong>. <\/span><\/p>\n<p>&nbsp;<\/p>\n<p><span style=\"font-size: medium; color: #000000;\">En cuanto estrech\u00e9 su manaza y le mir\u00e9 a los ojos, enseguida me di cuenta de que <strong>era un t\u00edo con carisma<\/strong>, y as\u00ed lo demostraba tambi\u00e9n en el escenario liderando a <strong><a title=\"My Space del Grupo Wichards\" href=\"http:\/\/www.myspace.com\/wichards\" target=\"_blank\"><span style=\"color: #000000;\">Los Wichards<\/span><\/a>,<\/strong> con el que he tenido la suerte de compartir escenario en numerosas ocasiones. <\/span><\/p>\n<p>&nbsp;<\/p>\n<p><span style=\"font-size: medium; color: #000000;\"><strong>El sentido del humor, su inteligencia, y rapidez mental hacen de \u00e9l un tipo divertido y entra\u00f1able que se hace querer<\/strong>. Cuando alguna vez coincid\u00edamos con \u00e9l los <strong><a title=\"Left Brothers en Cantarrana\" href=\"http:\/\/cantarranacorps.blogspot.com\/2010\/09\/left-brothers.html\" target=\"_blank\"><span style=\"color: #000000;\">Left Brothers<\/span><\/a><\/strong> siempre me dec\u00eda: \u201c<strong>Ten cuidado Enrique, porque en esto de la m\u00fasica cuando haces Pop ya no hay Stop<\/strong>\u201d.<\/span><\/p>\n<p>&nbsp;<\/p>\n<p><span style=\"font-size: medium; color: #000000;\">Pero no acaba todo aqu\u00ed, pues <strong>Pedro es adem\u00e1s miembro de la famosa y celebrada murga pacense <a title=\"P\u00e1gina de la Murga LOS NI\u00d1OS\" href=\"http:\/\/www.carnavalbadajoz.es\/murga\/Los-Ni%C3%B1os\/10\" target=\"_blank\"><span style=\"color: #000000;\">\u201cLos Ni\u00f1os\u201d<\/span><\/a><\/strong> en donde a\u00f1o s\u00ed y otro tambi\u00e9n se alzan con las primeras posiciones del <a href=\"https:\/\/blogs.hoy.es\/loch-lomond\/2011\/03\/03\/mi-final-del-concurso-murgas\/\" target=\"_blank\"><span style=\"color: #000000;\">Concurso de Murgas del Carnaval de Badajoz<\/span><\/a>. <strong>Que acaben siendo o no los vencedores es irrelevante, pues el p\u00fablico los adora y eso es para ellos el verdadero premio<\/strong>.<\/span><\/p>\n<p>&nbsp;<\/p>\n<p>&nbsp;<\/p>\n<div id=\"attachment_544\" style=\"width: 310px\" class=\"wp-caption alignright\"><a href=\"\/loch-lomond\/wp-content\/uploads\/sites\/10\/2011\/11\/Pedro-Wichard-Los-Ni\u00f1os.jpg\"><img aria-describedby=\"caption-attachment-544\" loading=\"lazy\" class=\"size-medium wp-image-544\" title=\"Pedro Wichard (Los Ni\u00f1os)\" src=\"\/loch-lomond\/wp-content\/uploads\/sites\/10\/2011\/11\/Pedro-Wichard-Los-Ni\u00f1os.jpg\" alt=\"Pedro Wichard en la Murga LOS NI\u00d1OS en un de sus m\u00e1s antol\u00f3gicas caracterizaciones\" width=\"300\" height=\"204\" srcset=\"https:\/\/static-blogs.hoy.es\/wp-content\/uploads\/sites\/10\/2011\/11\/Pedro-Wichard-Los-Ni\u00f1os.jpg 600w, https:\/\/static-blogs.hoy.es\/wp-content\/uploads\/sites\/10\/2011\/11\/Pedro-Wichard-Los-Ni\u00f1os-300x205.jpg 300w\" sizes=\"(max-width: 300px) 100vw, 300px\" \/><\/a><p id=\"caption-attachment-544\" class=\"wp-caption-text\">Pedro Wichard en la Murga LOS NI\u00d1OS en un de sus m\u00e1s antol\u00f3gicas caracterizaciones<\/p><\/div>\n<p><span style=\"font-size: medium; color: #000000;\">No contento con albergar varias facetas <strong><a title=\"El Test de las 5 (Pedro Wichard)\" href=\"http:\/\/bajistabajito.wordpress.com\/2011\/08\/18\/el-test-de-las-cinco-pedro-wichard\/\" target=\"_blank\"><span style=\"color: #000000;\">Pedro Wichard<\/span><\/a> puede presumir de ser tambi\u00e9n un cotizado D.J. y por su puesto un ameno y divertido bloguero<\/strong>, cuyo blog, <a title=\"Blog de Pedro Wichard\" href=\"http:\/\/pedrowich.blogspot.com\/\" target=\"_blank\"><span style=\"color: #000000;\">\u201cPedro Wichard. Menudo Cretino\u201d<\/span><\/a> les invito a conocer y disfrutar desde hoy.<\/span><\/p>\n<p>&nbsp;<\/p>\n<p><span style=\"font-size: medium; color: #000000;\"><strong>Vocalista de la mejor formaci\u00f3n de metal mel\u00f3dico europea<\/strong>, causa sensaci\u00f3n en cada lugar de Espa\u00f1a que visita liderando una de las mejores bandas pacenses de la historia de la m\u00fasica extreme\u00f1a. Me estoy refiriendo por supuesto a <strong><a title=\"DARKSOUND\" href=\"https:\/\/blogs.hoy.es\/loch-lomond\/2010\/12\/03\/hong-kong-holidays\/\" target=\"_blank\"><span style=\"color: #000000;\">Darksound<\/span><\/a><\/strong>, grupo al que desde que se uni\u00f3 y dot\u00f3 con su inconfundible estilo vocal no para de subir como la espuma.<\/span><\/p>\n<div id=\"attachment_545\" style=\"width: 293px\" class=\"wp-caption alignleft\"><a href=\"\/loch-lomond\/wp-content\/uploads\/sites\/10\/2011\/11\/PedroWichard.jpg\"><img aria-describedby=\"caption-attachment-545\" loading=\"lazy\" class=\"size-full wp-image-545\" title=\"PedroWichard\" src=\"\/loch-lomond\/wp-content\/uploads\/sites\/10\/2011\/11\/PedroWichard.jpg\" alt=\"Pedro Wichard vocalista del grupo pacense Darksound\" width=\"283\" height=\"178\" \/><\/a><p id=\"caption-attachment-545\" class=\"wp-caption-text\">Pedro Wichard vocalista del grupo pacense Darksound<\/p><\/div>\n<p>&nbsp;<\/p>\n<p><span style=\"font-size: medium; color: #000000;\"><strong>Mi amigo Pedro ha querido regalarnos hoy en forma de recuerdo una mirada cargada de justicia e historia sobre numerosos artistas de la ciudad que no pueden perderse, y de los que seguro que tendr\u00e1n mucho que a\u00f1adir<\/strong>. <\/span><\/p>\n<p><span style=\"font-size: medium;\">Sin m\u00e1s pre\u00e1mbulo y con todos ustedes <\/span><strong style=\"font-size: medium;\">Pedro P\u00e9rez G\u00f3mez<\/strong><span style=\"font-size: medium;\">, m\u00e1s archiconocido como <\/span><strong style=\"font-size: medium;\">Pedro Wichard<\/strong><span style=\"font-size: medium;\">, un gran artista pacense recordando a sus colegas paisanos con cari\u00f1o, justicia y generosidad.<\/span><\/p>\n<p>&nbsp;<\/p>\n<h1><\/h1>\n<h1><\/h1>\n<h1 style=\"text-align: center;\"><span style=\"text-decoration: underline; font-size: medium; color: #000000;\"><strong><span style=\"text-decoration: underline;\">MY GENERATION<\/span><\/strong><\/span><\/h1>\n<h1><\/h1>\n<a href=\"\/loch-lomond\/wp-content\/uploads\/sites\/10\/2011\/11\/PedroWichard2.jpg\"><img loading=\"lazy\" class=\"size-full wp-image-548\" title=\"PedroWichard2\" src=\"\/loch-lomond\/wp-content\/uploads\/sites\/10\/2011\/11\/PedroWichard2.jpg\" alt=\"Pedro Wichard bloguero de \"Pedro Wichard. Menudo Cretino\"\" width=\"259\" height=\"194\" \/><\/a>\n<p><span style=\"color: #000000; font-size: medium;\">A raiz de la salida\u00a0 y presentaci\u00f3n del <strong>CD de artistas extreme\u00f1os organizado por COCEMFE<\/strong> (la Federaci\u00f3n de Personas con Discapacidad F\u00edsica y Org\u00e1nica); llamado <em>&#8216;<strong>Extremadura canta a la diversidad<\/strong>&#8216;<\/em> en el que colaboran 17 artistas y grupos extreme\u00f1os (<strong>Bebe, Luis Pastor, Nando Juglar, El Desv\u00e1n del Duende, Susi Oyola, Gene Garc\u00eda de Inlavables, Chico, Acetre, V\u00edctor Mari\u00f1as, El Autognomo, Migueli, Pablo Guerrero, Manuel Cobos, <a title=\"Tam Tam Go!\" href=\"https:\/\/blogs.hoy.es\/loch-lomond\/2010\/10\/08\/i-come-for-you\/\" target=\"_blank\"><span style=\"color: #000000;\">Nacho Campillo<\/span><\/a>, Juan Flores, <em>Chino <\/em>, y Los Ni\u00f1os de los Ojos Rojos.<\/strong>) me decido (por fin) a hacer esta colaboraci\u00f3n con el se\u00f1or <strong>Enrique Garc\u00eda Falc\u00f3<\/strong> al que le debo una y adem\u00e1s <strong>al que tengo en alta estima como persona, articulista y <a title=\"No corren buenos tiempos para la l\u00edrica\" href=\"https:\/\/blogs.hoy.es\/loch-lomond\/2011\/11\/14\/no-corren-buenos-tiempos-para-la-lirica\/\" target=\"_blank\"><span style=\"color: #000000;\">artista<\/span><\/a><\/strong>.<\/span><\/p>\n<p>&nbsp;<\/p>\n<p><span style=\"color: #000000; font-size: medium;\">Entonces, escuchando a los m\u00edticos <strong>The Who<\/strong>, me ha venido a la cabeza (y es que de tarra voy bien <em>serv\u00edo<\/em>) <strong>la cantidad de artistas que siempre ha habido en la regi\u00f3n<\/strong>. En este caso, puedo hablar, sobre todo, de los de mi ciudad que es la que conozco de primera mano. Ya desde mis tiempos mozos, y antes tambi\u00e9n, <strong>ha habido un variado ramillete de artistas en Badajoz que no han gozado siquiera de un m\u00ednimo reconocimiento por su arte y su buen hacer<\/strong>. <\/span><\/p>\n<p>&nbsp;<\/p>\n<p><span style=\"color: #000000; font-size: medium;\">Tambi\u00e9n por otra parte, est\u00e1n <strong>los padres del &#8220;moderneo&#8221; pacense<\/strong>, que a veces se hacen pasar o se las dan de artistas&#8230; de esos igual hablar\u00e9 en otra ocasi\u00f3n (que bien merecido tienen un articulito y alguna que otra colleja).<\/span><\/p>\n<p>&nbsp;<\/p>\n<div id=\"attachment_549\" style=\"width: 235px\" class=\"wp-caption alignright\"><a href=\"\/loch-lomond\/wp-content\/uploads\/sites\/10\/2011\/11\/gloria_cretin.jpg\"><img aria-describedby=\"caption-attachment-549\" loading=\"lazy\" class=\"size-medium wp-image-549\" title=\"gloria_cretin\" src=\"\/loch-lomond\/wp-content\/uploads\/sites\/10\/2011\/11\/gloria_cretin.jpg\" alt=\"Pedro Wichard; un Artista donde los haya\" width=\"225\" height=\"300\" srcset=\"https:\/\/static-blogs.hoy.es\/wp-content\/uploads\/sites\/10\/2011\/11\/gloria_cretin.jpg 1536w, https:\/\/static-blogs.hoy.es\/wp-content\/uploads\/sites\/10\/2011\/11\/gloria_cretin-225x300.jpg 225w, https:\/\/static-blogs.hoy.es\/wp-content\/uploads\/sites\/10\/2011\/11\/gloria_cretin-768x1024.jpg 768w\" sizes=\"(max-width: 225px) 100vw, 225px\" \/><\/a><p id=\"caption-attachment-549\" class=\"wp-caption-text\">Pedro Wichard; un Artista donde los haya<\/p><\/div>\n<p><span style=\"color: #000000; font-size: medium;\">En concreto, <strong>la generaci\u00f3n a la que yo pertenezco, est\u00e1 plagada de artistas de disciplinas muy diversas<\/strong>; desde la pintura al teatro pasando por la m\u00fasica y la danza.\u00a0 <\/span><\/p>\n<p>&nbsp;<\/p>\n<p><span style=\"color: #000000; font-size: medium;\">Se me vienen a la cabeza grandes de nuestra cultura que son j\u00f3venes valores como <strong>Javier M\u00e9ndez<\/strong> m\u00e1s conocido como <strong><em>Lekio<\/em><\/strong>: un ejemplo de un genial artista pict\u00f3rico y mejor persona.\u00a0 Siempre es dif\u00edcil nombrar a gente que hace cosas porque siempre te dejas en el tintero a muchos. <\/span><\/p>\n<p>&nbsp;<\/p>\n<p><span style=\"color: #000000; font-size: medium;\">En el campo de los artistas gr\u00e1ficos podr\u00edamos destacar muchos y muy buenos profesionales como la genial <strong>Carmen Calvo, el gran Jairo Dsgn<\/strong> (como reza en su Facebook) un m\u00e1quina en todos los aspectos, tambi\u00e9n los chicos de <strong>ERZIO, Borja Gonz\u00e1lez Hoyos<\/strong> (fenomenal ilustrador) y por supuesto <strong>V\u00edctor Rodr\u00edguez P\u00e9rez<\/strong>: artista multidisciplinar y polifac\u00e9tico: profe de artes gr\u00e1ficas, dise\u00f1ador, rapero, videomaker&#8230; este chico es una joyita. <\/span><\/p>\n<p>&nbsp;<\/p>\n<p><span style=\"color: #000000; font-size: medium;\">Cabe destacar a gente como <strong>Laura Covars\u00ed, Raimundo Silva<\/strong> que tambi\u00e9n suele oferecer cosas muy interesantes en sus creaciones. Y otros colectivos que hacen cosas m\u00e1s que interesantes como <strong>los chicos de la plaza San At\u00f3n que hacen b<em>reakdance y freestyle<\/em><\/strong>; un grupo de chavales que hacen <strong><em>parkour, <\/em>los de FTZ, el colectivo Babylon<\/strong>, etc<em>.<\/em><\/span><\/p>\n<p>&nbsp;<\/p>\n<p><span style=\"color: #000000; font-size: medium;\">En el mundo audiovisual grandes profesionales de lo suyo como <strong>Alejandro Pach\u00f3n Jr<\/strong>.; un grande del mundo audiovisual que no deja de sorprenderme en todo lo que hace; el genial y \u00fanico <strong>Jose Mar\u00eda Rojas<\/strong> (mi Yema del alma) un aut\u00e9ntico amigo y se\u00f1or del audiovisual (edici\u00f3n y postproducci\u00f3n AV) que bien merece estar en lo + alto porque es un trabajador y creativo incansable y sobretodo UN SE\u00d1OR. <\/span><\/p>\n<p>&nbsp;<\/p>\n<p><span style=\"color: #000000; font-size: medium;\"><strong>Cisco Bellabestia<\/strong> y su alter ego <strong>Aristas Mart\u00ednez<\/strong>. Sin dejar de nombrar a<strong> Miguel \u00c1ngel Rivas<\/strong> (otro grande), y m\u00e1s que seguramente me dejo sin mencionar a m\u00e1s artistas como los chicos de la serie web <strong><em>THE DEAD FERRARA CHRONICLES<\/em><\/strong>.\u00a0 Fot\u00f3grafos geniales como <strong>Juan Carlos de la Cruz, P\u00edo Morales, Chiqui<\/strong> (Asistencia Gr\u00e1fica), <strong>\u00c1ngel S\u00e1nchez Mayoral<\/strong>&#8230; y un largo etc\u00e9tera. <\/span><\/p>\n<p>&nbsp;<\/p>\n<p><span style=\"color: #000000; font-size: medium;\">Actores y actrices brillantes como <strong>Francis Lucas, Ana Rodr\u00edguez, Sim\u00f3n Ferrero, Paca Velardiez o Leticia Torres<\/strong>. Grandes escritores como <strong>Miguel \u00c1ngel Carmona, Laura Pagador, Felipe Zapico<\/strong> (te siento extreme\u00f1o). Otr@s en ciernes que dar\u00e1n que hablar como <strong>Rui D\u00edaz y la Curiosa Impertinente<\/strong> (no puedo esperar m\u00e1s).<\/span><\/p>\n<p>&nbsp;<\/p>\n<p><span style=\"color: #000000; font-size: medium;\">Podr\u00eda hablar de los m\u00fasicos de nuestra ciudad, <em>conocidos y no tan conocidos<\/em> como <strong>Pep\u00edn, Holly, Javier del Barco, Pedro Calero, Rafa Prieto, Jota, Iv\u00e1n Sanjuan, Mili, <a title=\"The Wish\" href=\"https:\/\/blogs.hoy.es\/loch-lomond\/2011\/02\/11\/my-simple-wish\/\" target=\"_blank\"><span style=\"color: #000000;\">The Wish<\/span><\/a>, Javato &#038; Los Disfrutones, Antonio Pintor, Xisko Gonz\u00e1lez, \u00d3scar, Tete, el Tom\u00e1s, La Ene, el genial Isayah Thomas, el Tato, el Ag\u00fcelo, Hisad, Brosdol, Cristo, Kaxta, Iridium, Blame The Dog, The Lazy Bastards, Los Restos, Ulises, Cira, <a title=\"Violent Popes\" href=\"https:\/\/blogs.hoy.es\/loch-lomond\/2011\/02\/25\/violent-popes-empty-man\/\" target=\"_blank\"><span style=\"color: #000000;\">Zaira Arlandi<\/span><\/a>, La Momia Beb\u00e9, Los Payasos Dopados, The Beach Fuckers, Super Sexy Soundsystem, Smoking Zone, La Credencial, Susan Santos, Conjunto San Antonio, Joaqu\u00edn de la Monta\u00f1a, Antonio Vald\u00e9s, Tiquismiquis Band<\/strong>. <\/span><\/p>\n<p>&nbsp;<\/p>\n<p><span style=\"color: #000000; font-size: medium;\">Y algunas ya para el recuerdo como <strong>Johnny B Good, Peleles, Estazionados, APS, Elder, F\u00edgaro, Los Carambola, los Wichards<\/strong>&#8230; y millones m\u00e1s. Y por supuesto <strong>los chicos del flamenco<\/strong> que hay muchos y muy buenos todos. Ahhh unos tales <strong>Darksound<\/strong> \ud83d\ude1b que a\u00fan siguen en la pelea y que volver\u00e1n en 2012.<\/span><\/p>\n<p>&nbsp;<\/p>\n<p><span style=\"color: #000000; font-size: medium;\">Los chicos de danza, la maravillosa <strong>Cristina Rosa<\/strong> y sus chic@s de danza y percusi\u00f3n africana. La gran <strong>Paula Yunis<\/strong> (Hazine Belly Dancer) y su escuela de danza oriental. Los artistas circenses y de malabares como <strong>Javier Rosado, Circonchita<\/strong> (Cuca Cantillo), la gente de La Rota, etc.\u00a0 <\/span><\/p>\n<p>&nbsp;<\/p>\n<p><span style=\"color: #000000; font-size: medium;\">Geniales Djs como el \u00fanico y genial <strong>Dr. Fumosky<\/strong> (+ conocido como <strong>Tanaka<\/strong>); <strong>el Largo, Yeyo, Marcos (Hombrebueno MK), Gamjah, Quique Trigueros, Lady-J, Pitch Pichi, Luis Villar, La Ratona, Samuel Chaparro, el Sapo, Marcelo, Fer-Q, CharlieFunk, el Tole, D\u00e4 Well, Sevy, Alfonso Barmacia, Pedro Caballero, Mart\u00edn DJ, Loko, Triki<\/strong>&#8230; y mil m\u00e1s; todos geniales en sus estilos.<\/span><\/p>\n<p>&nbsp;<\/p>\n<p><span style=\"color: #000000; font-size: medium;\">Todo esto unido a grandes t\u00e9cnicos como <strong>Yosu<\/strong> (te quiero m\u00e1sss), <strong>Javier Mata, Bladimiro, Juan \u00c1ngel, <a title=\"Los Desahuciados (Para Siempre)\" href=\"https:\/\/blogs.hoy.es\/loch-lomond\/2010\/11\/26\/para-siempre\/\" target=\"_blank\"><span style=\"color: #000000;\">Armando Mazuecos<\/span><\/a>, Manolo <em>el hijo del tormenta<\/em>, Coque, Santiago Mu\u00f1oz y el Canijo<\/strong> (ambos reci\u00e9n par\u00edos), <strong>Med\u00edn, Neto, Ver\u00f3nica Pintiado<\/strong> (lucera y tambi\u00e9n excelente fot\u00f3grafa), <strong>Oliver, Prada, Carlete, David Capell\u00e1n, Jos\u00e9 <em>el indio<\/em>, Fernando de Kobra<\/strong> y muchos que me olvido seguro.<\/span><\/p>\n<p><span style=\"color: #000000; font-size: medium;\">\u00a0<\/span><\/p>\n<div id=\"attachment_547\" style=\"width: 450px\" class=\"wp-caption alignleft\"><a href=\"\/loch-lomond\/wp-content\/uploads\/sites\/10\/2011\/11\/darksound1.jpg\"><img aria-describedby=\"caption-attachment-547\" loading=\"lazy\" class=\"size-full wp-image-547\" title=\"darksound1\" src=\"\/loch-lomond\/wp-content\/uploads\/sites\/10\/2011\/11\/darksound1.jpg\" alt=\"La Banda pacense de Metal Mel\u00f3dico DARKSOUND\" width=\"440\" height=\"293\" srcset=\"https:\/\/static-blogs.hoy.es\/wp-content\/uploads\/sites\/10\/2011\/11\/darksound1.jpg 440w, https:\/\/static-blogs.hoy.es\/wp-content\/uploads\/sites\/10\/2011\/11\/darksound1-300x200.jpg 300w\" sizes=\"(max-width: 440px) 100vw, 440px\" \/><\/a><p id=\"caption-attachment-547\" class=\"wp-caption-text\">La Banda pacense de Metal Mel\u00f3dico DARKSOUND<\/p><\/div>\n<p>&nbsp;<\/p>\n<p><span style=\"color: #000000; font-size: medium;\">No me olvido de mis hermanos<strong><a title=\"Ricardo Larios y mis Nostalgias Musicales\" href=\"https:\/\/blogs.hoy.es\/loch-lomond\/2011\/08\/16\/nostalgias-musicales\/\" target=\"_blank\"><span style=\"color: #000000;\"> Ricardo Larios<\/span><\/a>, Jes\u00fas del Castillo, David L\u00f3pez y Javier Caldito<\/strong> que son los m\u00fasicos a los que m\u00e1s quiero de este mundo. Junto a <strong>Crist\u00f3bal, Med\u00edn y Carbonell<\/strong>, claro.<\/span><\/p>\n<p>&nbsp;<\/p>\n<p><span style=\"color: #000000; font-size: medium;\">En definitva, <strong>debemos conocer y aprender a valorar lo que tenemos en su justa medida y saber que muchos de estos artistas deben dejar su tierra (obligados) para poder intentar llevar a cabo sus sue\u00f1os.<\/strong><\/span><\/p>\n<p><span style=\"color: #000000; font-size: medium;\"><strong> \u00a1No a la fuga de talentos<\/strong>\u00a0<strong>!<\/strong><\/span><\/p>\n<p><span style=\"color: #000000; font-size: medium;\">\u00a0<\/span><\/p>\n<div class=\"mceTemp\">\n<div id=\"attachment_546\" style=\"width: 310px\" class=\"wp-caption alignright\"><a href=\"\/loch-lomond\/wp-content\/uploads\/sites\/10\/2011\/11\/Pedro-y-Ra\u00fal-Wichard.gif\"><img aria-describedby=\"caption-attachment-546\" loading=\"lazy\" class=\"size-medium wp-image-546\" title=\"Pedro y Ra\u00fal Wichard\" src=\"\/loch-lomond\/wp-content\/uploads\/sites\/10\/2011\/11\/Pedro-y-Ra\u00fal-Wichard.gif\" alt=\"Pedro P\u00e9rez G\u00f3mez y el a\u00f1orado Ra\u00fal Pinilla. Para nosotros siempre Pedro Wichard y Ra\u00fal Wichard\" width=\"300\" height=\"199\" \/><\/a><p id=\"caption-attachment-546\" class=\"wp-caption-text\">Pedro P\u00e9rez G\u00f3mez y el a\u00f1orado Ra\u00fal Pinilla. Para nosotros siempre Pedro Wichard y Ra\u00fal Wichard<\/p><\/div>\n<p><span style=\"color: #000000; font-size: medium;\">\u00a0<\/span><\/p>\n<p>&nbsp;<\/p>\n<p><span style=\"font-size: medium;\"><strong>Este homenaje art\u00edstico<\/strong>, realmente <strong>va dedicado<\/strong><\/span><em style=\"font-size: medium;\"> como todo lo que hago en mi vida<\/em><span style=\"font-size: medium;\"> a <\/span><strong><a style=\"font-size: medium;\" title=\"Ra\u00fal Pinilla Moreno in loving memory\" href=\"http:\/\/pedrowich.blogspot.com\/2011\/05\/raul-pinilla-moreno-in-loving-memory-20.html\" target=\"_blank\"><span style=\"color: #000000;\">Ra\u00fal Pinilla Moreno<\/span><\/a><\/strong><span style=\"font-size: medium;\">\u00a0<\/span><em style=\"font-size: medium;\">aka <strong>Ra\u00fal Wichard<\/strong><\/em><span style=\"font-size: medium;\"> que es el culpable de que hoy sea un <\/span><em style=\"font-size: medium;\"><strong>politoxi-mel\u00f3mano.<\/strong> <\/em><\/p>\n<p><strong><em style=\"font-size: medium;\">M<\/em><span style=\"font-size: medium;\">\u00e1s de un lustro sin tenerte con nosotros.<\/span><em style=\"font-size: medium;\"> <\/em><span style=\"font-size: medium;\">Hermano, all\u00e1 donde est\u00e9s, te quiero.<\/span><\/strong><\/p>\n<p><span style=\"color: #000000; font-size: medium;\">\u00a0 \u00a0 \u00a0 \u00a0 \u00a0 \u00a0 \u00a0 \u00a0 \u00a0 \u00a0 \u00a0 Gracias Enrique, un abrazo gordo!<\/span><\/p>\n<p><span style=\"color: #000000; font-size: medium;\">\u00a0<\/span><\/p>\n<\/div>\n<!-- AddThis Advanced Settings generic via filter on the_content --><!-- AddThis Share Buttons generic via filter on the_content -->","protected":false},"excerpt":{"rendered":"<p>&nbsp; Ya saben que este espacio, EL LOTO AZUL, naci\u00f3 con la idea de que ustedes, mis queridos y desocupados lectores, conocieran a gente que de una u otra manera considero importante y de las que creo que deben de saber un poco m\u00e1s para desenvolverse por los entresijos del mundo que me rodea. &nbsp; [&hellip;]<!-- AddThis Advanced Settings generic via filter on get_the_excerpt --><!-- AddThis Share Buttons generic via filter on get_the_excerpt --><\/p>\n","protected":false},"author":14,"featured_media":0,"comment_status":"open","ping_status":"closed","sticky":false,"template":"","format":"standard","meta":[],"categories":[3],"tags":[11,13,99,186,197,249,266,303,308,322,335,336,356,437,520,568,569,615,640,720,775,798,806,807,819,879,929,945,949,952,998,1000,1002,1035,1061,1147,1186,1235,1236,1238,1295,1302,1313,1315,1319,1322,1515,1544,1569,1590,1593,1616,1625,1646,1667,1669,1707,1718,1722,1723,1735,1806,1811,1850,1915,1986,2038,2052,2070,2099,2161,2193,2232,2256,2265,2390,2443,2459,2641,2654,2666,2678,2684,2688,2691,2692,2696,2709,2721,2732,2749,2758,2763,2769,2774,2776,2785,2819,2828,2867,2870,2879,2890,2912,2944,2981,2983,3005,3008,3028,3103,3111,3135,3162,3163,3164,3170,3184,3203,3204,3288,3299,3324,3327,3360,3409,3472,3474,3481,3492,3521,3599,3606,3617,3619,3627,3657,3785,3825,3841,3844,3845,3942,3955,3957,3962,3964,3968,3990,4056,4057,4071,4172,4322,4336,4341,4358,4359,4382,4471,4531,4569,4584,4675,4705,4723,4818,4836,4844,4872,4887,4941,4946,4950,4955,4963,4964,5007,5090,5121,5211,5229,5230,5290,5331,5342,5354,5360],"_links":{"self":[{"href":"https:\/\/blogs.hoy.es\/loch-lomond\/wp-json\/wp\/v2\/posts\/539"}],"collection":[{"href":"https:\/\/blogs.hoy.es\/loch-lomond\/wp-json\/wp\/v2\/posts"}],"about":[{"href":"https:\/\/blogs.hoy.es\/loch-lomond\/wp-json\/wp\/v2\/types\/post"}],"author":[{"embeddable":true,"href":"https:\/\/blogs.hoy.es\/loch-lomond\/wp-json\/wp\/v2\/users\/14"}],"replies":[{"embeddable":true,"href":"https:\/\/blogs.hoy.es\/loch-lomond\/wp-json\/wp\/v2\/comments?post=539"}],"version-history":[{"count":0,"href":"https:\/\/blogs.hoy.es\/loch-lomond\/wp-json\/wp\/v2\/posts\/539\/revisions"}],"wp:attachment":[{"href":"https:\/\/blogs.hoy.es\/loch-lomond\/wp-json\/wp\/v2\/media?parent=539"}],"wp:term":[{"taxonomy":"category","embeddable":true,"href":"https:\/\/blogs.hoy.es\/loch-lomond\/wp-json\/wp\/v2\/categories?post=539"},{"taxonomy":"post_tag","embeddable":true,"href":"https:\/\/blogs.hoy.es\/loch-lomond\/wp-json\/wp\/v2\/tags?post=539"}],"curies":[{"name":"wp","href":"https:\/\/api.w.org\/{rel}","templated":true}]}}