{"id":54,"date":"2010-07-18T04:57:00","date_gmt":"2010-07-18T04:57:00","guid":{"rendered":"http:\/\/blogs.hoy.es\/loch-lomond\/?p=53"},"modified":"2010-07-18T04:57:00","modified_gmt":"2010-07-18T04:57:00","slug":"la-vida-es-sueno","status":"publish","type":"post","link":"https:\/\/blogs.hoy.es\/loch-lomond\/2010\/07\/18\/la-vida-es-sueno\/","title":{"rendered":"LA VIDA ES SUE\u00d1O"},"content":{"rendered":"<p class=MsoNormal style=\"MARGIN: 0cm 0cm 0pt; TEXT-ALIGN: justify\"><img id=img_0 src=\"\/\/www.haboob.net\/blogimg\/Homer-Sleep.jpg\"\/><\/p>\n<p><span style=\"FONT-SIZE: 10pt; COLOR: navy; FONT-FAMILY: Verdana\"><\/span><\/p>\n<p class=MsoNormal style=\"MARGIN: 0cm 0cm 0pt; TEXT-ALIGN: justify\">\n<p class=MsoNormal style=\"MARGIN: 0cm 0cm 0pt; TEXT-ALIGN: justify\"><span style=\"FONT-SIZE: 10pt; COLOR: navy; FONT-FAMILY: Verdana\">Hoy domingo como ya sab\u00e9is es d\u00eda de mi Tribuna de Opini\u00f3n en Diario HOY. Para los que no pod\u00e1is leerme en la edici\u00f3n impresa, aqu\u00ed os dejo el enlace de la edici\u00f3n digital.<\/span><\/p>\n<p class=MsoNormal style=\"MARGIN: 0cm 0cm 0pt; TEXT-ALIGN: justify\"><span style=\"FONT-SIZE: 10pt; COLOR: navy; FONT-FAMILY: Verdana\"><\/span><\/p>\n<p class=MsoNormal style=\"MARGIN: 0cm 0cm 0pt; TEXT-ALIGN: justify\"><span style=\"FONT-SIZE: 10pt; COLOR: navy; FONT-FAMILY: Verdana\">En mi art\u00edculo de hoy hablo de la necesidad del descanso, y de lo que me encanta dormir, y sobre todo de la rabia que parece darle a todos los que no comparten tal actividad, y adem\u00e1s nos consideran vagos a los que nos gusta dejarnos caer en los sue\u00f1os de Morfeo profundamente y sin prisas para despertar. <\/span><\/p>\n<p class=MsoNormal style=\"MARGIN: 0cm 0cm 0pt; TEXT-ALIGN: justify\"><span style=\"FONT-SIZE: 10pt; COLOR: navy; FONT-FAMILY: Verdana\"><\/span> <\/p>\n<p class=MsoNormal style=\"MARGIN: 0cm 0cm 0pt; TEXT-ALIGN: justify\"><span style=\"FONT-SIZE: 10pt; COLOR: navy; FONT-FAMILY: Verdana\">Amigos m\u00edos, no todo el mundo necesita el mismo descanso, no lo olvid\u00e9is, nunca lo ech\u00e9is en cara a nadie, pues tan importante para la salud es el comer como el dormir bien. Por lo tanto aprended a respetar la necesidad y el descanso de los dem\u00e1s. Am\u00e9n por supuesto de disfrutar de nuestros sue\u00f1os.<\/span><\/p>\n<p class=MsoNormal style=\"MARGIN: 0cm 0cm 0pt; TEXT-ALIGN: justify\"><span style=\"FONT-SIZE: 10pt; COLOR: navy; FONT-FAMILY: Verdana\"><\/span><\/p>\n<p class=MsoNormal style=\"MARGIN: 0cm 0cm 0pt; TEXT-ALIGN: justify\"><span style=\"FONT-SIZE: 10pt; COLOR: navy; FONT-FAMILY: Verdana\">\u00a1El fant\u00e1stico mundo de los sue\u00f1os! De lo que sentimos y vivimos cuando descansamos. Un bonito y deseado art\u00edculo que ansiaba escribir hace mucho tiempo. <\/span><\/p>\n<p class=MsoNormal style=\"MARGIN: 0cm 0cm 0pt; TEXT-ALIGN: justify\"><span style=\"FONT-SIZE: 10pt; COLOR: navy; FONT-FAMILY: Verdana\"><\/span> <\/p>\n<p class=MsoNormal style=\"MARGIN: 0cm 0cm 0pt; TEXT-ALIGN: justify\"><span style=\"FONT-SIZE: 10pt; COLOR: navy; FONT-FAMILY: Verdana\">Queridos amigos: Dejaros llevar por la magia y el misterio de los sue\u00f1os, al menos hoy, en este bonito y veraniego d\u00eda de Domingo, por vuestro seguro servidor. No os arrepentir\u00e9is. Seguro que despu\u00e9s de leer mi art\u00edculo incluso pensar\u00e9is de otra manera. Y nunca le d\u00e9is m\u00e1s vueltas de las necesarias a las cosas que so\u00f1\u00e9is por muy raras que os puedan parecer. Vamos a disfrutar de ellos y a recordarlos tomando una copa de LOCH LOMOND. Y por supuesto a olvidarnos de pensar en dem\u00e1s tonter\u00edas sobre el significado de los sue\u00f1os.<\/span><\/p>\n<p class=MsoNormal style=\"MARGIN: 0cm 0cm 0pt; TEXT-ALIGN: justify\"><span style=\"FONT-SIZE: 10pt; COLOR: navy; FONT-FAMILY: Verdana\"><\/span> <\/p>\n<p class=MsoNormal style=\"MARGIN: 0cm 0cm 0pt; TEXT-ALIGN: justify\"><span style=\"FONT-SIZE: 10pt; COLOR: navy; FONT-FAMILY: Verdana\">Porque < ?xml:namespace prefix = st1 ns = \"urn:schemas-microsoft-com:office:smarttags\" \/><st1:personname ProductID=\"la Vida\" w:st=\"on\">la Vida<\/st1:personname> es un sue\u00f1o&#8230;y los sue\u00f1os&#8230; sue\u00f1os son. <\/span><\/p>\n<p class=MsoNormal style=\"MARGIN: 0cm 0cm 0pt; TEXT-ALIGN: justify\"><span style=\"FONT-SIZE: 10pt; COLOR: navy; FONT-FAMILY: Verdana\"><\/span><\/p>\n<p class=MsoNormal style=\"MARGIN: 0cm 0cm 0pt; TEXT-ALIGN: justify\"><span style=\"FONT-SIZE: 10pt; COLOR: navy; FONT-FAMILY: Verdana\">Que os guste amigos:<\/span><\/p>\n<p class=MsoNormal style=\"MARGIN: 0cm 0cm 0pt; TEXT-ALIGN: justify\"><span style=\"FONT-SIZE: 10pt; COLOR: navy; FONT-FAMILY: Verdana\"><\/span><\/p>\n<p><span style=\"FONT-SIZE: 10pt; COLOR: navy; FONT-FAMILY: Verdana\"><a href=\"http:\/\/www.hoy.es\/v\/20100718\/opinion\/vida-sueno-20100718.html\" rel=\"nofollow\"           rel=nofollow>http:\/\/www.hoy.es\/v\/20100718\/opinion\/vida-sueno-20100718.html<\/a><\/span><\/p>\n<p><span style=\"FONT-SIZE: 10pt; COLOR: navy; FONT-FAMILY: Verdana\"><\/span><\/p>\n<p><span style=\"FONT-SIZE: 10pt; COLOR: navy; FONT-FAMILY: Verdana\"><\/span><\/p>\n<p><span style=\"FONT-SIZE: 10pt; COLOR: navy; FONT-FAMILY: Verdana\"><\/span><\/p>\n<p><span style=\"FONT-SIZE: 10pt; COLOR: navy; FONT-FAMILY: Verdana\"><\/span><\/p>\n<p class=MsoNormal style=\"MARGIN: 0cm 0cm 0pt; TEXT-ALIGN: justify\">\n<p class=MsoNormal style=\"MARGIN: 0cm 0cm 0pt; TEXT-ALIGN: justify\"><span style=\"FONT-SIZE: 10pt; COLOR: navy; FONT-FAMILY: Verdana\"><\/span><\/p>\n<p class=MsoNormal style=\"MARGIN: 0cm 0cm 0pt; TEXT-ALIGN: justify\"><span style=\"FONT-SIZE: 10pt; COLOR: navy; FONT-FAMILY: Verdana\">< ?xml:namespace prefix = o ns = \"urn:schemas-microsoft-com:office:office\" \/><o:p><\/o:p><\/span><\/p>\n<!-- AddThis Advanced Settings generic via filter on the_content --><!-- AddThis Share Buttons generic via filter on the_content -->","protected":false},"excerpt":{"rendered":"<p>Hoy domingo como ya sab\u00e9is es d\u00eda de mi Tribuna de Opini\u00f3n en Diario HOY. Para los que no pod\u00e1is leerme en la edici\u00f3n impresa, aqu\u00ed os dejo el enlace de la edici\u00f3n digital. En mi art\u00edculo de hoy hablo de la necesidad del descanso, y de lo que me encanta dormir, y sobre todo [&hellip;]<!-- AddThis Advanced Settings generic via filter on get_the_excerpt --><!-- AddThis Share Buttons generic via filter on get_the_excerpt --><\/p>\n","protected":false},"author":14,"featured_media":0,"comment_status":"open","ping_status":"closed","sticky":false,"template":"","format":"standard","meta":[],"categories":[8],"tags":[349,1387,1509,1535,2496,3545,3589,4802,5084],"_links":{"self":[{"href":"https:\/\/blogs.hoy.es\/loch-lomond\/wp-json\/wp\/v2\/posts\/54"}],"collection":[{"href":"https:\/\/blogs.hoy.es\/loch-lomond\/wp-json\/wp\/v2\/posts"}],"about":[{"href":"https:\/\/blogs.hoy.es\/loch-lomond\/wp-json\/wp\/v2\/types\/post"}],"author":[{"embeddable":true,"href":"https:\/\/blogs.hoy.es\/loch-lomond\/wp-json\/wp\/v2\/users\/14"}],"replies":[{"embeddable":true,"href":"https:\/\/blogs.hoy.es\/loch-lomond\/wp-json\/wp\/v2\/comments?post=54"}],"version-history":[{"count":0,"href":"https:\/\/blogs.hoy.es\/loch-lomond\/wp-json\/wp\/v2\/posts\/54\/revisions"}],"wp:attachment":[{"href":"https:\/\/blogs.hoy.es\/loch-lomond\/wp-json\/wp\/v2\/media?parent=54"}],"wp:term":[{"taxonomy":"category","embeddable":true,"href":"https:\/\/blogs.hoy.es\/loch-lomond\/wp-json\/wp\/v2\/categories?post=54"},{"taxonomy":"post_tag","embeddable":true,"href":"https:\/\/blogs.hoy.es\/loch-lomond\/wp-json\/wp\/v2\/tags?post=54"}],"curies":[{"name":"wp","href":"https:\/\/api.w.org\/{rel}","templated":true}]}}