{"id":553,"date":"2011-11-27T16:37:24","date_gmt":"2011-11-27T15:37:24","guid":{"rendered":"http:\/\/blogs.hoy.es\/loch-lomond\/?p=553"},"modified":"2011-11-27T16:37:24","modified_gmt":"2011-11-27T15:37:24","slug":"la-fuerza-del-destino","status":"publish","type":"post","link":"https:\/\/blogs.hoy.es\/loch-lomond\/2011\/11\/27\/la-fuerza-del-destino\/","title":{"rendered":"La fuerza del destino"},"content":{"rendered":"<p>&nbsp;<\/p>\n<p>Enrique Falc\u00f3. Mecan\u00f3filo<\/p>\n<div id=\"attachment_555\" style=\"width: 310px\" class=\"wp-caption alignnone\"><a href=\"\/loch-lomond\/wp-content\/uploads\/sites\/10\/2011\/11\/Mecano-EN-LOS-80.jpg\"><img aria-describedby=\"caption-attachment-555\" loading=\"lazy\" class=\"size-medium wp-image-555\" title=\"Mecano EN LOS 80\" src=\"\/loch-lomond\/wp-content\/uploads\/sites\/10\/2011\/11\/Mecano-EN-LOS-80.jpg\" alt=\"El tr\u00edo madrile\u00f1o MECANO en una de sus primeras im\u00e1genes a principios de los 80\" width=\"300\" height=\"225\" srcset=\"https:\/\/static-blogs.hoy.es\/wp-content\/uploads\/sites\/10\/2011\/11\/Mecano-EN-LOS-80.jpg 660w, https:\/\/static-blogs.hoy.es\/wp-content\/uploads\/sites\/10\/2011\/11\/Mecano-EN-LOS-80-300x225.jpg 300w\" sizes=\"(max-width: 300px) 100vw, 300px\" \/><\/a><p id=\"caption-attachment-555\" class=\"wp-caption-text\">El tr\u00edo madrile\u00f1o MECANO en una de sus primeras im\u00e1genes a principios de los 80<\/p><\/div>\n<p><span style=\"color: #000080;\"><em>Hoy no me puedo levantar<\/em>. Y es que cuando estoy de vacaciones, <em>perdido en mi habitaci\u00f3n,<\/em> me da mucha pereza asomarme al mundo mundial. <em>\u00a1Ay que pesado!<\/em> \u00a1Qu\u00e9 bombardeo las \u00faltimas 48 horas con la noticia, rumor, falsa notica, bulo o desinformaci\u00f3n (cada cual la describe como quiere) sobre el hipot\u00e9tico regreso del grupo musical Mecano! \u00bf<em>Aire<\/em> o humo? Ustedes podr\u00e1n pensar lo que quieran pero todo esto resulta cuanto menos muy extra\u00f1o. Primero estalla la bomba informativa (que dir\u00eda el insigne SuperGarc\u00eda) en boca de Jos\u00e9 Antonio Abell\u00e1n. Que el famoso periodista comenzara su carrera como locutor de las radio-f\u00f3rmulas no justifica de manera alguna que se produzca dicha noticia en un programa deportivo, <em>no es serio este cementerio<\/em> se\u00f1ores, a no ser que Ana Torroja se dedique al esqu\u00ed de competici\u00f3n en su tiempo libre, que me parece que no, que se prodiga m\u00e1s al escaqueo de sus compromisos fiscales con hacienda, y eso s\u00ed que es hacer deporte. Sobre todo cuando declaras que vives en <em>Hawaii Bombay<\/em> \u00a0mientras en realidad resides en <em>Madrid.\u00a0 <\/em>Tras<em> el uno el dos y el tres <\/em>son las redes sociales quienes ofician el resto, y como postre nos sirven las declaraciones de la antigua agencia de \u201cmanagement\u201d del grupo \u201cdesmintiendo\u201d el asunto, con un \u201cde momento no est\u00e1 prevista la reuni\u00f3n del tr\u00edo\u201d. \u00a0\u00a1Que <em>no hay marcha en Nueva York<\/em> vamos! \u00a1O que no hay tu t\u00eda\u2026 al menos de momento!<\/span><\/p>\n<p><span style=\"color: #000080;\">A estas alturas de la pel\u00edcula uno se cura de espanto en <em>el cine<\/em>, y se cree bien poco o casi nada que se produzca <em>el fallo positivo<\/em> en determinadas cosas, pero no me negar\u00e1n que o bien por el dicho popular \u201ccuando el r\u00edo suena agua lleva\u201d o por aquello de la delicada situaci\u00f3n del mundo discogr\u00e1fico, este <em>maquillaje <\/em>\u00a0no consigue m\u00e1s que alargar la sombra de la sospecha.<\/span><\/p>\n<div id=\"attachment_556\" style=\"width: 481px\" class=\"wp-caption alignnone\"><span style=\"color: #000080;\"><a href=\"\/loch-lomond\/wp-content\/uploads\/sites\/10\/2011\/11\/Mecano-actual.jpg\"><span style=\"color: #000080;\"><img aria-describedby=\"caption-attachment-556\" loading=\"lazy\" class=\"size-full wp-image-556\" title=\"Mecano actual\" src=\"\/loch-lomond\/wp-content\/uploads\/sites\/10\/2011\/11\/Mecano-actual.jpg\" alt=\"Nacho Cano, Ana Torroja y Jose Mar\u00eda Cano en una de sus \u00faltimas im\u00e1genes juntos.\" width=\"471\" height=\"265\" srcset=\"https:\/\/static-blogs.hoy.es\/wp-content\/uploads\/sites\/10\/2011\/11\/Mecano-actual.jpg 471w, https:\/\/static-blogs.hoy.es\/wp-content\/uploads\/sites\/10\/2011\/11\/Mecano-actual-300x169.jpg 300w\" sizes=\"(max-width: 471px) 100vw, 471px\" \/><\/span><\/a><\/span><p id=\"caption-attachment-556\" class=\"wp-caption-text\">Nacho Cano, Ana Torroja y Jose Mar\u00eda Cano en una de sus \u00faltimas im\u00e1genes juntos.<\/p><\/div>\n<p><span style=\"color: #000080;\">No ser\u00eda algo tan extra\u00f1o. No encontramos en una \u00e9poca delicada, en la que el mundo discogr\u00e1fico, al no facturar los millones de anta\u00f1o, se apunta a la m\u00e1xima del <em>busco algo barato<\/em> y apuesta por lo seguro en detrimento de las nuevas ideas. Hace unos d\u00edas el D\u00fao Din\u00e1mico ha vuelto a presentar un \u00bfnuevo? disco. Hace bien poco Raphael o Miguelito Bos\u00e9. Las mismas canciones de siempre, interpretadas junto a artistas de siempre, o pasadas por el colador de DJs o productores de moda (en plan Pitbull o\u00a0 Carlos Jean). Ya hizo un amago el tr\u00edo madrile\u00f1o Mecano en el a\u00f1o 1998, anunciando su vuelta a los escenarios a bombo y platillo, que apenas supuso lo de siempre, un recopilatorio junto a un pu\u00f1ado peque\u00f1o de canciones nuevas que no eran m\u00e1s que descartes de anteriores discos. Que tendr\u00e1 el dinero que nos vuelve loco, y que lo artistas ganan y gastan a espuelas, pues fue esa la \u00fanica causa inamovible de la reaparici\u00f3n del tr\u00edo. Jos\u00e9 Mar\u00eda Cano se arruinaba cual hijo de la luna componiendo una interminable \u00d3pera que ni siquiera pudo estrenar, y su hermano Nacho y la cantante Ana Torroja no consegu\u00edan el \u00e9xito esperado con sus proyectos en solitario. El primer disco de Nacho Cano, experimental, era poco menos que insufrible, y el de la vocalista sin chicha ni limon\u00e1. Est\u00e1 m\u00e1s que demostrado que la relaci\u00f3n de los hermanos Cano no es sino <em>naturaleza muerta <\/em>que ni el idolatrado<em> Dalai Lama <\/em>del que tan devoto es el menor de los hermanos puede pagarle un<em> <\/em>billete de ida<em> <\/em>en un<em> barco a venus <\/em>para devolverle la luz.<em> Cruz de navajas <\/em>entre ellos<em> <\/em>y no precisamente por una mujer, que en este caso ha demostrado que ni pincha ni corta, le hizo anunciar a Jos\u00e9 Mar\u00eda en un acto p\u00fablico su definitivo abandono de la pantomima que hab\u00eda supuesto la vuelta de los famosos e idolatrados Mecano.<\/span><\/p>\n<div id=\"attachment_557\" style=\"width: 330px\" class=\"wp-caption alignnone\"><span style=\"color: #000080;\"><a href=\"\/loch-lomond\/wp-content\/uploads\/sites\/10\/2011\/11\/Mecano-\u00faltimo-disco.jpg\"><span style=\"color: #000080;\"><img aria-describedby=\"caption-attachment-557\" loading=\"lazy\" class=\"size-full wp-image-557\" title=\"Mecano \u00faltimo disco\" src=\"\/loch-lomond\/wp-content\/uploads\/sites\/10\/2011\/11\/Mecano-\u00faltimo-disco.jpg\" alt=\"El disco del desprop\u00f3sito. Hasta la fecha el \u00faltimo del grupo MECANO...por ahora.\" width=\"320\" height=\"317\" srcset=\"https:\/\/static-blogs.hoy.es\/wp-content\/uploads\/sites\/10\/2011\/11\/Mecano-\u00faltimo-disco.jpg 320w, https:\/\/static-blogs.hoy.es\/wp-content\/uploads\/sites\/10\/2011\/11\/Mecano-\u00faltimo-disco-150x150.jpg 150w, https:\/\/static-blogs.hoy.es\/wp-content\/uploads\/sites\/10\/2011\/11\/Mecano-\u00faltimo-disco-300x297.jpg 300w\" sizes=\"(max-width: 320px) 100vw, 320px\" \/><\/span><\/a><\/span><p id=\"caption-attachment-557\" class=\"wp-caption-text\">El disco del desprop\u00f3sito. Hasta la fecha el \u00faltimo del grupo MECANO...por ahora.<\/p><\/div>\n<p>&nbsp;<\/p>\n<p><span style=\"color: #000080;\">Segundas partes nunca fueron buenas, pero si estas se producen \u00fanicamente con fin recaudatorio tornan a peor. A\u00fan recuerdo la cara de pocos amigos que ostentaban los miembros del grupo en un especial que dieron en la tele el mismo d\u00eda que se pon\u00eda el disco a la venta. A la hora de interpretar un tema s\u00f3lo intervinieron Nacho Cano acompa\u00f1ando al piano a Ana Torroja, mientras Jos\u00e9 Mar\u00eda quedaba al margen con la misma cara que tuvo que poner la perra <em>Layka <\/em>cuando contempl\u00f3 aquella bola de color girando alrededor. Para colmo de males, salvo la autor\u00eda de un par de temas, Jos\u00e9 Mar\u00eda Cano no particip\u00f3 siquiera grabando guitarras, bajos o teclados en las nuevas canciones, y as\u00ed puede comprobarse en los cr\u00e9ditos del famoso disco recopilatorio. En 1998, cuando se produjo este hecho, la revoluci\u00f3n que supondr\u00eda Internet a\u00f1os m\u00e1s tarde, as\u00ed como el lastre de la pirater\u00eda, a\u00fan no hab\u00edan hecho mella en el mercado discogr\u00e1fico, por lo que el grupo y su discogr\u00e1fica consiguieron su objetivo con creces. El \u00fanico que sali\u00f3 mal parado fue una vez m\u00e1s el fiel y generoso p\u00fablico que no supo c\u00f3mo ocultar su decepci\u00f3n.<\/span><\/p>\n<p><span style=\"color: #000080;\"><em>Una rosa es una rosa, <\/em>pero la pela es la pela que dir\u00eda el catal\u00e1n <em>\u201cEungenio\u201d Salvador Dal\u00ed. Un a\u00f1o m\u00e1s<\/em> asistiremos al regreso del parip\u00e9 m\u00e1s paup\u00e9rrimo, la avaricia m\u00e1s bochornosa y la verg\u00fcenza ajena cuando otro grupo que marc\u00f3 un mito en los 80 y que leg\u00f3 para la historia de la m\u00fasica un excelente repertorio de canciones inolvidables, se arrastre ante sus numerosos fans cual <em>h\u00e9roes de la Ant\u00e1rtida,<\/em> haci\u00e9ndoles creer que todo lo que han hecho ha sido por ellos, porque se deben a su p\u00fablico, porque todo ha sido causa de la feliz providencia, de <em>la fuerza del destino.<\/em><\/span><\/p>\n<p><em>Publicado en Diario HOY el 27\/11\/2011<\/em><\/p>\n<p><a href=\"http:\/\/www.kioskoymas.com\/epaper\/showlink.aspx?bookmarkid=19AGPCUFR2I5&#038;preview=magnifier&#038;linkid=ffc71aec-d4b4-418b-882e-59dc9f2f4bec&#038;pdaffid=1NEHCXDv4QZRFanP7KJR9A%3d%3d\"><img src=\"\/\/cache2-thumb1.pressdisplay.com\/pressdisplay\/docserver\/getimage.aspx?file=22012011112700000000001001&#038;page=32&#038;scale=23\" alt=\"\" \/><\/a><\/p>\n<!-- AddThis Advanced Settings generic via filter on the_content --><!-- AddThis Share Buttons generic via filter on the_content -->","protected":false},"excerpt":{"rendered":"<p>&nbsp; Enrique Falc\u00f3. Mecan\u00f3filo Hoy no me puedo levantar. Y es que cuando estoy de vacaciones, perdido en mi habitaci\u00f3n, me da mucha pereza asomarme al mundo mundial. \u00a1Ay que pesado! \u00a1Qu\u00e9 bombardeo las \u00faltimas 48 horas con la noticia, rumor, falsa notica, bulo o desinformaci\u00f3n (cada cual la describe como quiere) sobre el hipot\u00e9tico [&hellip;]<!-- AddThis Advanced Settings generic via filter on get_the_excerpt --><!-- AddThis Share Buttons generic via filter on get_the_excerpt --><\/p>\n","protected":false},"author":14,"featured_media":0,"comment_status":"open","ping_status":"closed","sticky":false,"template":"","format":"standard","meta":[],"categories":[8],"tags":[163,250,408,486,657,663,813,1248,1305,1403,1418,1458,1473,1475,1477,1496,1515,1555,1615,1636,1728,1806,1946,2009,2387,2415,2429,2496,2498,2743,2756,2877,2986,3224,3314,3400,3401,3475,3509,3620,3634,3678,3682,3714,3797,3886,3905,3998,4076,4233,4277,4352,4383,4537,4619,4821,5084,5127,5136,5210,5375],"_links":{"self":[{"href":"https:\/\/blogs.hoy.es\/loch-lomond\/wp-json\/wp\/v2\/posts\/553"}],"collection":[{"href":"https:\/\/blogs.hoy.es\/loch-lomond\/wp-json\/wp\/v2\/posts"}],"about":[{"href":"https:\/\/blogs.hoy.es\/loch-lomond\/wp-json\/wp\/v2\/types\/post"}],"author":[{"embeddable":true,"href":"https:\/\/blogs.hoy.es\/loch-lomond\/wp-json\/wp\/v2\/users\/14"}],"replies":[{"embeddable":true,"href":"https:\/\/blogs.hoy.es\/loch-lomond\/wp-json\/wp\/v2\/comments?post=553"}],"version-history":[{"count":0,"href":"https:\/\/blogs.hoy.es\/loch-lomond\/wp-json\/wp\/v2\/posts\/553\/revisions"}],"wp:attachment":[{"href":"https:\/\/blogs.hoy.es\/loch-lomond\/wp-json\/wp\/v2\/media?parent=553"}],"wp:term":[{"taxonomy":"category","embeddable":true,"href":"https:\/\/blogs.hoy.es\/loch-lomond\/wp-json\/wp\/v2\/categories?post=553"},{"taxonomy":"post_tag","embeddable":true,"href":"https:\/\/blogs.hoy.es\/loch-lomond\/wp-json\/wp\/v2\/tags?post=553"}],"curies":[{"name":"wp","href":"https:\/\/api.w.org\/{rel}","templated":true}]}}