{"id":57,"date":"2010-07-21T00:01:00","date_gmt":"2010-07-21T00:01:00","guid":{"rendered":"http:\/\/blogs.hoy.es\/loch-lomond\/?p=56"},"modified":"2010-07-21T00:01:00","modified_gmt":"2010-07-21T00:01:00","slug":"quiero-hablar-portugues","status":"publish","type":"post","link":"https:\/\/blogs.hoy.es\/loch-lomond\/2010\/07\/21\/quiero-hablar-portugues\/","title":{"rendered":"Quiero hablar portugu\u00e9s"},"content":{"rendered":"<div id=\"attachment_1328\" style=\"width: 222px\" class=\"wp-caption alignleft\"><a href=\"\/loch-lomond\/wp-content\/uploads\/sites\/10\/2010\/07\/tintin_na_louzan.jpg\"><img aria-describedby=\"caption-attachment-1328\" loading=\"lazy\" class=\"size-full wp-image-1328\" title=\"tintin_na_louzan\" src=\"\/loch-lomond\/wp-content\/uploads\/sites\/10\/2010\/07\/tintin_na_louzan.jpg\" alt=\"El se\u00f1or Oliveira de Figueira, uno de los grandes amigos de Tint\u00edn, siempre obsequia a sus amigos con un rosado fresquito del sur de su pa\u00eds\" width=\"212\" height=\"300\" \/><\/a><p id=\"caption-attachment-1328\" class=\"wp-caption-text\">El se\u00f1or Oliveira de Figueira, uno de los grandes amigos de Tint\u00edn, siempre obsequia a sus amigos con un rosado fresquito del sur de su pa\u00eds<\/p><\/div>\n<p>&nbsp;<\/p>\n<p class=\"MsoNormal\" style=\"margin: 0cm 0cm 0pt; text-align: justify;\"><span style=\"color: #000000; font-family: Verdana; font-size: medium;\">\u00a0\u00a0\u00a0\u00a0 Le\u00ed ayer en <strong>Diario HOY<\/strong> una noticia que me gust\u00f3 especialmente \u201c<strong>Quiero hablar portugu\u00e9s<\/strong>\u201d rezaba en el titular. En ella se hablaba de \u201c<strong>Extreme\u00f1os Viajeros<\/strong>\u201d un campamento en el que <strong>100 j\u00f3venes<\/strong> de la regi\u00f3n <strong>aprenden portugu\u00e9s<\/strong> de una forma divertida y natural.<\/span><\/p>\n<p class=\"MsoNormal\" style=\"margin: 0cm 0cm 0pt; text-align: justify;\">\n<p class=\"MsoNormal\" style=\"margin: 0cm 0cm 0pt; text-align: justify;\">\n<p class=\"MsoNormal\" style=\"margin: 0cm 0cm 0pt; text-align: justify;\">\n<p class=\"MsoNormal\" style=\"margin: 0cm 0cm 0pt; text-align: justify;\"><span style=\"color: #000000; font-family: Verdana; font-size: medium;\">\u00a0\u00a0\u00a0\u00a0\u00a0 Es algo realmente <strong>\u00fatil<\/strong> debido a nuestra <strong>situaci\u00f3n geogr\u00e1fica<\/strong>, que <strong>no valoramos<\/strong> todo lo que debi\u00e9ramos. En la noticia se recoge una pregunta con la que me he sentido muy identificado:<\/span><\/p>\n<p>&nbsp;<\/p>\n<p class=\"MsoNormal\" style=\"margin: 0cm 0cm 0pt; text-align: justify;\"><span style=\"color: #000000; font-size: medium;\"><span style=\"font-family: Verdana;\">\u00a0\u00a0\u00a0\u00a0 \u201c\u00bf<\/span><span style=\"font-family: Verdana; mso-bidi-font-family: Arial;\"><strong>Qui\u00e9n no se ha encontrado alguna vez en un contexto de incomunicaci\u00f3n ling\u00fc\u00edstica, que le ha impedido realizar con \u00e9xito una gesti\u00f3n<\/strong>?\u201d \u00bfQu\u00e9 quien? Pues el menda. Les cuento:<\/span><\/span><\/p>\n<p class=\"MsoNormal\" style=\"margin: 0cm 0cm 0pt; text-align: justify;\">\n<p class=\"MsoNormal\" style=\"margin: 0cm 0cm 0pt; text-align: justify;\">\n<p class=\"MsoNormal\" style=\"margin: 0cm 0cm 0pt; text-align: justify;\">\n<p class=\"MsoNormal\" style=\"margin: 0cm 0cm 0pt; text-align: justify;\"><span style=\"color: #000000; font-family: Verdana; font-size: medium; mso-bidi-font-family: Arial;\">Hace cosa as\u00ed de unos 6 a\u00f1os, <strong><a title=\"Javi Palacios\" href=\"https:\/\/blogs.hoy.es\/loch-lomond\/2012\/03\/21\/javi-palacios\/\" target=\"_blank\">mi amigo Javi<\/a><\/strong> (ya saben, \u00edntimo m\u00edo y de la gula, como quien suscribe) era el due\u00f1o de una peque\u00f1a y coqueta <strong>agencia de viajes<\/strong>. Como <strong>gran amigo<\/strong> que es, siempre estaba al tanto de cualquier <strong>oferta<\/strong> que me pudiera interesar y hete aqu\u00ed que encontr\u00f3 una de ellas. Realmente magn\u00edfica a un precio muy bueno, en un precioso <strong>Hotel de Oeiras<\/strong>, una agradable <strong>Villa portuguesa del distrito de Lisboa<\/strong>. Si a esto le unimos las ganas de mi novia por visitar <strong>Portugal<\/strong> estaba claro que el viaje era coser y cantar.<\/span><\/p>\n<p class=\"MsoNormal\" style=\"margin: 0cm 0cm 0pt; text-align: justify;\">\n<p class=\"MsoNormal\" style=\"margin: 0cm 0cm 0pt; text-align: justify;\">\n<p><span style=\"color: #000000; font-family: Verdana; font-size: medium; mso-bidi-font-family: Arial;\">Uno est\u00e1 acostumbrado a <strong>tratar con los portugueses<\/strong> desde que tiene uso de raz\u00f3n, <strong>a que le entiendan<\/strong> sin problemas, m\u00e1s ellos a nosotros que nosotros a ellos. \u00bfQui\u00e9n no ha ido al <strong>Pagapouco<\/strong> a por <strong>toallas<\/strong> o <a title=\"Los pollos de Portugal\" href=\"https:\/\/blogs.hoy.es\/loch-lomond\/2011\/10\/27\/los-pollos-de-portugal\/\" target=\"_blank\"><span style=\"color: #000000;\">a comer pollo a la brasa al O Carrascal?<\/span><\/a> Los tenemos tan cerquita que no valoramos la <strong>complejidad de su idioma<\/strong>, y claro, cuando sales un poco m\u00e1s all\u00e1 de <strong>Elvas<\/strong>, pasa lo que pasa, lo que le ocurri\u00f3 a un servidor, <strong>que no entend\u00eda nada<\/strong>\u2026 ni ellos a mi.<\/span><\/p>\n<p>&nbsp;<\/p>\n<p>&nbsp;<\/p>\n<p class=\"MsoNormal\" style=\"margin: 0cm 0cm 0pt; text-align: justify;\"><span style=\"color: #000000; font-family: Verdana; font-size: medium; mso-bidi-font-family: Arial;\">La <strong>primera an\u00e9cdota<\/strong> fue divertida en grado sumo. Al preguntar en una gasolinera por la salida de la autopista, un simp\u00e1tico lugare\u00f1o me indic\u00f3 amablemente como salir, al no entenderle me lo explic\u00f3 gr\u00e1ficamente en un dibujo que garabate\u00f3 all\u00ed mismo y se lo agradec\u00ed con mi mejor sonrisa y un inentendible \u201c<strong>obrigado<\/strong>\u201d. Muy orgulloso de mis <strong>conocimientos ling\u00fc\u00edsticos<\/strong> volv\u00ed al coche a presumir delante de mi novia de mi <strong>habilidad para las lenguas<\/strong>.<\/span><\/p>\n<p class=\"MsoNormal\" style=\"margin: 0cm 0cm 0pt; text-align: justify;\">\n<p class=\"MsoNormal\" style=\"margin: 0cm 0cm 0pt; text-align: justify;\">\n<p class=\"MsoNormal\" style=\"margin: 0cm 0cm 0pt; text-align: justify;\"><span style=\"color: #000000; font-family: Verdana; font-size: medium; mso-bidi-font-family: Arial;\">\u00a0<\/span><\/p>\n<p class=\"MsoNormal\" style=\"margin: 0cm 0cm 0pt; text-align: justify;\"><span style=\"color: #000000; font-family: Verdana; font-size: medium; mso-bidi-font-family: Arial;\">El caso es que siguiendo sus indicaciones al pie de la letra, el croquis me llev\u00f3 directamente a un cajero autom\u00e1tico. &#8220;\u00bfPero esto que es? \u00bfDonde estamos?&#8221; Me dec\u00eda mi novia \u201c\u00bfqu\u00e9 le has preguntado?\u201d me dio por mirar bien el dibujo y el amigo anteriormente mencionado me hab\u00eda dibujado un peque\u00f1o <strong>cajero autom\u00e1tico<\/strong>. Yo no s\u00e9 lo que entender\u00eda, pero est\u00e1 claro que no nos pusimos de acuerdo.<\/span><\/p>\n<p class=\"MsoNormal\" style=\"margin: 0cm 0cm 0pt; text-align: justify;\">\n<p>&nbsp;<\/p>\n<div id=\"attachment_1329\" style=\"width: 385px\" class=\"wp-caption alignright\"><a href=\"\/loch-lomond\/wp-content\/uploads\/sites\/10\/2010\/07\/Mateus.jpg\"><img aria-describedby=\"caption-attachment-1329\" loading=\"lazy\" class=\"size-full wp-image-1329\" title=\"Mateus\" src=\"\/loch-lomond\/wp-content\/uploads\/sites\/10\/2010\/07\/Mateus.jpg\" alt=\"El Mateus Rosado es siempre mi primera opci\u00f3n para acompa\u00f1ar la fant\u00e1stica gastronom\u00eda portuguesa.\" width=\"375\" height=\"500\" srcset=\"https:\/\/static-blogs.hoy.es\/wp-content\/uploads\/sites\/10\/2010\/07\/Mateus.jpg 375w, https:\/\/static-blogs.hoy.es\/wp-content\/uploads\/sites\/10\/2010\/07\/Mateus-225x300.jpg 225w\" sizes=\"(max-width: 375px) 100vw, 375px\" \/><\/a><p id=\"caption-attachment-1329\" class=\"wp-caption-text\">El Mateus Rosado es siempre mi primera opci\u00f3n para acompa\u00f1ar la fant\u00e1stica gastronom\u00eda portuguesa.<\/p><\/div>\n<p><span style=\"color: #000000; font-family: Verdana; font-size: medium; mso-bidi-font-family: Arial;\"><strong>La an\u00e9cdota m\u00e1s graciosa<\/strong> me ocurri\u00f3 en un <strong>centro comercial de Lisboa<\/strong>, una ma\u00f1ana que nos acercamos a <strong>la maravillosa capital lusa<\/strong>.<\/span><\/p>\n<p><span style=\"color: #000000; font-family: Verdana; font-size: medium; mso-bidi-font-family: Arial;\">\u00a0<\/span><\/p>\n<p>&nbsp;<\/p>\n<p><span style=\"color: #000000; font-family: Verdana; font-size: medium; mso-bidi-font-family: Arial;\">No hab\u00eda forma de recordar donde se hallaba estacionado mi coche, y <strong>no me enteraba de nada<\/strong> de lo que me dec\u00edan los empleados del centro. Una vez me mandaron a la secci\u00f3n de cosm\u00e9tica, otra a la de bebidas, y una tercera a la zona de comidas (seguramente la se\u00f1orita por mi enclenque f\u00edsico consider\u00f3 que me vendr\u00eda bien comer algo). <\/span><\/p>\n<p>&nbsp;<\/p>\n<p>&nbsp;<\/p>\n<p><span style=\"color: #000000; font-family: Verdana; font-size: medium; mso-bidi-font-family: Arial;\">As\u00ed fue, porque con la hora que era y ya localizado el auto, le propuse a mi novia <strong>comer all\u00ed mismo<\/strong> y a la jefa le pareci\u00f3 bien.<\/span><br \/>\n<span style=\"color: #000000; font-family: Verdana; font-size: medium; mso-bidi-font-family: Arial;\"> Entramos en una especie de <strong>franquicia<\/strong> que ten\u00eda muy buena pinta, y decidimos que pedir\u00edamos <strong>pollo a la brasa con patatas y una botellita de Mateus rosado<\/strong>. <\/span><\/p>\n<p>&nbsp;<\/p>\n<p>&nbsp;<\/p>\n<p><span style=\"color: #000000; font-family: Verdana; font-size: medium; mso-bidi-font-family: Arial;\">Lo del vino fue misi\u00f3n imposible. \u201cMA-TE-US\u201d <strong>gritaba<\/strong> mi menda letra por letra pero no me entend\u00edan. \u201c<strong>Rose wine please<\/strong>\u201d gritaba en ingl\u00e9s. Mi novia me suplicaba que me tranquilizara, pero es que era tal la impotencia que cuando vi al <strong>camarero<\/strong> que llegaba con una <strong>botella de agua mineral y la mantequilla portuguesa<\/strong> se me cay\u00f3 el alma a los pies. Renunciando al fesco y ligero rosado pasamos al segundo acto.<\/span><\/p>\n<p><span style=\"color: #000000; font-family: Verdana; font-size: medium; mso-bidi-font-family: Arial;\">\u00a0<\/span><\/p>\n<p>&nbsp;<\/p>\n<p><span style=\"color: #000000; font-family: Verdana; font-size: medium; mso-bidi-font-family: Arial;\">Al pedir la comida el espect\u00e1culo alcanz\u00f3 ya una singularidad c\u00f3mica importante, pues est\u00e1bamos a punto de cobrar entrada para <strong>el show de Falc\u00f3<\/strong>. No me acordaba de c\u00f3mo se dec\u00eda <strong>pollo en portugu\u00e9s<\/strong>, y el camarero no se enteraba. \u201c\u00a1pero por dios\u2026 Pollo se\u00f1or m\u00edo! \u00a1<strong>Pollo, kichen me cago en la leche<\/strong>!\u201d (quer\u00eda decir <strong>kentuky fried chiken<\/strong> pero con los nervios me sal\u00eda kitchen, cocina en ingl\u00e9s) de repente me levant\u00e9 desesperado y <strong>me puse a cacarear<\/strong> \u201cco co co co\u201d y a mover mis brazos y cuello <strong>imitando a una verdadera gallina<\/strong>, s\u00f3lo me falt\u00f3 poner un huevo.<\/span><\/p>\n<p>&nbsp;<\/p>\n<p>&nbsp;<\/p>\n<p class=\"MsoNormal\" style=\"margin: 0cm 0cm 0pt; text-align: justify;\"><span style=\"color: #000000; font-family: Verdana; font-size: medium; mso-bidi-font-family: Arial;\">Si se\u00f1or, un t\u00edo hecho y derecho, un veintea\u00f1ero camino de la treintena, de uno ochenta y dos de estatura y m\u00e1s de 120 kilos de peso se puso a cacarear como <strong>la Gallina Caponata<\/strong> delante de todo el restaurante, que dicho sea de paso, se encontraba razonablemente lleno.<\/span><\/p>\n<div id=\"attachment_1330\" style=\"width: 310px\" class=\"wp-caption aligncenter\"><a href=\"\/loch-lomond\/wp-content\/uploads\/sites\/10\/2010\/07\/frango.jpg\"><img aria-describedby=\"caption-attachment-1330\" loading=\"lazy\" class=\"size-medium wp-image-1330\" title=\"frango\" src=\"\/loch-lomond\/wp-content\/uploads\/sites\/10\/2010\/07\/frango.jpg\" alt=\"Pollo en portugu\u00e9s se dice frango. \u00a1Nunca lo olvidar\u00e9!\" width=\"300\" height=\"201\" srcset=\"https:\/\/static-blogs.hoy.es\/wp-content\/uploads\/sites\/10\/2010\/07\/frango.jpg 1200w, https:\/\/static-blogs.hoy.es\/wp-content\/uploads\/sites\/10\/2010\/07\/frango-300x202.jpg 300w, https:\/\/static-blogs.hoy.es\/wp-content\/uploads\/sites\/10\/2010\/07\/frango-768x516.jpg 768w, https:\/\/static-blogs.hoy.es\/wp-content\/uploads\/sites\/10\/2010\/07\/frango-1024x688.jpg 1024w\" sizes=\"(max-width: 300px) 100vw, 300px\" \/><\/a><p id=\"caption-attachment-1330\" class=\"wp-caption-text\">Pollo en portugu\u00e9s se dice frango. \u00a1Nunca lo olvidar\u00e9!<\/p><\/div>\n<p>&nbsp;<\/p>\n<p>&nbsp;<\/p>\n<p><span style=\"color: #000000; font-family: Verdana; font-size: medium; mso-bidi-font-family: Arial;\">Mi novia estuvo a punto de meterse debajo de la mesa de la <strong>verg\u00fcenza<\/strong>, (aunque despu\u00e9s lo pens\u00f3 bien y me reconoci\u00f3 que la cosa ten\u00eda guasa y que le entr\u00f3 la <strong>risa floja<\/strong>). Resulta que el sitio donde nos encontr\u00e1bamos se llamaba \u201c<strong>Se\u00f1or Frango<\/strong>\u201d, como ya sabr\u00e1n la mayor\u00eda, <strong>frango es pollo en portugu\u00e9s<\/strong>. \u00a1Qu\u00e9 bien me hubiera venido el campamento de \u201cExtreme\u00f1os Viajeros\u201d!<\/span><\/p>\n<p>&nbsp;<\/p>\n<!-- AddThis Advanced Settings generic via filter on the_content --><!-- AddThis Share Buttons generic via filter on the_content -->","protected":false},"excerpt":{"rendered":"<p>&nbsp; \u00a0\u00a0\u00a0\u00a0 Le\u00ed ayer en Diario HOY una noticia que me gust\u00f3 especialmente \u201cQuiero hablar portugu\u00e9s\u201d rezaba en el titular. En ella se hablaba de \u201cExtreme\u00f1os Viajeros\u201d un campamento en el que 100 j\u00f3venes de la regi\u00f3n aprenden portugu\u00e9s de una forma divertida y natural. \u00a0\u00a0\u00a0\u00a0\u00a0 Es algo realmente \u00fatil debido a nuestra situaci\u00f3n geogr\u00e1fica, [&hellip;]<!-- AddThis Advanced Settings generic via filter on get_the_excerpt --><!-- AddThis Share Buttons generic via filter on get_the_excerpt --><\/p>\n","protected":false},"author":14,"featured_media":0,"comment_status":"open","ping_status":"closed","sticky":false,"template":"","format":"standard","meta":[],"categories":[2],"tags":[96,263,437,732,741,1439,1515,1744,1806,1884,1991,2167,2174,2228,2632,2681,2830,2843,2878,3074,3103,3167,3378,3455,3745,3759,3770,3783,3859,4130,4131,4160,4161,4316,4484,4526,4638,4986,5209],"_links":{"self":[{"href":"https:\/\/blogs.hoy.es\/loch-lomond\/wp-json\/wp\/v2\/posts\/57"}],"collection":[{"href":"https:\/\/blogs.hoy.es\/loch-lomond\/wp-json\/wp\/v2\/posts"}],"about":[{"href":"https:\/\/blogs.hoy.es\/loch-lomond\/wp-json\/wp\/v2\/types\/post"}],"author":[{"embeddable":true,"href":"https:\/\/blogs.hoy.es\/loch-lomond\/wp-json\/wp\/v2\/users\/14"}],"replies":[{"embeddable":true,"href":"https:\/\/blogs.hoy.es\/loch-lomond\/wp-json\/wp\/v2\/comments?post=57"}],"version-history":[{"count":0,"href":"https:\/\/blogs.hoy.es\/loch-lomond\/wp-json\/wp\/v2\/posts\/57\/revisions"}],"wp:attachment":[{"href":"https:\/\/blogs.hoy.es\/loch-lomond\/wp-json\/wp\/v2\/media?parent=57"}],"wp:term":[{"taxonomy":"category","embeddable":true,"href":"https:\/\/blogs.hoy.es\/loch-lomond\/wp-json\/wp\/v2\/categories?post=57"},{"taxonomy":"post_tag","embeddable":true,"href":"https:\/\/blogs.hoy.es\/loch-lomond\/wp-json\/wp\/v2\/tags?post=57"}],"curies":[{"name":"wp","href":"https:\/\/api.w.org\/{rel}","templated":true}]}}