{"id":574,"date":"2011-12-06T04:17:07","date_gmt":"2011-12-06T03:17:07","guid":{"rendered":"http:\/\/blogs.hoy.es\/loch-lomond\/?p=574"},"modified":"2011-12-06T04:17:07","modified_gmt":"2011-12-06T03:17:07","slug":"lolo-merino","status":"publish","type":"post","link":"https:\/\/blogs.hoy.es\/loch-lomond\/2011\/12\/06\/lolo-merino\/","title":{"rendered":"Lolo Merino"},"content":{"rendered":"<p><a href=\"\/loch-lomond\/wp-content\/uploads\/sites\/10\/2011\/12\/lotoazul-usa.jpg\"><img loading=\"lazy\" class=\"aligncenter  wp-image-576\" title=\"lotoazul-usa\" src=\"\/loch-lomond\/wp-content\/uploads\/sites\/10\/2011\/12\/lotoazul-usa.jpg\" alt=\"\" width=\"592\" height=\"300\" \/><\/a><\/p>\n<p>&nbsp;<\/p>\n<p><span style=\"color: #000000; font-size: medium;\"><a title=\"EL LOTO AZUL en Don de LOCH LOMOND\" href=\"https:\/\/blogs.hoy.es\/loch-lomond\/category\/el-loto-azul-2\/\" target=\"_blank\"><span style=\"color: #000000;\">EL LOTO AZUL<\/span><\/a> se muestra ya como <strong>una secci\u00f3n consolidada en Don de LOCH LOMOND<\/strong>, y ya hay quienes me echan en cara esa especie de estima y cierto inter\u00e9s que muestro \u00faltimamente por hablar de los colaboradores de la secci\u00f3n en detrimento de otro tipo de temas. Ya en plan de cachondeo, aunque no sin cierto deje de mala leche, alguno que otro intenta sacarme los colores por aquello de que lo que busco es que me hagan el trabajo (por lo visto escribir mi presentaci\u00f3n y editar el post no cuenta) y que esta secci\u00f3n no es m\u00e1s que un invento que pone de manifiesto mi falta de ideas (cosa que despu\u00e9s de <strong>m\u00e1s de 100 Tribunas en HOY<\/strong> y alrededor de <strong>300 post<\/strong> ya es querer poner en duda que la Tierra es redonda y da vueltas alrededor del Sol).<\/span><\/p>\n<p>&nbsp;<\/p>\n<p><span style=\"color: #000000; font-size: medium;\">\u00a0Pero yo sigo en mis trece, y m\u00e1s contento y feliz que unas casta\u00f1uelas, porque <strong>es una enorme satisfacci\u00f3n que personas a las que estimo y admiro de muchas maneras se presten a regalarme una parte de ellos para compartirla con ustedes<\/strong>, mis queridos y desocupados lectores. <strong>Son mis amigos de EL LOTO AZUL quienes sirven el mejor LOCH LOMOND en esta secci\u00f3n<\/strong>, para que todos aprendamos algo nuevo y conozcamos a quienes tienen tanto y tan bueno que ofrecernos.<\/span><\/p>\n<div id=\"attachment_577\" style=\"width: 475px\" class=\"wp-caption alignleft\"><img aria-describedby=\"caption-attachment-577\" loading=\"lazy\" class=\"size-full wp-image-577\" title=\"Lolo Merino\" src=\"\/loch-lomond\/wp-content\/uploads\/sites\/10\/2011\/12\/Lolo-Merino.jpg\" alt=\"El periodista extreme\u00f1o Lolo Merino. Director y presentador de \"Hoy por Hoy Extremadura\" en Cadena Ser\" width=\"465\" height=\"720\" srcset=\"https:\/\/static-blogs.hoy.es\/wp-content\/uploads\/sites\/10\/2011\/12\/Lolo-Merino.jpg 465w, https:\/\/static-blogs.hoy.es\/wp-content\/uploads\/sites\/10\/2011\/12\/Lolo-Merino-194x300.jpg 194w\" sizes=\"(max-width: 465px) 100vw, 465px\" \/><p id=\"caption-attachment-577\" class=\"wp-caption-text\"><\/span><\/a><\/span><\/p><\/div>\n<p class=\"wp-caption-dd\"><span style=\"color: #000000; font-size: medium;\">Sin ir m\u00e1s lejos, hoy tiene a bien pasarse por aqu\u00ed <strong>Lolo Merino<\/strong>, a quien la mayor\u00eda de ustedes conocer\u00e1, o al menos estar\u00e1 familiarizado con el sonido de su voz, ya que <strong>dirige y presenta Hoy por Hoy Extremadura<\/strong>, programa l\u00edder de la radio extreme\u00f1a, y adem\u00e1s es <strong>uno de los articulistas<\/strong> (mi favorito, y que no se me enfaden los dem\u00e1s) <strong>de la secci\u00f3n \u201cPlaza Alta\u201d en Diario HOY<\/strong>.<\/span><\/p>\n<p><span style=\"color: #000000; font-size: medium;\">Nos conocimos personalmente en <strong>los estudios de Cadena Ser<\/strong>, en mayo de 2010. Yo ya lo conoc\u00eda de o\u00eddas, y por supuesto de vista (Badajoz es muy chico). No hubo vuelta de hoja. <strong>Me cay\u00f3 bien desde el primer saludo<\/strong>, y eso que apenas cruzamos unas pocas palabras. La Cadena Ser, muy generosamente me abr\u00eda sus puertas y est\u00e1bamos estudiando como encajar una colaboraci\u00f3n en su programa. A los pocos d\u00edas la direcci\u00f3n de HOY me encarg\u00f3 la creaci\u00f3n de este blog, por lo que aquella colaboraci\u00f3n qued\u00f3 en el aire por falta material de tiempo, o como a m\u00ed me gusta m\u00e1s decir, suspendida en el espacio a la espera de ocasi\u00f3n m\u00e1s propicia, que seguro que la habr\u00e1. <\/span><\/p>\n<p>&nbsp;<\/p>\n<p><span style=\"color: #000000; font-size: medium;\">Ustedes ya imaginar\u00e1n, que aunque <strong><a title=\"Yo no soy periodista\" href=\"https:\/\/blogs.hoy.es\/loch-lomond\/2011\/04\/24\/yo-soy-periodista\/\" target=\"_blank\"><span style=\"color: #000000;\">no soy periodista<\/span><\/a><\/strong> conozco a muchos de ellos, y ninguno no s\u00f3lo no me ha hablado mal de Lolo Merino sino que no he encontrado a nadie que no me cuente cosas buenas de \u00e9l. <\/span><\/p>\n<p>&nbsp;<\/p>\n<p><span style=\"color: #000000; font-size: medium;\"><strong>Cuando uno lo escucha a trav\u00e9s de las ondas percibe esa sensaci\u00f3n de familiaridad que solo puede ofrec\u00e9rtela aquel que se siente como pez en el agua tras el micr\u00f3fono<\/strong>. Leer <strong>sus columnas en HOY<\/strong> es una buena excusa para mantener una media sonrisa durante unos minutos.<\/span><\/p>\n<div id=\"attachment_578\" style=\"width: 215px\" class=\"wp-caption alignright\"><span style=\"color: #000000;\"><a href=\"\/loch-lomond\/wp-content\/uploads\/sites\/10\/2011\/12\/Lolo-Merino-Hoy-por-Hoy-Extremadura.-Cadena-Ser.jpg\"><span style=\"color: #000000;\"><img aria-describedby=\"caption-attachment-578\" loading=\"lazy\" class=\"size-medium wp-image-578\" title=\"Lolo Merino (Hoy por Hoy Extremadura. Cadena Ser)\" src=\"\/loch-lomond\/wp-content\/uploads\/sites\/10\/2011\/12\/Lolo-Merino-Hoy-por-Hoy-Extremadura.-Cadena-Ser.jpg\" alt=\"Lolo Merino (Hoy por Hoy Extremadura. Cadena Ser)\" width=\"205\" height=\"300\" srcset=\"https:\/\/static-blogs.hoy.es\/wp-content\/uploads\/sites\/10\/2011\/12\/Lolo-Merino-Hoy-por-Hoy-Extremadura.-Cadena-Ser.jpg 640w, https:\/\/static-blogs.hoy.es\/wp-content\/uploads\/sites\/10\/2011\/12\/Lolo-Merino-Hoy-por-Hoy-Extremadura.-Cadena-Ser-205x300.jpg 205w\" sizes=\"(max-width: 205px) 100vw, 205px\" \/><\/span><\/a><\/span><p id=\"caption-attachment-578\" class=\"wp-caption-text\">Lolo Merino (Hoy por Hoy Extremadura. Cadena Ser)<\/p><\/div>\n<p class=\"wp-caption-dd\"><span style=\"color: #000000; font-size: medium;\">Lo que m\u00e1s me gusta de sus columnas, adem\u00e1s de que toca temas que me agradan especialmente (aquellos que se empe\u00f1an en <a title=\"Doblefileros (Lolo Merino)\" href=\"http:\/\/www.hoy.es\/v\/20110506\/badajoz\/doblefileros-20110506.html\" target=\"_blank\"><span style=\"color: #000000;\">aparcar en doble fila<\/span><\/a>, las viejas <a title=\"Mire el pajarito (Lolo Merino)\" href=\"http:\/\/www.hoy.es\/v\/20111117\/badajoz\/mire-pajarito-20111117.html\" target=\"_blank\"><span style=\"color: #000000;\">fotograf\u00edas<\/span><\/a> de siempre, <a title=\"Suena el Run Run (Lolo Merino)\" href=\"http:\/\/www.hoy.es\/v\/20111003\/badajoz\/suena-20111003.html\" target=\"_blank\"><span style=\"color: #000000;\">los ruidos de su amado Casco Antiguo<\/span><\/a>\u2026) \u00a0es su \u00a0maestr\u00eda para mostrar al lector lo especial y m\u00e1gico que ostentan aquellas cosas tan cotidianas que a algunos les parecen tan simples. Lolo Merino tiene buena memoria, como quien suscribe, y aunque \u00e9l es algo m\u00e1s joven le gusta recordar tiempos pasados de Badajoz, <a title=\"Marchando (Lolo Merino)\" href=\"http:\/\/www.hoy.es\/v\/20111024\/badajoz\/marchando-20111024.html\" target=\"_blank\"><span style=\"color: #000000;\">honrar a camareros<\/span><\/a> o personajes ilustres o a\u00f1orar lo especiales que eran las viejas fotograf\u00edas. Y sobre todo mostrar su debilidad por el Casco Antiguo de <a title=\"Con B de Barcelona (Lolo Merino)\" href=\"http:\/\/www.hoy.es\/v\/20110818\/badajoz\/barcelona-20110818.html\" target=\"_blank\"><span style=\"color: #000000;\">Badajoz<\/span><\/a>, ciudad que ama y aprende a querer cada d\u00eda un poco m\u00e1s. <\/span><\/p>\n<p class=\"wp-caption-dd\"><span style=\"color: #000000; font-size: medium;\"><strong>Los que rondamos la treintena<\/strong>, m\u00e1s arriba o m\u00e1s abajo, <strong>nos sentimos muy identificados con sus historias<\/strong>, por lo que aprovecho p\u00fablicamente para pedirle que cree cuanto antes un blog en el que ir almacenando sus columnas en HOY junto a post deliciosos como el que nos regala en esta ocasi\u00f3n, en el que nos presenta el comienzo de un buen d\u00eda cual delicioso y enorme helado al que a\u00fan no\u00a0te\u00a0has\u00a0atrevido a dar\u00a0el primer mordisco. <\/span><\/p>\n<p class=\"wp-caption-dd\"><span style=\"color: #000000; font-size: medium;\">Lo dicho,<a title=\"Yo no soy periodista (Enrique Falc\u00f3)\" href=\"https:\/\/blogs.hoy.es\/loch-lomond\/2011\/04\/24\/yo-soy-periodista\/\" target=\"_blank\"><span style=\"color: #000000;\"> yo no soy periodista<\/span><\/a>, pero s\u00ed <a title=\"Enrique Garc\u00eda Calder\u00f3n\" href=\"https:\/\/blogs.hoy.es\/loch-lomond\/2012\/04\/25\/enrique-garcia-calderon\/\" target=\"_blank\"><span style=\"color: #000000;\">hijo<\/span><\/a> y nieto de ellos y s\u00e9 de qu\u00e9 va esto. Por lo tanto puedo afirmar categ\u00f3ricamente que <strong>periodistas como Lolo Merino con cualidades como juventud, humildad, franqueza, esfuerzo y trabajo dignifican una profesi\u00f3n tan incomprendida como maravillosa<\/strong>. A\u00f1adir\u00e9 que <strong>es del Barsa<\/strong> para que quede muestra p\u00fablica de que <strong>alg\u00fan fallo ten\u00eda que tener<\/strong> (bromilla de madridista envidiosillo). <\/span><\/p>\n<p class=\"wp-caption-dd\"><span style=\"color: #000000;\"><strong><span style=\"font-size: medium;\">Con todos ustedes Lolo Merino. Rel\u00e1jense y disfruten de su prosa, de su ciudad y de sus gentes.<\/span><\/strong><\/span><\/p>\n<p>&nbsp;<\/p>\n<p style=\"text-align: center;\"><span style=\"color: #000080; font-size: medium; text-decoration: underline;\">\u00a0<strong>Badajoz est\u00e1 de puente <\/strong><\/span><\/p>\n<p style=\"text-align: center;\"><span style=\"color: #000000; font-size: medium; text-decoration: underline;\"><strong>(Lolo Merino)<\/strong><\/span><\/p>\n<p><span style=\"color: #000080; font-size: medium;\">Badajoz est\u00e1 de puente. Se viste de fantasma. Suena a m\u00fasica de spaghetti western, a duelo al atardecer ante la ausencia de miradas. Aqu\u00ed no hay forasteros ni pistolas. S\u00f3lo el pirulo arrastrando su carro. Su perro asido a una cuerda a modo de correa improvisada.\u00a0<\/span><\/p>\n<p><span style=\"color: #000080; font-size: medium;\">Amanece y los primeros rayos de sol se reflejan en otro pirulo, no es tropical, es navide\u00f1o, y cada noche atrae a la plaza de Espa\u00f1a a ni\u00f1os y mayores. Le rinden pleites\u00eda como si de un t\u00f3tem se tratara. Me hace gracia.<\/span><\/p>\n<p>&nbsp;<\/p>\n<div id=\"attachment_580\" style=\"width: 650px\" class=\"wp-caption aligncenter\"><a href=\"\/loch-lomond\/wp-content\/uploads\/sites\/10\/2011\/12\/Badajoz-est\u00e1-de-puente1.jpg\"><img aria-describedby=\"caption-attachment-580\" loading=\"lazy\" class=\"size-full wp-image-580\" title=\"Badajoz est\u00e1 de puente\" src=\"\/loch-lomond\/wp-content\/uploads\/sites\/10\/2011\/12\/Badajoz-est\u00e1-de-puente1.jpg\" alt=\"Badajoz est\u00e1 de puente\" width=\"640\" height=\"440\" srcset=\"https:\/\/static-blogs.hoy.es\/wp-content\/uploads\/sites\/10\/2011\/12\/Badajoz-est\u00e1-de-puente1.jpg 640w, https:\/\/static-blogs.hoy.es\/wp-content\/uploads\/sites\/10\/2011\/12\/Badajoz-est\u00e1-de-puente1-300x206.jpg 300w\" sizes=\"(max-width: 640px) 100vw, 640px\" \/><\/a><p id=\"caption-attachment-580\" class=\"wp-caption-text\">Badajoz est\u00e1 de puente<\/p><\/div>\n<p><span style=\"color: #000080; font-size: medium;\">Camino de buena ma\u00f1ana hacia la radio. S\u00e1bado. Es temprano. Toca currar. Silencio y tras \u00e9l, m\u00e1s silencio. Sigo mi camino. Hoy toca darle a la tecla para mi amigo Enrique Falc\u00f3. Me pide que colabore en este blog en el que son muchos los que aportan su poes\u00eda, su fotograf\u00eda, su m\u00fasica, su cr\u00edtica, su mirada a fin de cuentas. Estamos en tiempos de crear, so\u00f1ar e imaginar. Es gratis. No cuesta nada. No hay excusas. No duele el bolsillo. Yo encantado.<\/span><\/p>\n<p><span style=\"color: #000080; font-size: medium;\">Esta semana he estado escuchando en el MEIAC al escritor gallego Agust\u00edn Fern\u00e1ndez Mallo. Nos lo ha tra\u00eddo el Aula de Poes\u00eda Enrique D\u00edez Canedo. Gracias una vez m\u00e1s. Dice el autor que no le interesa la gente, s\u00f3lo las personas. Ha creado la generaci\u00f3n Nocilla, la poes\u00eda post po\u00e9tica, la obra fragmentada. La improvisaci\u00f3n como tim\u00f3n de una nave que no sabe a d\u00f3nde viaja. El lector sabe lo mismo que el autor a medida que avanza la novela. Me gusta. Me apasiona. Porque \u00e9l busca y busca en este tiempo de perdidos. Ya sea por el paro, por la amnesia, por la falta de compromiso, lucha o revelaci\u00f3n. Unos marchan atra\u00eddos por acueductos festivos, otros se quedan para buscar sin moverse de casa. De Gamoneda a Fern\u00e1ndez Mallo, el Aula hace visible su amplitud de miras, no entiende de presupuestos ni enmiendas. Ellos siguen all\u00ed. Ach\u00f3tegui, Paulete, Enrique y S\u00e1ez no entienden de macro puentes. Est\u00e1n dispuestos a asistir al duelo del mediod\u00eda en un paisaje ba\u00f1ado de miradas ausentes.<\/span><\/p>\n<p>&nbsp;<\/p>\n<p><span style=\"color: #000080; font-size: medium;\">Vengo de la presentaci\u00f3n del Festival de Nimes, donde all\u00e1 por el mes de enero, sonar\u00e1n los cantes de la Kaita, el Madalena o Alejandro Vegas. No han estado en la rueda de prensa. Con los flamencos nunca se sabe. A lo mejor no se despertaron o quiz\u00e1 ni siquiera se acostaron. Es el peaje que hay que pagar por ese arte despeinado, canalla y valiente. Y hablando de m\u00fasica, de flamenco, de puentes y de ausencias, me quedo con las ganas de escuchar la bater\u00eda del se\u00f1or que firma este blog. Me lo repite mi compa\u00f1ero y amigo <a title=\"Los Desahuciados (Para Siempre)\" href=\"https:\/\/blogs.hoy.es\/loch-lomond\/2010\/11\/26\/para-siempre\/\" target=\"_blank\">Luis Gonzalo<\/a> (con el que me ir\u00eda a cubrir una guerra si hiciera falta) \u201cQu\u00e9 bueno es este t\u00edo tocando la bater\u00eda\u201d. Algo hab\u00eda llegado ya a mis o\u00eddos. Mientras tanto, mis ojos ven como dos ancianos se toman la mano y se encaminan al Corte Ingl\u00e9s. Su hija los despide desde el balc\u00f3n y les grita:<\/span><\/p>\n<p><span style=\"color: #000080; font-size: medium;\"><em>-\u201c\u00a1Qu\u00e9 guapos est\u00e1is los dos, adi\u00f3s pareja!-. <\/em><\/span><\/p>\n<p><span style=\"color: #000080; font-size: medium;\">Y ellos se pierden Ram\u00f3n Albarr\u00e1n abajo como dos novios primerizos. La mujer del balc\u00f3n le grita al padre:<\/span><\/p>\n<p><span style=\"color: #000080; font-size: medium;\"><em>-\u201c\u00a1C\u00f3gela de la mano!\u201d <\/em><\/span><\/p>\n<p><span style=\"color: #000080; font-size: medium;\">Y entonces me detengo, la miro, pienso y me emociono. Y vuelvo a pensar en los que se re\u00fanen en torno al cono navide\u00f1o de San Juan. Me pregunto si esas parejas de hoy, se coger\u00e1n la mano ma\u00f1ana y sus hijos, ahora peque\u00f1itos, les despedir\u00e1n desde sus balcones record\u00e1ndole a pap\u00e1 que le tome la mano a mam\u00e1. Y entonces pienso que con estos retazos de vida tan sencillos, merece la pena quedarse en casa en medio de un puente y de paso contarlo en este Loto Azul que me tiene entretenido esta fr\u00eda ma\u00f1ana de s\u00e1bado, preludio de acueducto festivo, anuncio de la importancia de aquellas peque\u00f1as cosas que Serrat nos cant\u00f3 un d\u00eda en una sencilla canci\u00f3n para personas sencillas que calientan los \u00e1ngulos de las Plazas de la Soledad y San Andr\u00e9s, huyendo de sierras nevadas y playas mojadas.<\/span><\/p>\n<p><span style=\"color: #000080; font-size: medium;\">Un placer amigo Enrique. Aqu\u00ed me tienes. Buena semana.<\/span><\/p>\n<!-- AddThis Advanced Settings generic via filter on the_content --><!-- AddThis Share Buttons generic via filter on the_content -->","protected":false},"excerpt":{"rendered":"<p>&nbsp; EL LOTO AZUL se muestra ya como una secci\u00f3n consolidada en Don de LOCH LOMOND, y ya hay quienes me echan en cara esa especie de estima y cierto inter\u00e9s que muestro \u00faltimamente por hablar de los colaboradores de la secci\u00f3n en detrimento de otro tipo de temas. Ya en plan de cachondeo, aunque [&hellip;]<!-- AddThis Advanced Settings generic via filter on get_the_excerpt --><!-- AddThis Share Buttons generic via filter on get_the_excerpt --><\/p>\n","protected":false},"author":14,"featured_media":0,"comment_status":"open","ping_status":"closed","sticky":false,"template":"","format":"standard","meta":[],"categories":[3],"tags":[100,117,119,155,187,239,346,396,437,440,496,578,687,1051,1071,1210,1439,1515,1669,1670,1804,1806,1872,2081,2173,2233,2259,2499,2513,2820,2886,3103,3109,3119,3200,3220,3224,3305,3417,3943,4009,4064,4103,4105,4258,4280,4327,4344,4546,4570,4571,4668,5053],"_links":{"self":[{"href":"https:\/\/blogs.hoy.es\/loch-lomond\/wp-json\/wp\/v2\/posts\/574"}],"collection":[{"href":"https:\/\/blogs.hoy.es\/loch-lomond\/wp-json\/wp\/v2\/posts"}],"about":[{"href":"https:\/\/blogs.hoy.es\/loch-lomond\/wp-json\/wp\/v2\/types\/post"}],"author":[{"embeddable":true,"href":"https:\/\/blogs.hoy.es\/loch-lomond\/wp-json\/wp\/v2\/users\/14"}],"replies":[{"embeddable":true,"href":"https:\/\/blogs.hoy.es\/loch-lomond\/wp-json\/wp\/v2\/comments?post=574"}],"version-history":[{"count":0,"href":"https:\/\/blogs.hoy.es\/loch-lomond\/wp-json\/wp\/v2\/posts\/574\/revisions"}],"wp:attachment":[{"href":"https:\/\/blogs.hoy.es\/loch-lomond\/wp-json\/wp\/v2\/media?parent=574"}],"wp:term":[{"taxonomy":"category","embeddable":true,"href":"https:\/\/blogs.hoy.es\/loch-lomond\/wp-json\/wp\/v2\/categories?post=574"},{"taxonomy":"post_tag","embeddable":true,"href":"https:\/\/blogs.hoy.es\/loch-lomond\/wp-json\/wp\/v2\/tags?post=574"}],"curies":[{"name":"wp","href":"https:\/\/api.w.org\/{rel}","templated":true}]}}