{"id":595,"date":"2011-12-11T16:51:46","date_gmt":"2011-12-11T15:51:46","guid":{"rendered":"http:\/\/blogs.hoy.es\/loch-lomond\/?p=595"},"modified":"2011-12-11T16:51:46","modified_gmt":"2011-12-11T15:51:46","slug":"sin-blanca-navidad","status":"publish","type":"post","link":"https:\/\/blogs.hoy.es\/loch-lomond\/2011\/12\/11\/sin-blanca-navidad\/","title":{"rendered":"Sin blanca Navidad"},"content":{"rendered":"<p>&nbsp;<\/p>\n<p style=\"text-align: center;\"><span style=\"color: #000000; font-size: medium;\"><strong>Enrique Falc\u00f3<\/strong>. El hermano blanco del GRINCH<\/span><\/p>\n<div class=\"mceTemp\">\n<div id=\"attachment_598\" style=\"width: 310px\" class=\"wp-caption aligncenter\"><a href=\"\/loch-lomond\/wp-content\/uploads\/sites\/10\/2011\/12\/Homer-Noel1.jpg\"><img aria-describedby=\"caption-attachment-598\" loading=\"lazy\" class=\"size-medium wp-image-598\" title=\"Homer Noel\" src=\"\/loch-lomond\/wp-content\/uploads\/sites\/10\/2011\/12\/Homer-Noel1.jpg\" alt=\"Me gustar\u00eda que las Navidades volvieran a ser como de peque\u00f1o, pero ya soy m\u00e1s de Homer que del Hortera Pap\u00e1 Noel\" width=\"300\" height=\"225\" srcset=\"https:\/\/static-blogs.hoy.es\/wp-content\/uploads\/sites\/10\/2011\/12\/Homer-Noel1.jpg 1024w, https:\/\/static-blogs.hoy.es\/wp-content\/uploads\/sites\/10\/2011\/12\/Homer-Noel1-300x225.jpg 300w, https:\/\/static-blogs.hoy.es\/wp-content\/uploads\/sites\/10\/2011\/12\/Homer-Noel1-768x576.jpg 768w\" sizes=\"(max-width: 300px) 100vw, 300px\" \/><\/a><p id=\"caption-attachment-598\" class=\"wp-caption-text\">Me gustar\u00eda que las Navidades volvieran a ser como de peque\u00f1o, pero ya soy m\u00e1s de Homer que del Hortera Pap\u00e1 Noel<\/p><\/div>\n<\/div>\n<p>&nbsp;<\/p>\n<p><span style=\"color: #000000; font-size: medium;\">Antes de nada, y para ir dejando las cosas bien claritas, les adelanto a riesgo de parecer hereje que <strong>las navidades nunca me han hecho especial ilusi\u00f3n<\/strong>. De acuerdo que <strong>de ni\u00f1o las disfrutaba un poco m\u00e1s por aquello de tener vacaciones en el cole y evidentemente\u00a0 por los regalos<\/strong>. \u00a1<strong>Siempre en Reyes<\/strong>! En mi familia nunca nos cay\u00f3 bien \u201c<strong>Pap\u00e1 Noel<\/strong>\u201d, o \u201c<strong>El T\u00edo Santa<\/strong>\u201d de los horteras de los americanos.<\/span><\/p>\n<p>&nbsp;<\/p>\n<p><span style=\"color: #000000; font-size: medium;\">\u00a0-\u00bfQu\u00e9 te han \u201cechao\u201d por Pap\u00e1 Noel?- Me preguntaban mis p\u00faberes amigos deseosos a su vez de enumerar la interminable lista de regalos obtenidos por tan dudoso personaje. \u2013 \u00a1Absolutamente nada por Dios! \u2013 Contestaba el menda casi ofendido ante tama\u00f1a\u00a0 barbaridad. &#8211; En mi casa los \u00fanicos que vienen con regalos son <strong>Sus Majestades Los Reyes Magos de Oriente<\/strong> en la madrugada del 6 de Enero. \u2013 Es que en mi casa \u201cpreferimos\u201d a \u201c<strong>Pap\u00e1 Noel<\/strong>\u201d porque as\u00ed tenemos m\u00e1s tiempo para jugar con los regalos.- Trataba de justificarse cualquiera de mis amigos o compa\u00f1eros de la escuela- Pues en mi casa no nos vendemos a un ceporro barbudo y hortera por unos cuantos de d\u00edas.- Respond\u00eda quien suscribe muy digno. <\/span><\/p>\n<p>&nbsp;<\/p>\n<p><span style=\"color: #000000; font-size: medium;\">\u00a1Y es que es verdad! \u00a1Qu\u00e9 manera de <strong>exprimir las navidades<\/strong> en todos los sentidos! Todos por igual. <strong>Ciudadanos y sector comercial<\/strong> Me gusta reunirme con mi familia para cenar como a cualquiera, <a href=\"http:\/\/www.hoy.es\/v\/20101212\/opinion\/partio-20101212.html\" target=\"_blank\"><span style=\"color: #000000;\">comer y beber algo m\u00e1s de lo habitual<\/span><\/a> y <strong>pasar un rato agradable y divertido<\/strong>. <\/span><\/p>\n<p>&nbsp;<\/p>\n<p><span style=\"color: #000000; font-size: medium;\">Quiz\u00e1s es lo \u00fanico que me agrada de estas fechas, ya que si bien no a todas las familias les une el fervor de la fiesta religiosa s\u00ed es cierto que es <strong>una excusa ideal para poder disfrutar de la compa\u00f1\u00eda de tus seres queridos<\/strong>, cosa muy de agradecer en estos dif\u00edciles tiempos, en donde cada uno se busca la vida donde y como puede, y muchas familias se encuentran desperdigadas aqu\u00ed y all\u00e1. Lo que <strong>no soporto es ese est\u00fapido e hip\u00f3crita esp\u00edritu de la Navidad que parece que todos estamos obligados a albergar en el fondo de nuestro coraz\u00f3n<\/strong>. <\/span><\/p>\n<p>&nbsp;<\/p>\n<p><span style=\"color: #000000; font-size: medium;\"><strong>Quien es un \u201ccapullo\u201d integral lo ser\u00e1 siempre, cuanto m\u00e1s en Navidad<\/strong>, a pesar de que se ponga un gorrito del orondo yanqui y se prodigue a cantar villancicos dale que dale con la <strong>zambomba.<\/strong> Esa es otra, <strong>los malditos villancicos<\/strong>.<\/span><\/p>\n<p>&nbsp;<\/p>\n<div id=\"attachment_599\" style=\"width: 310px\" class=\"wp-caption alignleft\"><a href=\"\/loch-lomond\/wp-content\/uploads\/sites\/10\/2011\/12\/navidad-futurama_800.jpg\"><img aria-describedby=\"caption-attachment-599\" loading=\"lazy\" class=\"size-medium wp-image-599\" title=\"navidad-futurama_800\" src=\"\/loch-lomond\/wp-content\/uploads\/sites\/10\/2011\/12\/navidad-futurama_800.jpg\" alt=\"Hasta en el a\u00f1o 3000 celebran la Navidad.\" width=\"300\" height=\"225\" srcset=\"https:\/\/static-blogs.hoy.es\/wp-content\/uploads\/sites\/10\/2011\/12\/navidad-futurama_800.jpg 800w, https:\/\/static-blogs.hoy.es\/wp-content\/uploads\/sites\/10\/2011\/12\/navidad-futurama_800-300x225.jpg 300w, https:\/\/static-blogs.hoy.es\/wp-content\/uploads\/sites\/10\/2011\/12\/navidad-futurama_800-768x576.jpg 768w\" sizes=\"(max-width: 300px) 100vw, 300px\" \/><\/a><p id=\"caption-attachment-599\" class=\"wp-caption-text\">Hasta en el a\u00f1o 3000 celebran la Navidad.<\/p><\/div>\n<p>&nbsp;<\/p>\n<p><span style=\"color: #000000; font-size: medium;\">No teman, no pretendo aburrirles cont\u00e1ndoles como estas <strong>composiciones musicales<\/strong>, otrora <strong>canciones profanas con estribillos de origen popular<\/strong>, han degenerado en piezas que \u00fanicamente hacen referencia a la Navidad. <\/span><\/p>\n<p>&nbsp;<\/p>\n<p><span style=\"color: #000000; font-size: medium;\"><strong>Nunca echar\u00e9 en cara a nadie que el d\u00eda 24 de diciembre, e incluso el 25 a \u00faltima hora, se canse de cantar y berrear villancicos a troche y moche. Ahora bien, fuera de estas fechas no tienen ning\u00fan sentido, ni antes ni despu\u00e9s, a no ser que se trate de alguno espec\u00edfico de alguna fecha concreta, como ese que me gusta tanto que reza \u201cYa vienen los Reyes Magos\u2026\u201d.<\/strong> <\/span><\/p>\n<p>&nbsp;<\/p>\n<p><span style=\"color: #000000; font-size: medium;\"><strong>El comit\u00e9 de Empresa, los sindicatos, o bien la misma justicia deber\u00edan intervenir<\/strong> para impedir que <strong>desde primeros de Noviembre nos bombardeen en centros y calles comerciales con Villancicos a toda casta\u00f1a<\/strong>, bajo pena de reclusi\u00f3n menor. Es algo tan <strong>insufrible<\/strong> como cuando se aproximan las <strong>ferias<\/strong> en nuestras localidades y se llenan todos los bares de <strong>banderitas de \u201cT\u00edo Pepe\u201d<\/strong> y solo se escuchan <strong>sevillanas<\/strong> a todo meter\u201d <\/span><\/p>\n<p>&nbsp;<\/p>\n<p><span style=\"color: #000000; font-size: medium;\"><strong>\u00bfPero qu\u00e9 sentido tiene escuchar Sevillanas por ejemplo en la feria de Zafra, Jerez de los Caballeros, Don Benito, Plasencia o en la de Badajoz?<\/strong> Ninguno. El mismo sentido del <strong>dineral gastado en iluminaci\u00f3n navide\u00f1a con la que est\u00e1 cayendo<\/strong>, y todo con objeto de impulsar el <strong>consumismo del desprop\u00f3sito<\/strong>. <\/span><\/p>\n<p>&nbsp;<\/p>\n<p><span style=\"color: #000000; font-size: medium;\">Luego claro est\u00e1, el tema del <strong>aguinaldo<\/strong>, que todav\u00eda alg\u00fan cara se te presenta en casa, o en su defecto un grupo de chiquillos que en cuanto te das cuenta se te pone a cantar aquello de \u201c<strong>A tu puerta hemos llegado 400 en pandilla<\/strong>\u2026\u201d \u00a1Horroroso! Tambi\u00e9n con la excusa del \u201c<strong>noche de paz noche de amor<\/strong>\u201d asolan a tu puerta los personajes m\u00e1s variopintos. Sin ir m\u00e1s lejos el otro d\u00eda se me presentaron a la hora de comer <strong>una extra\u00f1a y joven pareja<\/strong> que era para echarles de comer aparte. S\u00faper risue\u00f1os y divertidos\u00a0 me saludaron, \u00e9l, con cara de soplapoyas pelmazo me ofreci\u00f3 su mano para que la estrechara, ella, con rastas, tatuajes y piercing me sonre\u00eda divertida. Me pidieron disculpas por si me hab\u00edan interrumpido la comida, que as\u00ed era, e incluso \u00e9l exclam\u00f3 con toda confianza \u2013 Oye, que si nos invitas nos quedamos jajaja. A todo esto yo, en pijama y cara de mala leche. Soltaron 4 chistes tontos y se identificaron como <strong>miembros de no s\u00e9 qu\u00e9 ONG<\/strong>, a lo que al momento respond\u00ed \u2013 <strong>Gracias, no me interesa<\/strong> \u2013 inmediatamente torcieron el gesto y me inquirieron de mala gana &#8211; \u00bfNo te interesa ayudar a la gente ahora que estamos en Navidad? \u2013 Con una medio sonrisa les di con la puerta en las narices no sin antes a\u00f1adir- <strong>Yo solo ayudo a quienes se ayudan a s\u00ed mismo<\/strong>&#8211; \u00a1No te joroba!<\/span><\/p>\n<p>&nbsp;<\/p>\n<a href=\"\/loch-lomond\/wp-content\/uploads\/sites\/10\/2011\/12\/reyes_magos_vida_de_brian.png\"><img loading=\"lazy\" class=\"size-full wp-image-600\" title=\"reyes_magos_vida_de_brian\" src=\"\/loch-lomond\/wp-content\/uploads\/sites\/10\/2011\/12\/reyes_magos_vida_de_brian.png\" alt=\"Lo mejor de la Navidad es que suelen poner \"La Vida de Brian\".\" width=\"426\" height=\"234\" srcset=\"https:\/\/static-blogs.hoy.es\/wp-content\/uploads\/sites\/10\/2011\/12\/reyes_magos_vida_de_brian.png 426w, https:\/\/static-blogs.hoy.es\/wp-content\/uploads\/sites\/10\/2011\/12\/reyes_magos_vida_de_brian-300x165.png 300w\" sizes=\"(max-width: 426px) 100vw, 426px\" \/><\/a>\n<p>&nbsp;<\/p>\n<p><span style=\"color: #000000; font-size: medium;\">Existe una canci\u00f3n del entonces grupo de<strong> George Michael, \u201cWham\u201d<\/strong>, titulada \u201c<strong><a title=\"Last Cristmas\" href=\"http:\/\/www.youtube.com\/watch?v=E8gmARGvPlI\" target=\"_blank\"><span style=\"color: #000000;\">Last Cristmas<\/span><\/a>\u201d <\/strong>que me encanta, y de la que muchos enteradillos dan por supuesto que es algo as\u00ed como <strong>un villancico o una canci\u00f3n navide\u00f1a<\/strong>. Nada m\u00e1s lejos de la realidad. <\/span><\/p>\n<p>&nbsp;<\/p>\n<p><span style=\"color: #000000; font-size: medium;\">Con <strong>mi modesto ingl\u00e9s les ofrezco una r\u00e1pida traducci\u00f3n del estribillo<\/strong> \u201cEn las pasadas navidades te entregu\u00e9 mi coraz\u00f3n pero t\u00fa lo regalaste al d\u00eda siguiente. Este a\u00f1o, para ahorrarme las l\u00e1grimas se lo dar\u00e9 a alguien especial\u201d. Tremendamente <strong>ir\u00f3nico, cruel y ligeramente \u201cpasteloso\u201d<\/strong>. \u00a1Qui\u00e9n lo iba a decir! \u00a0Como las navidades de ahora.<strong> \u00a1Oh, Sin blanca Navidad!<\/strong><\/span><\/p>\n<p>&nbsp;<\/p>\n<p style=\"text-align: center;\"><span style=\"color: #000000; font-size: medium;\">\u00a0<em>Publicado en <strong>Diario HOY<\/strong> el 11\/12\/2011<\/em><\/span><\/p>\n<p><span style=\"color: #000000; font-size: medium;\"><a href=\"http:\/\/www.kioskoymas.com\/epaper\/showlink.aspx?bookmarkid=502JTEO3N662&#038;preview=magnifier&#038;linkid=ba35fee1-6851-4d64-baff-cd54a6f52841&#038;pdaffid=1NEHCXDv4QZRFanP7KJR9A%3d%3d\"><span style=\"color: #000000;\"><img class=\"aligncenter\" src=\"\/\/cache2-thumb1.pressdisplay.com\/pressdisplay\/docserver\/getimage.aspx?file=22012011121100000000001001&#038;page=30&#038;scale=23\" alt=\"\" \/><\/span><\/a><\/span><\/p>\n<!-- AddThis Advanced Settings generic via filter on the_content --><!-- AddThis Share Buttons generic via filter on the_content -->","protected":false},"excerpt":{"rendered":"<p>&nbsp; Enrique Falc\u00f3. El hermano blanco del GRINCH &nbsp; Antes de nada, y para ir dejando las cosas bien claritas, les adelanto a riesgo de parecer hereje que las navidades nunca me han hecho especial ilusi\u00f3n. De acuerdo que de ni\u00f1o las disfrutaba un poco m\u00e1s por aquello de tener vacaciones en el cole y [&hellip;]<!-- AddThis Advanced Settings generic via filter on get_the_excerpt --><!-- AddThis Share Buttons generic via filter on get_the_excerpt --><\/p>\n","protected":false},"author":14,"featured_media":0,"comment_status":"open","ping_status":"closed","sticky":false,"template":"","format":"standard","meta":[],"categories":[8],"tags":[788,1439,1515,1634,1720,1806,2277,2335,2439,2977,3103,3105,3641,3794,3797,3890,4409,4708,4834,5084,5260,5314,5335],"_links":{"self":[{"href":"https:\/\/blogs.hoy.es\/loch-lomond\/wp-json\/wp\/v2\/posts\/595"}],"collection":[{"href":"https:\/\/blogs.hoy.es\/loch-lomond\/wp-json\/wp\/v2\/posts"}],"about":[{"href":"https:\/\/blogs.hoy.es\/loch-lomond\/wp-json\/wp\/v2\/types\/post"}],"author":[{"embeddable":true,"href":"https:\/\/blogs.hoy.es\/loch-lomond\/wp-json\/wp\/v2\/users\/14"}],"replies":[{"embeddable":true,"href":"https:\/\/blogs.hoy.es\/loch-lomond\/wp-json\/wp\/v2\/comments?post=595"}],"version-history":[{"count":0,"href":"https:\/\/blogs.hoy.es\/loch-lomond\/wp-json\/wp\/v2\/posts\/595\/revisions"}],"wp:attachment":[{"href":"https:\/\/blogs.hoy.es\/loch-lomond\/wp-json\/wp\/v2\/media?parent=595"}],"wp:term":[{"taxonomy":"category","embeddable":true,"href":"https:\/\/blogs.hoy.es\/loch-lomond\/wp-json\/wp\/v2\/categories?post=595"},{"taxonomy":"post_tag","embeddable":true,"href":"https:\/\/blogs.hoy.es\/loch-lomond\/wp-json\/wp\/v2\/tags?post=595"}],"curies":[{"name":"wp","href":"https:\/\/api.w.org\/{rel}","templated":true}]}}