{"id":603,"date":"2011-12-15T01:25:04","date_gmt":"2011-12-15T00:25:04","guid":{"rendered":"http:\/\/blogs.hoy.es\/loch-lomond\/?p=603"},"modified":"2011-12-15T01:25:04","modified_gmt":"2011-12-15T00:25:04","slug":"pancho-casanas","status":"publish","type":"post","link":"https:\/\/blogs.hoy.es\/loch-lomond\/2011\/12\/15\/pancho-casanas\/","title":{"rendered":"Pancho Casa\u00f1as"},"content":{"rendered":"<p><a href=\"\/loch-lomond\/wp-content\/uploads\/sites\/10\/2011\/12\/Las_Aventuras_De_Tintin_El_Loto_Azul-DVD.jpg\"><img loading=\"lazy\" class=\"alignnone size-medium wp-image-605\" title=\"Las_Aventuras_De_Tintin_El_Loto_Azul-DVD\" src=\"\/loch-lomond\/wp-content\/uploads\/sites\/10\/2011\/12\/Las_Aventuras_De_Tintin_El_Loto_Azul-DVD.jpg\" alt=\"\" width=\"300\" height=\"300\" srcset=\"https:\/\/static-blogs.hoy.es\/wp-content\/uploads\/sites\/10\/2011\/12\/Las_Aventuras_De_Tintin_El_Loto_Azul-DVD.jpg 921w, https:\/\/static-blogs.hoy.es\/wp-content\/uploads\/sites\/10\/2011\/12\/Las_Aventuras_De_Tintin_El_Loto_Azul-DVD-150x150.jpg 150w, https:\/\/static-blogs.hoy.es\/wp-content\/uploads\/sites\/10\/2011\/12\/Las_Aventuras_De_Tintin_El_Loto_Azul-DVD-300x300.jpg 300w, https:\/\/static-blogs.hoy.es\/wp-content\/uploads\/sites\/10\/2011\/12\/Las_Aventuras_De_Tintin_El_Loto_Azul-DVD-768x768.jpg 768w\" sizes=\"(max-width: 300px) 100vw, 300px\" \/><\/a><\/p>\n<p>Ya les vengo comentando desde hace varias semanas que <a title=\"EL LOTO AZUL\" href=\"https:\/\/blogs.hoy.es\/loch-lomond\/category\/el-loto-azul-2\/\" target=\"_blank\">EL LOTO AZUL<\/a> gusta, que ha calado de alguna manera. Es interesante y muy placentero que algunos de ustedes me escriban para contarme que por ejemplo no sab\u00edan que <a title=\"Pedro Wichard\" href=\"https:\/\/blogs.hoy.es\/loch-lomond\/2011\/11\/23\/pedro-wichard\/\" target=\"_blank\">Pedro Wichard<\/a> es DJ, o que el <a title=\"Lolo Merino\" href=\"https:\/\/blogs.hoy.es\/loch-lomond\/2011\/12\/06\/lolo-merino\/\" target=\"_blank\">Lolo Merino<\/a> que escuchan en la radio es el mismo que escribe en la secci\u00f3n\u00a0Plaza Alta de HOY,\u00a0 que desconoc\u00edan <a title=\"Jos\u00e9 Luis Lorido\" href=\"https:\/\/blogs.hoy.es\/loch-lomond\/2011\/12\/08\/jose-luis-lorido\/\" target=\"_blank\">Jos\u00e9 Luis Lorido<\/a> supiera \u00a0tanto de m\u00fasica (algunos lo relacionan m\u00e1s con el deporte) o que <a title=\"https:\/\/blogs.hoy.es\/loch-lomond\/2011\/11\/29\/diego-algaba-mansilla\/\" href=\"https:\/\/blogs.hoy.es\/loch-lomond\/2011\/11\/29\/diego-algaba-mansilla\/\" target=\"_blank\">Diego Algaba Mansilla<\/a> ostentara un blog en hoy.es donde poder leer sus cartas al director. Hay quienes me agradecen haber podido saber un poco m\u00e1s de mi amigo el poeta, <a title=\"\u00c1ngel Manuel G\u00f3mez Espada\" href=\"https:\/\/blogs.hoy.es\/loch-lomond\/2011\/11\/29\/diego-algaba-mansilla\/\" target=\"_blank\">\u00c1ngel Manuel G\u00f3mez Espada<\/a> y quienes me insisten en que trasmita a <a title=\"Adolfo Portillo Campini\" href=\"https:\/\/blogs.hoy.es\/loch-lomond\/2011\/10\/21\/adolfo-portillo-campini\/\" target=\"_blank\">Adolfo Campini<\/a> y <a title=\"Fco. Javier Reyes\" href=\"https:\/\/blogs.hoy.es\/loch-lomond\/2011\/11\/16\/fco-javier-reyes\/\" target=\"_blank\">Javi Reyes<\/a> las ganas que tienen muchos de ustedes de que actualicen m\u00e1s regularmente sus blogs, ya que son muchos los que disfrutan \u00a0leyendo sus\u00a0divertidas e interesantes historias.<\/p>\n<p>Tambi\u00e9n como no, existen quienes se empe\u00f1an en desmerecer esta secci\u00f3n y mi blog en general, as\u00ed como a mi persona y no se explican por qu\u00e9 se me da tanta cobertura en HOY etc, etc\u2026 Qu\u00e9 se le va a hacer, nunca llueve a gusto de todos e in\u00fatil e imposible es contentar a todo el mundo. Puedo respetar la opini\u00f3n siempre que se exprese con respeto, pero jam\u00e1s aceptar\u00e9 que sea \u00e9sta una secci\u00f3n para \u201cpromocionar a mis amiguitos\u201d como insisten algunos. Es un hecho demostrado que as\u00ed como muchos de ustedes han conocido a algunos de los colaboradores gracias a este blog son tambi\u00e9n muchos los nuevo lectores que han llegado a Don de LOCH LOMOND atra\u00eddos por los colaboradores. Por lo tanto no cabe sino certificar que esta secci\u00f3n, adem\u00e1s de muy placentera, amena y divertida, est\u00e1 siendo un \u00e9xito en todos los sentidos. Y ya que hay quienes me acusan de amiguismos, les dir\u00e9 que la persona que ha tenido la gentileza de pasarse hoy por aqu\u00ed no ha coincidido jam\u00e1s f\u00edsicamente\u00a0con quien suscribe, y si as\u00ed ha sido ambos lo desconocemos.<\/p>\n<div id=\"attachment_606\" style=\"width: 310px\" class=\"wp-caption alignnone\"><a href=\"\/loch-lomond\/wp-content\/uploads\/sites\/10\/2011\/12\/foto_-2.jpg\"><img aria-describedby=\"caption-attachment-606\" loading=\"lazy\" class=\"size-medium wp-image-606\" title=\"foto_ (2)\" src=\"\/loch-lomond\/wp-content\/uploads\/sites\/10\/2011\/12\/foto_-2.jpg\" alt=\"Pancho Casa\u00f1as\" width=\"300\" height=\"225\" srcset=\"https:\/\/static-blogs.hoy.es\/wp-content\/uploads\/sites\/10\/2011\/12\/foto_-2.jpg 720w, https:\/\/static-blogs.hoy.es\/wp-content\/uploads\/sites\/10\/2011\/12\/foto_-2-300x225.jpg 300w\" sizes=\"(max-width: 300px) 100vw, 300px\" \/><\/a><p id=\"caption-attachment-606\" class=\"wp-caption-text\">Pancho Casa\u00f1as<\/p><\/div>\n<p>\u00a0Se trata de Pancho Casa\u00f1as, aunque yo lo conozco m\u00e1s como @Pancho_Badajoz, su nombre en <a title=\"TWITTER\" href=\"https:\/\/blogs.hoy.es\/loch-lomond\/2011\/08\/11\/twitter\/\" target=\"_blank\">Twitter<\/a>, Red Social en la que se mueve como pez en el agua. Ya he hablado varias veces de lo positivo y lo pr\u00e1ctico de estas redes, y puedo asegurar que son personas como Pancho Casa\u00f1as quienes propician este \u00f3ptimo funcionamiento. De Pancho poco m\u00e1s que puedo decir que es un extreme\u00f1o orgulloso de serlo, y como muy bien dice, de Badajoz, aunque no haya nacido en \u00e9l. Tambi\u00e9n podr\u00eda a\u00f1adir que tiene unas hijas que le vuelven loco y todo parece poco para ellas. Siempre est\u00e1 dispuesto a entretener, divertir y dar conversaci\u00f3n de forma educada y amena en Twitter y Facebook. As\u00ed nos conocimos, comentando alguno de mis art\u00edculos. Siempre es el primero que se anima a participar en los foros de discusi\u00f3n, o el que te recomienda sobre cualquier cosa que preguntas. Cuando alguien se anima a\u00a0adentrarse en el maravilloso mundo de <a title=\"\u00bfNuevo en Twitter?\" href=\"http:\/\/elmundodepapapancho.blogspot.com\/2011\/08\/nuevo-en-twitter.html\" target=\"_blank\">Twitter<\/a> al momento se convierte en seguidor y amablemente le va mostrando los dominios de esta red social que va a m\u00e1s.<\/p>\n<div id=\"attachment_607\" style=\"width: 310px\" class=\"wp-caption alignnone\"><a href=\"\/loch-lomond\/wp-content\/uploads\/sites\/10\/2011\/12\/foto_-3.jpg\"><img aria-describedby=\"caption-attachment-607\" loading=\"lazy\" class=\"size-medium wp-image-607\" title=\"foto_ (3)\" src=\"\/loch-lomond\/wp-content\/uploads\/sites\/10\/2011\/12\/foto_-3.jpg\" alt=\"@Pancho_Badajoz\" width=\"300\" height=\"225\" srcset=\"https:\/\/static-blogs.hoy.es\/wp-content\/uploads\/sites\/10\/2011\/12\/foto_-3.jpg 2592w, https:\/\/static-blogs.hoy.es\/wp-content\/uploads\/sites\/10\/2011\/12\/foto_-3-300x225.jpg 300w, https:\/\/static-blogs.hoy.es\/wp-content\/uploads\/sites\/10\/2011\/12\/foto_-3-768x576.jpg 768w, https:\/\/static-blogs.hoy.es\/wp-content\/uploads\/sites\/10\/2011\/12\/foto_-3-1024x768.jpg 1024w\" sizes=\"(max-width: 300px) 100vw, 300px\" \/><\/a><p id=\"caption-attachment-607\" class=\"wp-caption-text\">@Pancho_Badajoz<\/p><\/div>\n<p>Nunca podr\u00e9 agradecerle entre tantas cosas que me recomendara \u201c<a title=\"La que se Avecina\" href=\"https:\/\/blogs.hoy.es\/loch-lomond\/2011\/08\/23\/la-que-se-avecina\/\" target=\"_blank\">La que se avecina<\/a>\u201d Pancho es as\u00ed. Comentas en Twitter lo bien que lo est\u00e1s pasando viendo un episodio de \u201cAqu\u00ed no hay quien viva\u201d y acabas hablando de \u201cLa que se avecina\u201d de \u201c<a title=\"Descubriendo a Tint\u00edn(1)\" href=\"https:\/\/blogs.hoy.es\/loch-lomond\/2011\/09\/28\/descubriendo-a-tintin-1\/\" target=\"_blank\">Tint\u00edn<\/a>\u201d o de \u201c<a title=\"Ast\u00e9rix El Mundo de Pap\u00e1 Pancho\" href=\"http:\/\/elmundodepapapancho.blogspot.com\/2011\/10\/asterix.html\" target=\"_blank\">Asterix<\/a>\u201d, o de c\u00f3mics y viejos tebeos de la infancia, y casi sin darte cuenta acabas pasando un rato muy agradable. Es una sensaci\u00f3n muy recomendable saber que existen personas que a pesar de no haberlas visto nunca comparten contigo un sinf\u00edn de aficiones y de maneras de entender y comprender muchos aspectos de la vida. Por eso le he pedido esta colaboraci\u00f3n para ustedes, porque es un hombre que merece la pena conocer. Ya le invitar\u00e9 alg\u00fan d\u00eda a un copazo de\u00a0LOCH LOMOND cuando tenga la suerte de conocerlo en persona. No se pierdan tampoco su blog, <a title=\"El Mundo de Pap\u00e1 Pancho\" href=\"http:\/\/elmundodepapapancho.blogspot.com\/\" target=\"_blank\">\u201cEl Mundo de Pap\u00e1 Pancho\u201d<\/a> y h\u00e1ganse seguidores de \u00e9l en Twitter y Facebook, no se arrepentir\u00e1n. Para ir abriendo boca del\u00e9itense con este post que se marca para todos ustedes, porque como bien dice nuestro amigo Pancho, los extreme\u00f1os podemos ser de donde nos d\u00e9 la gana, ya que ser de Badajoz no es cuesti\u00f3n de nacimiento, sino de coraz\u00f3n. Con todos ustedes Pancho Casa\u00f1as, que ustedes lo lean (y lo vean, que las fotos son tambi\u00e9n suyas) bien.<\/p>\n<div id=\"attachment_608\" style=\"width: 310px\" class=\"wp-caption alignnone\"><a href=\"\/loch-lomond\/wp-content\/uploads\/sites\/10\/2011\/12\/foto_-4.jpg\"><img aria-describedby=\"caption-attachment-608\" loading=\"lazy\" class=\"size-medium wp-image-608\" title=\"foto_ (4)\" src=\"\/loch-lomond\/wp-content\/uploads\/sites\/10\/2011\/12\/foto_-4.jpg\" alt=\"Pancho Casa\u00f1as...de Badajoz!\" width=\"300\" height=\"300\" srcset=\"https:\/\/static-blogs.hoy.es\/wp-content\/uploads\/sites\/10\/2011\/12\/foto_-4.jpg 612w, https:\/\/static-blogs.hoy.es\/wp-content\/uploads\/sites\/10\/2011\/12\/foto_-4-150x150.jpg 150w, https:\/\/static-blogs.hoy.es\/wp-content\/uploads\/sites\/10\/2011\/12\/foto_-4-300x300.jpg 300w\" sizes=\"(max-width: 300px) 100vw, 300px\" \/><\/a><p id=\"caption-attachment-608\" class=\"wp-caption-text\">Pancho Casa\u00f1as...de Badajoz!<\/p><\/div>\n<p>&nbsp;<\/p>\n<blockquote>\n<div>\n<p><span style=\"color: #000080;\"><strong><span style=\"text-decoration: underline;\">Uno es de Badajoz\u2026.<\/span><\/strong><\/span><\/p>\n<p><span style=\"color: #000080;\">Os voy a contar un secreto. Yo no nac\u00ed en Badajoz. La verdad es que los Extreme\u00f1os tenemos esa cualidad, podemos nacer donde nos de la gana, porque ser Extreme\u00f1o, es m\u00e1s, ser de <strong>Badajoz<\/strong>, no es una cuesti\u00f3n de nacimiento, es de coraz\u00f3n. Uno no se da cuenta, pero el olor a \u00a0tierra\u00a0mojada, la niebla de la dehesa en las ma\u00f1anas de oto\u00f1o, el fr\u00edo madrugador que te acompa\u00f1a a la <strong><a href=\"http:\/\/es.wikipedia.org\/wiki\/Virgen_y_romer%C3%ADa_de_B%C3%B3toa\" target=\"_blank\"><span style=\"color: #000080;\">Romer\u00eda de B\u00f3toa<\/span><\/a><\/strong> o a comprar unos churros en El Rinc\u00f3n de Vicente para llevarlos a casa, aprender el color rojizo que tiene la tierra, que no es como el de la arena, que eso es otra cosa. Unas ca\u00f1as con los amigos en millones de rincones maravillosos, eso si, con tapa, pero de la buena, no unas patatas fritas y listo, y de gratis, que los pinchos en Badajoz son morunos.<\/span><\/p>\n<p>&nbsp;<\/p>\n<div id=\"attachment_609\" style=\"width: 235px\" class=\"wp-caption alignnone\"><a href=\"\/loch-lomond\/wp-content\/uploads\/sites\/10\/2011\/12\/foto_-1.jpg\"><img aria-describedby=\"caption-attachment-609\" loading=\"lazy\" class=\"size-medium wp-image-609\" title=\"Plaza Alta Badajoz FOTO: Pancho Casa\u00f1as\" src=\"\/loch-lomond\/wp-content\/uploads\/sites\/10\/2011\/12\/foto_-1.jpg\" alt=\"Plaza Alta Badajoz FOTO: Pancho Casa\u00f1as\" width=\"225\" height=\"300\" srcset=\"https:\/\/static-blogs.hoy.es\/wp-content\/uploads\/sites\/10\/2011\/12\/foto_-1.jpg 1536w, https:\/\/static-blogs.hoy.es\/wp-content\/uploads\/sites\/10\/2011\/12\/foto_-1-225x300.jpg 225w, https:\/\/static-blogs.hoy.es\/wp-content\/uploads\/sites\/10\/2011\/12\/foto_-1-768x1024.jpg 768w\" sizes=\"(max-width: 225px) 100vw, 225px\" \/><\/a><p id=\"caption-attachment-609\" class=\"wp-caption-text\">Plaza Alta Badajoz FOTO: Pancho Casa\u00f1as<\/p><\/div>\n<p>&nbsp;<\/p>\n<p><span style=\"color: #000080;\">Uno es de Badajoz y se da cuenta, cuando tardas quince minutos en llegar a cualquier lado, y en una tarde puedes hacer varios planes. Cuando uno presume de ser la ciudad m\u00e1s grande de Extremadura, pero disfruta de ella y la vive como si fuese un peque\u00f1o pueblecito, porque Badajoz es muy grande, y por eso precisamente es tan peque\u00f1o, que nos conocemos todos. Porque uno ve a otro de Badajoz por la tele y se alegra, porque es vecino, paisano y amigo, si no m\u00edo, de unos mis amigos que para el caso es lo mismo.<\/span><\/p>\n<p><span style=\"color: #000080;\">Uno se da cuenta de que es de Badajoz, cuando tiene que salir a vivir fuera, y est\u00e1 contando los d\u00edas que quedan hasta que comience el concurso de <a href=\"http:\/\/www.carnavalbadajoz.es\/\" target=\"_blank\"><span style=\"color: #000080;\">murgas<\/span><\/a>, y cuando llega se conecta por internet, y se aprende las letras, y el domingo espera con emoci\u00f3n el desfile de <a href=\"http:\/\/www.carnavalbadajoz.es\/\" target=\"_blank\"><span style=\"color: #000080;\">comparsas<\/span><\/a>, y recuerda que el sonido del ritmo de los corazones carnavaleros se marca al son de sus tambores, y est\u00e9 donde est\u00e9 le gustar\u00eda pedir una copa en la Buhardilla.<\/span><\/p>\n<p>&nbsp;<\/p>\n<a href=\"\/loch-lomond\/wp-content\/uploads\/sites\/10\/2011\/12\/murgas.jpg\"><img loading=\"lazy\" class=\"size-medium wp-image-610\" title=\"murga La Caidita\" src=\"\/loch-lomond\/wp-content\/uploads\/sites\/10\/2011\/12\/murgas.jpg\" alt=\"Murga \"La Caidita\" FOTO: Pancho Casa\u00f1as\" width=\"300\" height=\"202\" srcset=\"https:\/\/static-blogs.hoy.es\/wp-content\/uploads\/sites\/10\/2011\/12\/murgas.jpg 512w, https:\/\/static-blogs.hoy.es\/wp-content\/uploads\/sites\/10\/2011\/12\/murgas-300x202.jpg 300w\" sizes=\"(max-width: 300px) 100vw, 300px\" \/><\/a>\n<p>&nbsp;<\/p>\n<p><span style=\"color: #000080;\">Uno se da cuenta de que es de Badajoz cuando la cuaresma es el tiempo que falta para poder regresar a San Andr\u00e9s y acompa\u00f1ar a su Cristo del Descendimiento, y visitar los sagrarios el viernes, vestido de domingo.<\/span><\/p>\n<p><span style=\"color: #000080;\">Uno se da cuenta de que es de Badajoz, cuando todos los d\u00edas, bendito internet, lee el HOY. Busca en facebook los enlaces de Coraz\u00f3n Ib\u00e9rico y es capaz de cambiar las rayas canallas de los colchones por ser blanquinegro por el mundo.<\/span><\/p>\n<p><span style=\"color: #000080;\"><a href=\"\/loch-lomond\/wp-content\/uploads\/sites\/10\/2011\/12\/foto_-6.jpg\"><img loading=\"lazy\" class=\"alignnone size-medium wp-image-611\" title=\"foto_ (6)\" src=\"\/loch-lomond\/wp-content\/uploads\/sites\/10\/2011\/12\/foto_-6.jpg\" alt=\"\" width=\"225\" height=\"300\" srcset=\"https:\/\/static-blogs.hoy.es\/wp-content\/uploads\/sites\/10\/2011\/12\/foto_-6.jpg 1536w, https:\/\/static-blogs.hoy.es\/wp-content\/uploads\/sites\/10\/2011\/12\/foto_-6-225x300.jpg 225w, https:\/\/static-blogs.hoy.es\/wp-content\/uploads\/sites\/10\/2011\/12\/foto_-6-768x1024.jpg 768w\" sizes=\"(max-width: 225px) 100vw, 225px\" \/><\/a><\/span><\/p>\n<p><span style=\"color: #000080;\">Os voy a contar un secreto. Yo soy de Badajoz, as\u00ed que mientras estoy fuera os dejo un encargo. Cuid\u00e1dmelo, por favor.<\/span><\/p>\n<\/div>\n<\/blockquote>\n<!-- AddThis Advanced Settings generic via filter on the_content --><!-- AddThis Share Buttons generic via filter on the_content -->","protected":false},"excerpt":{"rendered":"<p>Ya les vengo comentando desde hace varias semanas que EL LOTO AZUL gusta, que ha calado de alguna manera. Es interesante y muy placentero que algunos de ustedes me escriban para contarme que por ejemplo no sab\u00edan que Pedro Wichard es DJ, o que el Lolo Merino que escuchan en la radio es el mismo [&hellip;]<!-- AddThis Advanced Settings generic via filter on get_the_excerpt --><!-- AddThis Share Buttons generic via filter on get_the_excerpt --><\/p>\n","protected":false},"author":14,"featured_media":0,"comment_status":"open","ping_status":"closed","sticky":false,"template":"","format":"standard","meta":[],"categories":[3],"tags":[64,134,264,326,375,437,576,1110,1134,1189,1194,1237,1257,1439,1445,1515,1669,1680,1704,1806,1985,1989,1990,1996,2500,2682,2754,2852,2908,3119,3600,3622,3877,3964,4103,4397,4516,4570,4986,5118,5144],"_links":{"self":[{"href":"https:\/\/blogs.hoy.es\/loch-lomond\/wp-json\/wp\/v2\/posts\/603"}],"collection":[{"href":"https:\/\/blogs.hoy.es\/loch-lomond\/wp-json\/wp\/v2\/posts"}],"about":[{"href":"https:\/\/blogs.hoy.es\/loch-lomond\/wp-json\/wp\/v2\/types\/post"}],"author":[{"embeddable":true,"href":"https:\/\/blogs.hoy.es\/loch-lomond\/wp-json\/wp\/v2\/users\/14"}],"replies":[{"embeddable":true,"href":"https:\/\/blogs.hoy.es\/loch-lomond\/wp-json\/wp\/v2\/comments?post=603"}],"version-history":[{"count":0,"href":"https:\/\/blogs.hoy.es\/loch-lomond\/wp-json\/wp\/v2\/posts\/603\/revisions"}],"wp:attachment":[{"href":"https:\/\/blogs.hoy.es\/loch-lomond\/wp-json\/wp\/v2\/media?parent=603"}],"wp:term":[{"taxonomy":"category","embeddable":true,"href":"https:\/\/blogs.hoy.es\/loch-lomond\/wp-json\/wp\/v2\/categories?post=603"},{"taxonomy":"post_tag","embeddable":true,"href":"https:\/\/blogs.hoy.es\/loch-lomond\/wp-json\/wp\/v2\/tags?post=603"}],"curies":[{"name":"wp","href":"https:\/\/api.w.org\/{rel}","templated":true}]}}