{"id":613,"date":"2011-12-18T17:48:34","date_gmt":"2011-12-18T16:48:34","guid":{"rendered":"http:\/\/blogs.hoy.es\/loch-lomond\/?p=613"},"modified":"2011-12-18T17:48:34","modified_gmt":"2011-12-18T16:48:34","slug":"si-no-lo-veo-no-lo-creo","status":"publish","type":"post","link":"https:\/\/blogs.hoy.es\/loch-lomond\/2011\/12\/18\/si-no-lo-veo-no-lo-creo\/","title":{"rendered":"Si no lo veo no lo creo"},"content":{"rendered":"<p>&nbsp;<\/p>\n<p>Enrique Falc\u00f3. Incr\u00e9dulo incre\u00edble<\/p>\n<div id=\"attachment_615\" style=\"width: 310px\" class=\"wp-caption alignnone\"><a href=\"\/loch-lomond\/wp-content\/uploads\/sites\/10\/2011\/12\/Cr\u00e9dulos.jpg\"><img aria-describedby=\"caption-attachment-615\" loading=\"lazy\" class=\"size-full wp-image-615\" title=\"Cr\u00e9dulos\" src=\"\/loch-lomond\/wp-content\/uploads\/sites\/10\/2011\/12\/Cr\u00e9dulos.jpg\" alt=\"\u00a1Hay gente que se lo cree todo!\" width=\"300\" height=\"300\" srcset=\"https:\/\/static-blogs.hoy.es\/wp-content\/uploads\/sites\/10\/2011\/12\/Cr\u00e9dulos.jpg 300w, https:\/\/static-blogs.hoy.es\/wp-content\/uploads\/sites\/10\/2011\/12\/Cr\u00e9dulos-150x150.jpg 150w\" sizes=\"(max-width: 300px) 100vw, 300px\" \/><\/a><p id=\"caption-attachment-615\" class=\"wp-caption-text\">\u00a1Hay gente que se lo cree todo!<\/p><\/div>\n<p><span style=\"color: #000080;\">No me importa que nos encontremos en fechas tan se\u00f1aladas, que dir\u00edan los m\u00e1s noveleros. Ya les expliqu\u00e9 la semana pasada, que mi menda lerenda, el esp\u00edritu de la Navidad se lo pasa por donde a otros les resbala el sentido del deber, de la decencia, del buen gusto y de la falta de \u00e9tica y educaci\u00f3n. No pienso acabar el a\u00f1o habl\u00e1ndoles de buenos prop\u00f3sitos ni de hipot\u00e9ticas esperanzas de cambios a mejor en el futuro y duro a\u00f1o que nos aguarda (y adem\u00e1s bisiesto, maldita sea, como los odio). En \u00e9sta, mi \u00faltima cita del a\u00f1o con todos ustedes, (los dos siguientes domingos no habr\u00e1 peri\u00f3dico por coincidir en este d\u00eda los tradicionales descansos de la prensa el 24 y el 31 de diciembre) me gustar\u00eda hablarles de los cr\u00e9dulos, esos inocentes seres que afirman con rotundidad que todo aquello que les cuentan es rotundamente cierto. Tal que as\u00ed, cual ilustre notario en cualquier concurso televisivo de pacotilla. Dando fe y poniendo la mano en el fuego sobre la veracidad del asunto en cuesti\u00f3n. M\u00e1s bien el mu\u00f1\u00f3n, que seguro que las extremidades superiores han ardido tantas veces que pasear\u00edan a sus anchas sin denotar dolor alguno en las calderas del mism\u00edsimo Infierno. Hay gente as\u00ed, a la que le cuentas que has visto a Superman tomando una ca\u00f1a o a Michael Jackson haciendo el \u201cMoonwoolk\u201d en la pizzer\u00eda de al lado de tu casa y van y se lo creen. O bien le vienes con la milonga de que te has comido tu peso en pizza o que le has tocado el culo a Britney Spears y te salen con un \u201c\u00bfVenga ya?\u201d \u00bf\u201cEn serio\u201d? Los cr\u00e9dulos sueles ser los aliados predilectos de los fantasmas. Enti\u00e9ndase fantasmas en sentido literal y figurado. De temas del m\u00e1s all\u00e1 se lo tragan todo: Esp\u00edritus, vampiros, espectros, apariciones de santos, milagros imposibles, curaciones extraordinarias\u2026 aunque para ello tengan que echar por tierra las Leyes F\u00edsicas y Qu\u00edmicas m\u00e1s elementales, incluida la Ley de la Gravedad, por aquello de ser muy grave supongo. Y de lo otro, de los fantasmas de turno que cuentan mil y una milongas tambi\u00e9n. No s\u00e9 qui\u00e9n me repulsa m\u00e1s, si el quiero y no puedo fanfarr\u00f3n que se cree sus propias mentiras (siendo a la vez cr\u00e9dulo con sus fantasmadas) o el inocent\u00f3n que ata\u00f1e credibilidad a ciertos desprop\u00f3sitos que propician la verg\u00fcenza ajena. \u00a1\u201dQue s\u00ed, que s\u00ed, que es verdad\u201d! \u2013 Te insisten \u2013 \u201c\u00bfY t\u00fa como lo sabes?\u201d \u2013 Preguntas \u2013 \u201cPorque me lo han contado\u201d Y todo queda dicho para mayor gloria de los hechos fehacientes y demostrados.<\/span><\/p>\n<p>&nbsp;<\/p>\n<div id=\"attachment_616\" style=\"width: 425px\" class=\"wp-caption alignnone\"><a href=\"\/loch-lomond\/wp-content\/uploads\/sites\/10\/2011\/12\/fantasma.jpg\"><img aria-describedby=\"caption-attachment-616\" loading=\"lazy\" class=\"size-full wp-image-616\" title=\"fantasma\" src=\"\/loch-lomond\/wp-content\/uploads\/sites\/10\/2011\/12\/fantasma.jpg\" alt=\"\u00a1Hay mucho fantasma suelto!\" width=\"415\" height=\"465\" srcset=\"https:\/\/static-blogs.hoy.es\/wp-content\/uploads\/sites\/10\/2011\/12\/fantasma.jpg 415w, https:\/\/static-blogs.hoy.es\/wp-content\/uploads\/sites\/10\/2011\/12\/fantasma-268x300.jpg 268w\" sizes=\"(max-width: 415px) 100vw, 415px\" \/><\/a><p id=\"caption-attachment-616\" class=\"wp-caption-text\">\u00a1Hay mucho fantasma suelto!<\/p><\/div>\n<p>&nbsp;<\/p>\n<p><span style=\"color: #000080;\">Hace ya tiempo que se me empez\u00f3 a afilar la voz dando cortes a impertinentes, petulantes y mentirosos. Existen ciertos temas que prefiero rehuir por aquello de no indagar en la incultura y total falta de preparaci\u00f3n de la pe\u00f1a. Aun as\u00ed, ancianos y personas m\u00e1s mayores, de car\u00e1cter m\u00e1s rural, pueden contar si acaso con una peque\u00f1a posibilidad de amnist\u00eda, debido a la falta de oportunidades y lo duro del devenir de sus vidas. El problema viene cuando escuchas tama\u00f1as \u201csoplapoyeces\u201d de personas, j\u00f3venes y preparadas, a las que tienes en alta estima. Se te cae el mito y te llevas las manos a la cabeza. \u00a1Madre de mis entretelas! \u00a1Si tengo amigos y familiares que juran a\u00fan a d\u00eda de hoy haber visionado el famoso video del \u201cPerro, la mermelada y Ricky Martin\u201d! Que les intentas contar que eso era un bulo, una leyenda urbana que s\u00f3lo en Estados Unidos tiene cientos de variantes, y nada. Que s\u00ed, que s\u00ed y que s\u00ed, que ellos lo han visto. \u00a1Pero si te encuentras a cientos de personas que aseguran haber confraternizado con \u201cla chica de la curva\u201d por Dios! <\/span><\/p>\n<p>&nbsp;<\/p>\n<div id=\"attachment_617\" style=\"width: 410px\" class=\"wp-caption alignnone\"><a href=\"\/loch-lomond\/wp-content\/uploads\/sites\/10\/2011\/12\/fantasm\u00f3n.jpg\"><img aria-describedby=\"caption-attachment-617\" loading=\"lazy\" class=\"size-full wp-image-617\" title=\"fantasm\u00f3n\" src=\"\/loch-lomond\/wp-content\/uploads\/sites\/10\/2011\/12\/fantasm\u00f3n.jpg\" alt=\"\u00a1Cuanto fantasm\u00f3n suelto!\" width=\"400\" height=\"300\" srcset=\"https:\/\/static-blogs.hoy.es\/wp-content\/uploads\/sites\/10\/2011\/12\/fantasm\u00f3n.jpg 400w, https:\/\/static-blogs.hoy.es\/wp-content\/uploads\/sites\/10\/2011\/12\/fantasm\u00f3n-300x225.jpg 300w\" sizes=\"(max-width: 400px) 100vw, 400px\" \/><\/a><p id=\"caption-attachment-617\" class=\"wp-caption-text\">\u00a1Cuanto fantasm\u00f3n suelto!<\/p><\/div>\n<p>&nbsp;<\/p>\n<p>&nbsp;<\/p>\n<p><span style=\"color: #000080;\">Con todos mis respetos \u00bfSe puede ser un buen m\u00e9dico y a la vez tener miedo del fantasma de la monja enfermera de la que seg\u00fan reza la leyenda cambia por s\u00ed sola los goteros de los enfermos? \u00a1Rotundamente no! \u00bfSe puede ser un buen abogado y creerte las patochadas que salen en los programas donde las supuestas \u201cm\u00e9dium\u201d enga\u00f1an a los invitados de manera perversa? \u00a1Con todos mis respetos, no! \u00bfPuede un periodista que se precie caminar por su ciudad con la cabeza bien alta si se cree aquello que le han contado de que si no votas o lo haces en blanco tu voto se lo dan al partido mayoritario? \u00a1Todos juntos! \u00a1NO, no y mil millones de mil millones de veces no! \u00a1No me sean tan pardillos hombre! Que se lo creen todo, hasta las promesas electorales. \u00a1Si muchos de ustedes se tragaron lo del super\u00e1vit que contaba Zapatero en 2008, y otros tantos se creen que Rajoy va a bajar los impuestos en 2012! Yo ser\u00e1 que soy muy incr\u00e9dulo, pero a d\u00eda de hoy es que no me creo ni lo de que el 12-1 de Espa\u00f1a a Malta fuera trigo limpio. Ahora bien, a la t\u00edpica pregunta \u00bf\u201dY si vieras algo realmente incre\u00edble y nadie te creyera\u201d? Siempre contesto lo mismo. Lo primero ser\u00eda ir a hacerme un reconocimiento m\u00e9dico por aquello de a ver si voy a estar mal de la azotea, que tambi\u00e9n puede pasar, y segundo, intentar\u00eda buscar la explicaci\u00f3n m\u00e1s coherente, como que seguro que hab\u00eda tomado un Loch Lomond de m\u00e1s. \u00bfLo de \u201cLa chica de la curva\u201d? Que quieren que les diga, que s\u00ed, que me gustan las chicas con curvas, pero poco m\u00e1s. A m\u00ed ya me conocen, si no lo veo, no lo creo. Y tengo 5 dioptr\u00edas, conque imag\u00ednense. \u00a1A otro perro con ese hueso!<\/span><\/p>\n<p><em>Publicado en Diario HOY el 18\/12\/2011<\/em><\/p>\n<p><a href=\"http:\/\/www.kioskoymas.com\/epaper\/showlink.aspx?bookmarkid=YUUTC9KHBCQ8&#038;preview=magnifier&#038;linkid=a6b4b3d2-14a5-45d9-a3d8-7fa02bbd408c&#038;pdaffid=1NEHCXDv4QZRFanP7KJR9A%3d%3d\"><img src=\"\/\/cache2-thumb1.pressdisplay.com\/pressdisplay\/docserver\/getimage.aspx?file=22012011121800000000001001&#038;page=30&#038;scale=23\" alt=\"\" \/><\/a><\/p>\n<!-- AddThis Advanced Settings generic via filter on the_content --><!-- AddThis Share Buttons generic via filter on the_content -->","protected":false},"excerpt":{"rendered":"<p>&nbsp; Enrique Falc\u00f3. Incr\u00e9dulo incre\u00edble No me importa que nos encontremos en fechas tan se\u00f1aladas, que dir\u00edan los m\u00e1s noveleros. Ya les expliqu\u00e9 la semana pasada, que mi menda lerenda, el esp\u00edritu de la Navidad se lo pasa por donde a otros les resbala el sentido del deber, de la decencia, del buen gusto y [&hellip;]<!-- AddThis Advanced Settings generic via filter on get_the_excerpt --><!-- AddThis Share Buttons generic via filter on get_the_excerpt --><\/p>\n","protected":false},"author":14,"featured_media":0,"comment_status":"open","ping_status":"closed","sticky":false,"template":"","format":"standard","meta":[],"categories":[8],"tags":[657,1222,1439,1515,1693,1806,2011,2020,2023,2024,2557,2558,2861,3038,3103,3434,3797,4685,4755],"_links":{"self":[{"href":"https:\/\/blogs.hoy.es\/loch-lomond\/wp-json\/wp\/v2\/posts\/613"}],"collection":[{"href":"https:\/\/blogs.hoy.es\/loch-lomond\/wp-json\/wp\/v2\/posts"}],"about":[{"href":"https:\/\/blogs.hoy.es\/loch-lomond\/wp-json\/wp\/v2\/types\/post"}],"author":[{"embeddable":true,"href":"https:\/\/blogs.hoy.es\/loch-lomond\/wp-json\/wp\/v2\/users\/14"}],"replies":[{"embeddable":true,"href":"https:\/\/blogs.hoy.es\/loch-lomond\/wp-json\/wp\/v2\/comments?post=613"}],"version-history":[{"count":0,"href":"https:\/\/blogs.hoy.es\/loch-lomond\/wp-json\/wp\/v2\/posts\/613\/revisions"}],"wp:attachment":[{"href":"https:\/\/blogs.hoy.es\/loch-lomond\/wp-json\/wp\/v2\/media?parent=613"}],"wp:term":[{"taxonomy":"category","embeddable":true,"href":"https:\/\/blogs.hoy.es\/loch-lomond\/wp-json\/wp\/v2\/categories?post=613"},{"taxonomy":"post_tag","embeddable":true,"href":"https:\/\/blogs.hoy.es\/loch-lomond\/wp-json\/wp\/v2\/tags?post=613"}],"curies":[{"name":"wp","href":"https:\/\/api.w.org\/{rel}","templated":true}]}}