{"id":619,"date":"2011-12-22T01:19:43","date_gmt":"2011-12-22T00:19:43","guid":{"rendered":"http:\/\/blogs.hoy.es\/loch-lomond\/?p=619"},"modified":"2011-12-22T01:19:43","modified_gmt":"2011-12-22T00:19:43","slug":"comida-de-empresa","status":"publish","type":"post","link":"https:\/\/blogs.hoy.es\/loch-lomond\/2011\/12\/22\/comida-de-empresa\/","title":{"rendered":"\u00bfComidas de empresa?"},"content":{"rendered":"<p><a href=\"\/loch-lomond\/wp-content\/uploads\/sites\/10\/2011\/12\/COMIDAS-DE-EMPRESA.jpg\"><img loading=\"lazy\" class=\"aligncenter size-full wp-image-621\" title=\"COMIDAS DE EMPRESA\" src=\"\/loch-lomond\/wp-content\/uploads\/sites\/10\/2011\/12\/COMIDAS-DE-EMPRESA.jpg\" alt=\"\" width=\"580\" height=\"439\" srcset=\"https:\/\/static-blogs.hoy.es\/wp-content\/uploads\/sites\/10\/2011\/12\/COMIDAS-DE-EMPRESA.jpg 580w, https:\/\/static-blogs.hoy.es\/wp-content\/uploads\/sites\/10\/2011\/12\/COMIDAS-DE-EMPRESA-300x227.jpg 300w\" sizes=\"(max-width: 580px) 100vw, 580px\" \/><\/a><\/p>\n<p>&nbsp;<\/p>\n<p><span style=\"color: #000000; font-size: medium;\">\u00a0\u00a0\u00a0\u00a0 Seguro que m\u00e1s de uno me sale con la cantinela de que <strong>le tengo man\u00eda a estas fechas<\/strong>, y nada m\u00e1s lejos de la realidad,\u00a0aunque mentir\u00eda si les <strong>afirmara<\/strong> que es mi \u00e9poca favorita del a\u00f1o. Ya les he hablado hace poco de <a title=\"Sin Blanca Navidad\" href=\"https:\/\/blogs.hoy.es\/loch-lomond\/2011\/12\/11\/sin-blanca-navidad\/\" target=\"_blank\"><span style=\"color: #000000;\">las <strong>navidades<\/strong><\/span><\/a>, e incluso hace algo m\u00e1s de tiempo de las famosas <a title=\"No han \"Part\u00edo\"\" href=\"http:\/\/www.hoy.es\/v\/20101212\/opinion\/partio-20101212.html\" target=\"_blank\"><span style=\"color: #000000;\"><strong>comidas de empresa<\/strong> y comidas familiares<\/span><\/a>, <strong>en plan un poco gamberrete y divertido<\/strong>. <\/span><\/p>\n<p>&nbsp;<\/p>\n<p><span style=\"color: #000000; font-size: medium;\">\u00a0\u00a0\u00a0\u00a0 De las primeras ya se ha escrito y comentado absolutamente todo, lo bueno y lo malo. <strong>El problema parte quiz\u00e1s de la definici\u00f3n<\/strong>. <strong>\u00bfQu\u00e9 es una comida de empresa?<\/strong> Todos sabemos que no es m\u00e1s que una comida o cena, que pasa\u00a0 por <strong>una reuni\u00f3n de compa\u00f1eros de trabajo<\/strong>, en donde <strong>se entremezclan asalariados y empresarios, mandos intermedios y superiores, empleados y jefazos, con la particularidad de estrechar lazos comunes y empatizar con personas a las que ves bastantes m\u00e1s horas al d\u00eda que al resto de tu familia<\/strong>. <\/span><\/p>\n<p>&nbsp;<\/p>\n<p><span style=\"color: #000000; font-size: medium;\">\u00a0\u00a0\u00a0\u00a0 Ahora bien, para m\u00ed habr\u00eda que quedar un punto claro. La comida de empresa, a la que se acuda, apetezca o no, con estos objetivos, <strong>ha de pagarla necesariamente la empresa<\/strong>. <strong>Si no con todos mis respetos no es una comida de empresa, sino una comida de compa\u00f1eros de trabajo a la que no tiene sentido acudir si no guardas una exquisita relaci\u00f3n con la mayor\u00eda de ellos<\/strong>. <\/span><\/p>\n<p>&nbsp;<\/p>\n<p><span style=\"color: #000000; font-size: medium;\">\u00a0\u00a0\u00a0\u00a0\u00a0 Cualquier empresa que <strong>salga con el cuento de la crisis<\/strong> para ahorrarse el <strong>copet\u00edn<\/strong> suprimi\u00e9ndola u <strong>obligando a asumirla econ\u00f3micamente a sus empleados<\/strong> no es una empresa de fiar.<\/span><\/p>\n<p><span style=\"color: #000000; font-size: medium;\"><a href=\"\/loch-lomond\/wp-content\/uploads\/sites\/10\/2011\/12\/Reuni\u00f3n-de-compa\u00f1eros.jpg\"><img loading=\"lazy\" class=\"alignleft size-full wp-image-622\" title=\"Reuni\u00f3n de compa\u00f1eros\" src=\"\/loch-lomond\/wp-content\/uploads\/sites\/10\/2011\/12\/Reuni\u00f3n-de-compa\u00f1eros.jpg\" alt=\"\" width=\"500\" height=\"375\" srcset=\"https:\/\/static-blogs.hoy.es\/wp-content\/uploads\/sites\/10\/2011\/12\/Reuni\u00f3n-de-compa\u00f1eros.jpg 500w, https:\/\/static-blogs.hoy.es\/wp-content\/uploads\/sites\/10\/2011\/12\/Reuni\u00f3n-de-compa\u00f1eros-300x225.jpg 300w\" sizes=\"(max-width: 500px) 100vw, 500px\" \/><\/a><\/span><\/p>\n<p>&nbsp;<\/p>\n<p><span style=\"color: #000000; font-size: medium;\">\u00a0\u00a0\u00a0\u00a0 Hoy es mi comida de empresa, <strong>que ofrece <a title=\"Web del Grupo Orenes\" href=\"http:\/\/www.orenesgrupo.com\/\" target=\"_blank\">mi empresa <\/a>y paga <a title=\"vivelasuerte.es\" href=\"https:\/\/www.vivelasuerte.es\/\" target=\"_blank\">mi empresa<\/a><\/strong>. Podr\u00e1 gustarnos m\u00e1s o menos, podremos llevarnos mejor o peor entre algunos compa\u00f1eros, pero <strong>a nadie se le obliga a ir y ni mucho menos a desembolsar estipendio alguno<\/strong>. <\/span><\/p>\n<p>&nbsp;<\/p>\n<p><span style=\"color: #000000; font-size: medium;\"><strong>Si mi empresa no pagara la comida<\/strong> seguramente <strong>yo no asistir\u00eda<\/strong>. Quedar\u00eda con los dos o tres compis de trabajo a los que llamo amigos para comer cuando nos diera la gana y en donde m\u00e1s nos apeteciera. <strong>El plan y objetivo de estas celebraciones es tratar de pasar un rato agradable<\/strong>, y el que considera que no va a ser as\u00ed no asiste y nadie le echa en cara nada a nadie. <\/span><\/p>\n<p>&nbsp;<\/p>\n<p><span style=\"color: #000000; font-size: medium;\">\u00a0\u00a0\u00a0\u00a0 El menda, que no ha ido todos los a\u00f1os por algunos de estos motivos hoy va a asistir. Ha sido <strong>un a\u00f1o dif\u00edcil<\/strong>, y <strong>se presentan tiempos a\u00fan peores<\/strong>, pero es de agradecer que la empresa en\u00a0donde uno se gana los garbanzos d\u00eda a d\u00eda a\u00fan se niegue a rebajarse hasta el punto de <strong>convertir un acto entra\u00f1able, ameno y divertido es un homenaje casposo al desprop\u00f3sito, al mal humor y a la verg\u00fcenza ajena<\/strong>.<\/span><\/p>\n<p><span style=\"color: #000000; font-size: medium;\">No beber\u00e9 una cantidad indecente de <strong>LOCH LOMOND<\/strong> porque luego hay que seguir trabajando, pero les aseguro que <strong>mi intenci\u00f3n no es otra que pasar un buen rato<\/strong>. Solo espero, que desde hoy, todos ustedes <strong>tengan claro lo que es una comida de empresa y una comida con los compa\u00f1eros de trabajo<\/strong>. <\/span><\/p>\n<p>&nbsp;<\/p>\n<p><strong><span style=\"color: #000000; font-size: medium;\">Esta es mi opini\u00f3n&#8230; y yo la comparto.<\/span><\/strong><\/p>\n<!-- AddThis Advanced Settings generic via filter on the_content --><!-- AddThis Share Buttons generic via filter on the_content -->","protected":false},"excerpt":{"rendered":"<p>&nbsp; \u00a0\u00a0\u00a0\u00a0 Seguro que m\u00e1s de uno me sale con la cantinela de que le tengo man\u00eda a estas fechas, y nada m\u00e1s lejos de la realidad,\u00a0aunque mentir\u00eda si les afirmara que es mi \u00e9poca favorita del a\u00f1o. Ya les he hablado hace poco de las navidades, e incluso hace algo m\u00e1s de tiempo de [&hellip;]<!-- AddThis Advanced Settings generic via filter on get_the_excerpt --><!-- AddThis Share Buttons generic via filter on get_the_excerpt --><\/p>\n","protected":false},"author":14,"featured_media":0,"comment_status":"open","ping_status":"closed","sticky":false,"template":"","format":"standard","meta":[],"categories":[5],"tags":[110,233,279,644,1093,1096,1106,1107,1182,1490,1515,1770,1773,1775,1806,1902,2700,2866,3103,3277,3278,3641,3918,5382],"_links":{"self":[{"href":"https:\/\/blogs.hoy.es\/loch-lomond\/wp-json\/wp\/v2\/posts\/619"}],"collection":[{"href":"https:\/\/blogs.hoy.es\/loch-lomond\/wp-json\/wp\/v2\/posts"}],"about":[{"href":"https:\/\/blogs.hoy.es\/loch-lomond\/wp-json\/wp\/v2\/types\/post"}],"author":[{"embeddable":true,"href":"https:\/\/blogs.hoy.es\/loch-lomond\/wp-json\/wp\/v2\/users\/14"}],"replies":[{"embeddable":true,"href":"https:\/\/blogs.hoy.es\/loch-lomond\/wp-json\/wp\/v2\/comments?post=619"}],"version-history":[{"count":0,"href":"https:\/\/blogs.hoy.es\/loch-lomond\/wp-json\/wp\/v2\/posts\/619\/revisions"}],"wp:attachment":[{"href":"https:\/\/blogs.hoy.es\/loch-lomond\/wp-json\/wp\/v2\/media?parent=619"}],"wp:term":[{"taxonomy":"category","embeddable":true,"href":"https:\/\/blogs.hoy.es\/loch-lomond\/wp-json\/wp\/v2\/categories?post=619"},{"taxonomy":"post_tag","embeddable":true,"href":"https:\/\/blogs.hoy.es\/loch-lomond\/wp-json\/wp\/v2\/tags?post=619"}],"curies":[{"name":"wp","href":"https:\/\/api.w.org\/{rel}","templated":true}]}}