{"id":62,"date":"2010-07-26T00:01:00","date_gmt":"2010-07-26T00:01:00","guid":{"rendered":"http:\/\/blogs.hoy.es\/loch-lomond\/?p=61"},"modified":"2010-07-26T00:01:00","modified_gmt":"2010-07-26T00:01:00","slug":"contempopranea","status":"publish","type":"post","link":"https:\/\/blogs.hoy.es\/loch-lomond\/2010\/07\/26\/contempopranea\/","title":{"rendered":"CONTEMPOPRANEA"},"content":{"rendered":"<p><img id=img_0 src=\"\/\/farm3.static.flickr.com\/2445\/3720361662_0eb1025e2c.jpg\"\/><\/p>\n<p class=MsoNormal style=\"MARGIN: 0cm 0cm 0pt; TEXT-ALIGN: justify\"><span style=\"FONT-SIZE: 10pt; COLOR: navy; FONT-FAMILY: Verdana\">El Festival ContemPOPranea hace a\u00f1os que alcanz\u00f3 ya el merecido apelativo de ser con diferencia una de las grandes citas nacionales de m\u00fasica del a\u00f1o. Siempre los grupos nacionales m\u00e1s punteros han estado en el escenario, junto al marco incomparable de las laderas del Castillo de Luna.<\/span><\/p>\n<p><span style=\"FONT-SIZE: 10pt; COLOR: navy; FONT-FAMILY: Verdana\"><\/span><\/p>\n<p><span style=\"FONT-SIZE: 10pt; COLOR: navy; FONT-FAMILY: Verdana\">< ?xml:namespace prefix = o ns = \"urn:schemas-microsoft-com:office:office\" \/><o:p><\/o:p><\/span><\/p>\n<p class=MsoNormal style=\"MARGIN: 0cm 0cm 0pt; TEXT-ALIGN: justify\">\n<p class=MsoNormal style=\"MARGIN: 0cm 0cm 0pt; TEXT-ALIGN: justify\"><span style=\"FONT-SIZE: 10pt; COLOR: navy; FONT-FAMILY: Verdana\"><o:p><\/o:p><\/span><\/p>\n<p class=MsoNormal style=\"MARGIN: 0cm 0cm 0pt; TEXT-ALIGN: justify\"><span style=\"FONT-SIZE: 10pt; COLOR: navy; FONT-FAMILY: Verdana\">Un servidor ha tenido el placer de actuar en cuatro ocasiones en dicho Festival. La \u00faltima vez fue con LEFT BROTHERS dando el pistoletazo de salida en la edici\u00f3n de < ?xml:namespace prefix = st1 ns = \"urn:schemas-microsoft-com:office:smarttags\" \/><st1:metricconverter w:st=\"on\" ProductID=\"2001. A\">2001. A<\/st1:metricconverter> pesar de que la organizaci\u00f3n del Festival, encabezada por Agust\u00edn Fuentes, siempre nos ningune\u00f3, el hecho de que aquel a\u00f1o fu\u00e9semos fichados por una compa\u00f1\u00eda discogr\u00e1fica catalana y estuvi\u00e9ramos a punto de marcharnos hacia la ciudad condal a grabar nuestro disco, le oblig\u00f3 moralmente a hacernos un sitio en el cartel.<\/span><\/p>\n<p><span style=\"FONT-SIZE: 10pt; COLOR: navy; FONT-FAMILY: Verdana\"><\/span><\/p>\n<p><span style=\"FONT-SIZE: 10pt; COLOR: navy; FONT-FAMILY: Verdana\"><\/span><\/p>\n<p class=MsoNormal style=\"MARGIN: 0cm 0cm 0pt; TEXT-ALIGN: justify\">\n<p><span style=\"FONT-SIZE: 10pt; COLOR: navy; FONT-FAMILY: Verdana\"><\/span><\/p>\n<p><span style=\"FONT-SIZE: 10pt; COLOR: navy; FONT-FAMILY: Verdana\"><\/span><\/p>\n<p><span style=\"FONT-SIZE: 10pt; COLOR: navy; FONT-FAMILY: Verdana\"><\/span><\/p>\n<p><span style=\"FONT-SIZE: 10pt; COLOR: navy; FONT-FAMILY: Verdana\"><img id=img_2 src=\"\/\/www.hoy.es\/prensa\/noticias\/200804\/08\/fotos\/058D2PLSP1_1.jpg\"\/><\/span><\/p>\n<p class=MsoNormal style=\"MARGIN: 0cm 0cm 0pt; TEXT-ALIGN: justify\">\n<p class=MsoNormal style=\"MARGIN: 0cm 0cm 0pt; TEXT-ALIGN: justify\">\n<p class=MsoNormal style=\"MARGIN: 0cm 0cm 0pt; TEXT-ALIGN: justify\">\n<p class=MsoNormal style=\"MARGIN: 0cm 0cm 0pt; TEXT-ALIGN: justify\">\n<p class=MsoNormal style=\"MARGIN: 0cm 0cm 0pt; TEXT-ALIGN: justify\"><span style=\"FONT-SIZE: 10pt; COLOR: navy; FONT-FAMILY: Verdana\"><o:p><\/o:p><\/span><\/p>\n<p class=MsoNormal style=\"MARGIN: 0cm 0cm 0pt; TEXT-ALIGN: justify\"><span style=\"FONT-SIZE: 10pt; COLOR: navy; FONT-FAMILY: Verdana\">Sin embargo, con otro de mis grupos, LICH, la cosa era bien diferente. Con diferencia \u00e9ramos uno de los grupos favoritos de la organizaci\u00f3n, y especialmente en la edici\u00f3n de 1999 ofrecimos una actuaci\u00f3n impecable. La prensa se refer\u00eda a nosotros como la \u201cexcelente banda pacense LICH\u201d y no era para menos. Julio Ruiz, de Disco Grande, nos llamaba \u201cilustres veteranos\u201d. Curioso lo de veteranos, pues mi amigo y compa\u00f1ero \u00d3scar y yo tendr\u00edamos 20 \u00f3 21 a\u00f1os, y \u201cPap\u00e1\u201d Chuli y el \u201cT\u00edo\u201d Luis apenas 25, pero era cierto, llev\u00e1bamos muchos a\u00f1os tocando. Tantos que fuimos en 1996, uno de los tant\u00edsimos grupos extreme\u00f1os que particip\u00f3 en la primera edici\u00f3n. En aquella ocasi\u00f3n fuimos los VIOLENT POPES quienes ofrecimos una de las mejores actuaciones del festival, festival que en aquella, primera edici\u00f3n, tuvo mucho que agradecernos a tant\u00edsimos grupos extreme\u00f1os que colaboramos desinteresadamente para llevarlo a buen puerto en todos los aspectos. No quiero nombrar a los grupos que recuerdo porque se me pueden olvidar muchos, o incluso cambiarle los nombres, ya que algunos de sus miembros tocan ahora en otras formaciones, pero puede decirse que pr\u00e1cticamente todos los que nos dedic\u00e1bamos a la m\u00fasica entonces en Extremadura estuvimos en el Festival.<\/span><\/p>\n<p class=MsoNormal style=\"MARGIN: 0cm 0cm 0pt; TEXT-ALIGN: justify\"><span style=\"FONT-SIZE: 10pt; COLOR: navy; FONT-FAMILY: Verdana\"><\/span><\/p>\n<p class=MsoNormal style=\"MARGIN: 0cm 0cm 0pt; TEXT-ALIGN: justify\"><span style=\"FONT-SIZE: 10pt; COLOR: navy; FONT-FAMILY: Verdana\"><\/span><\/p>\n<p class=MsoNormal style=\"MARGIN: 0cm 0cm 0pt; TEXT-ALIGN: justify\"><span style=\"FONT-SIZE: 10pt; COLOR: navy; FONT-FAMILY: Verdana\"><\/span><\/p>\n<p class=MsoNormal style=\"MARGIN: 0cm 0cm 0pt; TEXT-ALIGN: justify\"><span style=\"FONT-SIZE: 10pt; COLOR: navy; FONT-FAMILY: Verdana\"><\/span><\/p>\n<p class=MsoNormal style=\"MARGIN: 0cm 0cm 0pt; TEXT-ALIGN: justify\"><span style=\"FONT-SIZE: 10pt; COLOR: navy; FONT-FAMILY: Verdana\"><\/span><\/p>\n<p class=MsoNormal style=\"MARGIN: 0cm 0cm 0pt; TEXT-ALIGN: justify\"><span style=\"FONT-SIZE: 10pt; COLOR: navy; FONT-FAMILY: Verdana\"><\/span><\/p>\n<p class=MsoNormal style=\"MARGIN: 0cm 0cm 0pt; TEXT-ALIGN: justify\"><span style=\"FONT-SIZE: 10pt; COLOR: navy; FONT-FAMILY: Verdana\"><\/span><\/p>\n<p class=MsoNormal style=\"MARGIN: 0cm 0cm 0pt; TEXT-ALIGN: justify\"><span style=\"FONT-SIZE: 10pt; COLOR: navy; FONT-FAMILY: Verdana\">Siempre he criticado a Agust\u00edn Fuentes y a la organizaci\u00f3n en general, la deuda moral no pagada que a\u00fan tiene con esos grupos. No quiero decir que por ello hubiera tenido que sentirse obligado a hacerle sitio a todos los grupos de la regi\u00f3n, pero s\u00ed es cierto que no les prest\u00f3 ayuda a muchos que lo merec\u00edan en su momento y hubieran agradecido la excelente cobertura medi\u00e1tica que adquiri\u00f3 el Festival a los pocos a\u00f1os.<\/span><\/p>\n<p><span style=\"FONT-SIZE: 10pt; COLOR: navy; FONT-FAMILY: Verdana\"><\/span><\/p>\n<p><span style=\"FONT-SIZE: 10pt; COLOR: navy; FONT-FAMILY: Verdana\"><\/span><\/p>\n<p><span style=\"FONT-SIZE: 10pt; COLOR: navy; FONT-FAMILY: Verdana\"><\/span><\/p>\n<p><span style=\"FONT-SIZE: 10pt; COLOR: navy; FONT-FAMILY: Verdana\"><\/span><\/p>\n<p><span style=\"FONT-SIZE: 10pt; COLOR: navy; FONT-FAMILY: Verdana\"><\/span><\/p>\n<p class=MsoNormal style=\"MARGIN: 0cm 0cm 0pt; TEXT-ALIGN: justify\">\n<p class=MsoNormal style=\"MARGIN: 0cm 0cm 0pt; TEXT-ALIGN: justify\"><span style=\"FONT-SIZE: 10pt; COLOR: navy; FONT-FAMILY: Verdana\"><o:p><\/o:p><\/span><\/p>\n<p class=MsoNormal style=\"MARGIN: 0cm 0cm 0pt; TEXT-ALIGN: justify\"><span style=\"FONT-SIZE: 10pt; COLOR: navy; FONT-FAMILY: Verdana\"><o:p><\/o:p><\/span><\/p>\n<p class=MsoNormal style=\"MARGIN: 0cm 0cm 0pt; TEXT-ALIGN: justify\"><span style=\"FONT-SIZE: 10pt; COLOR: navy; FONT-FAMILY: Verdana\">A\u00fan as\u00ed es un gran Festival. Con sus carencias por supuesto, como cualquier evento de este tipo, sobre todo en cuanto a infraestructura, que la organizaci\u00f3n se empe\u00f1a en no corregir con el paso de los a\u00f1os. Algunos critican que muchos de los grupos han repetido en varias ocasiones. No obstante a su favor hay que a\u00f1adir que es dif\u00edcil sorprender en el tema musical despu\u00e9s de tantos a\u00f1os ofreciendo a grupos de primera fila. <\/span><\/p>\n<p><span style=\"FONT-SIZE: 10pt; COLOR: navy; FONT-FAMILY: Verdana\"><\/span><\/p>\n<p><span style=\"FONT-SIZE: 10pt; COLOR: navy; FONT-FAMILY: Verdana\"><\/span><\/p>\n<p><span style=\"FONT-SIZE: 10pt; COLOR: navy; FONT-FAMILY: Verdana\"><\/span><\/p>\n<p><span style=\"FONT-SIZE: 10pt; COLOR: navy; FONT-FAMILY: Verdana\"><\/span><\/p>\n<p><span style=\"FONT-SIZE: 10pt; COLOR: navy; FONT-FAMILY: Verdana\"><\/span><\/p>\n<p class=MsoNormal style=\"MARGIN: 0cm 0cm 0pt; TEXT-ALIGN: justify\">\n<p class=MsoNormal style=\"MARGIN: 0cm 0cm 0pt; TEXT-ALIGN: justify\"><span style=\"FONT-SIZE: 10pt; COLOR: navy; FONT-FAMILY: Verdana\"><\/span><\/p>\n<p class=MsoNormal style=\"MARGIN: 0cm 0cm 0pt; TEXT-ALIGN: justify\"><span style=\"FONT-SIZE: 10pt; COLOR: navy; FONT-FAMILY: Verdana\"><\/span><\/p>\n<p class=MsoNormal style=\"MARGIN: 0cm 0cm 0pt; TEXT-ALIGN: justify\"><span style=\"FONT-SIZE: 10pt; COLOR: navy; FONT-FAMILY: Verdana\">Espero, de coraz\u00f3n, que siga siendo una referencia nacional por muchos a\u00f1os, y sobre todo que la organizaci\u00f3n se esfuerce en que sea el escaparate de los grandes grupos extreme\u00f1os que existen y que a\u00fan est\u00e1n por descubrir.<o:p><\/o:p><\/span><\/p>\n<!-- AddThis Advanced Settings generic via filter on the_content --><!-- AddThis Share Buttons generic via filter on the_content -->","protected":false},"excerpt":{"rendered":"<p>El Festival ContemPOPranea hace a\u00f1os que alcanz\u00f3 ya el merecido apelativo de ser con diferencia una de las grandes citas nacionales de m\u00fasica del a\u00f1o. Siempre los grupos nacionales m\u00e1s punteros han estado en el escenario, junto al marco incomparable de las laderas del Castillo de Luna. < ?xml:namespace prefix = o ns = \"urn:schemas-microsoft-com:office:office\" [&hellip;]<!-- AddThis Advanced Settings generic via filter on get_the_excerpt --><!-- AddThis Share Buttons generic via filter on get_the_excerpt --><\/p>\n","protected":false},"author":14,"featured_media":0,"comment_status":"open","ping_status":"closed","sticky":false,"template":"","format":"standard","meta":[],"categories":[7],"tags":[974,1161,3064,3195],"_links":{"self":[{"href":"https:\/\/blogs.hoy.es\/loch-lomond\/wp-json\/wp\/v2\/posts\/62"}],"collection":[{"href":"https:\/\/blogs.hoy.es\/loch-lomond\/wp-json\/wp\/v2\/posts"}],"about":[{"href":"https:\/\/blogs.hoy.es\/loch-lomond\/wp-json\/wp\/v2\/types\/post"}],"author":[{"embeddable":true,"href":"https:\/\/blogs.hoy.es\/loch-lomond\/wp-json\/wp\/v2\/users\/14"}],"replies":[{"embeddable":true,"href":"https:\/\/blogs.hoy.es\/loch-lomond\/wp-json\/wp\/v2\/comments?post=62"}],"version-history":[{"count":0,"href":"https:\/\/blogs.hoy.es\/loch-lomond\/wp-json\/wp\/v2\/posts\/62\/revisions"}],"wp:attachment":[{"href":"https:\/\/blogs.hoy.es\/loch-lomond\/wp-json\/wp\/v2\/media?parent=62"}],"wp:term":[{"taxonomy":"category","embeddable":true,"href":"https:\/\/blogs.hoy.es\/loch-lomond\/wp-json\/wp\/v2\/categories?post=62"},{"taxonomy":"post_tag","embeddable":true,"href":"https:\/\/blogs.hoy.es\/loch-lomond\/wp-json\/wp\/v2\/tags?post=62"}],"curies":[{"name":"wp","href":"https:\/\/api.w.org\/{rel}","templated":true}]}}