{"id":63,"date":"2010-07-27T00:01:00","date_gmt":"2010-07-26T23:01:00","guid":{"rendered":"http:\/\/blogs.hoy.es\/loch-lomond\/?p=62"},"modified":"2010-07-27T00:01:00","modified_gmt":"2010-07-26T23:01:00","slug":"raul-7-casi-todo","status":"publish","type":"post","link":"https:\/\/blogs.hoy.es\/loch-lomond\/2010\/07\/27\/raul-7-casi-todo\/","title":{"rendered":"Ra\u00fal; Un 7 en (casi) todo"},"content":{"rendered":"<p><img id=\"img_0\" src=\"\/\/mundial2010hoy.com\/wp-content\/uploads\/2009\/12\/raul7.jpg\" alt=\"\" \/><\/p>\n<p class=\"MsoNormal\" style=\"margin: 0cm 0cm 0pt; text-align: justify;\"><span style=\"font-size: 10pt; color: navy; font-family: Verdana; mso-ansi-language: EN;\" lang=\"EN\">Parece que fue ayer cuando tras llegar del instituto, me enter\u00e9 por el peri\u00f3dico que un muchacho que apenas tendr\u00eda 17 a\u00f1os, uno m\u00e1s que yo, hab\u00eda sido convocado para un partido con el primer equipo del Real Madrid. La semana siguiente, ese muchacho llamado Ra\u00fal, volvi\u00f3 a jugar de titular en el Bernab\u00e9u, contra el Atl\u00e9tico de Madrid, club en el que Ra\u00fal militaba hasta que al desaparecido Jes\u00fas Gil se le ocurriera la brillante idea de cargarse la cantera rojiblanca. El destino, no carente de cierta iron\u00eda, le castig\u00f3 con creces por aquella desacertada acci\u00f3n. <\/span><\/p>\n<p class=\"MsoNormal\" style=\"margin: 0cm 0cm 0pt; text-align: justify;\"><span style=\"font-size: 10pt; color: navy; font-family: Verdana; mso-ansi-language: EN;\" lang=\"EN\">Recuerdo ese partido como si fuera ayer. Lo vimos mis amigos y yo como tantos otros, en la habitaci\u00f3n de mi \u00edntimo Adolfo portillo Campini, la misma donde vimos ganar a\u00f1os despu\u00e9s la S\u00e9ptima y la Octava Copa de Europa. En la Novena ya \u00e9ramos muy mayores y muy grandotes para caber en su habitaci\u00f3n y tuvimos que buscarnos otro sitio. Adolfo y yo coment\u00e1bamos en los proleg\u00f3menos del partido la suerte de aquel muchacho, Ra\u00fal, y la felicidad que le embargar\u00eda por poder jugar con aquellos campeones que entonces formaban la plantilla madridista. Cuando marc\u00f3 el gol nos alegramos mucho por \u00e9l, y le envid\u00edabamos por cumplir el sue\u00f1o de cualquier ni\u00f1o. Sin darnos cuenta \u00e9l ya se hab\u00eda convertido en nuestro \u00eddolo, y no imag\u00ednabamos por entonces todo lo que \u00edbamos a disfrutar gracias a \u00e9l.<\/span><\/p>\n<p class=\"MsoNormal\" style=\"margin: 0cm 0cm 0pt; text-align: justify;\">\n<p class=\"MsoNormal\" style=\"margin: 0cm 0cm 0pt; text-align: justify;\"><span style=\"font-size: 10pt; color: navy; font-family: Verdana; mso-ansi-language: EN;\" lang=\"EN\">Parece que fue ayer pero ha llegado el d\u00eda. Se nos va el gran capit\u00e1n. Ra\u00fal Gonz\u00e1lez Blanco. Ra\u00fal, al que sobran los apellidos para ser conocido en todo el mundo por su nombre de pila, nos ha dicho hasta pronto tras 16 a\u00f1os d\u00e1ndolo todo por el Real madrid. Es un futbolista \u00e9ste que nunca pas\u00f3 despercibido para nadie. O lo amabas o lo odiabas, y Ra\u00fal siempre ha tenido muchos detractores. \u00c9stos \u00faltimos, en su mayor\u00eda, simplemente se dejan guiar por el fanatismo m\u00e1s absurdo y la fiebre a sus colores y no son capaces de reconocer la gran calidad de un futbolista rival, que necesariamente tendr\u00eda que convencer cuanto menos a cualquier aficionado de verdad al mundo del f\u00fatbol. \u00a1Mil millones de mil millones de naufragios!<\/span><\/p>\n<p class=\"MsoNormal\" style=\"margin: 0cm 0cm 0pt; text-align: justify;\">\n<p class=\"MsoNormal\" style=\"margin: 0cm 0cm 0pt; text-align: justify;\"><span style=\"font-size: 10pt; color: navy; font-family: Verdana; mso-ansi-language: EN;\" lang=\"EN\">Jorge Valdano, que como buen argentino domina nuestro idioma y hace un uso excelente del espa\u00f1ol, nos ha regalado frases formidables y preciosas desde que aterriz\u00f3 en nuestro pa\u00eds. Mi preferida es posible que no sea la m\u00e1s bonita, ni la m\u00e1s po\u00e9tica, pero quiz\u00e1s la m\u00e1s cierta que ha pronunciado en su vida: \u201cRa\u00fal no es un 10 en nada pero s\u00ed un <span style=\"color: #ff0000;\">7<\/span> en todo\u201d Afirm\u00f3 en una ocasi\u00f3n. El <span style=\"color: #ff0000;\">7<\/span>. No pod\u00eda ser otro n\u00famero.<\/span><\/p>\n<p class=\"MsoNormal\" style=\"margin: 0cm 0cm 0pt; text-align: justify;\">\n<p class=\"MsoNormal\" style=\"margin: 0cm 0cm 0pt; text-align: justify;\"><img id=\"img_1\" src=\"\/\/proevolutionfm.files.wordpress.com\/2010\/02\/raul-capitan-espana2.jpg\" alt=\"\" \/><\/p>\n<p class=\"MsoNormal\" style=\"margin: 0cm 0cm 0pt; text-align: justify;\">\n<p class=\"MsoNormal\" style=\"margin: 0cm 0cm 0pt; text-align: justify;\"><span style=\"font-size: 10pt; color: navy; font-family: Verdana; mso-ansi-language: EN;\" lang=\"EN\">Los que amamos el f\u00fatbol no olvidaremos nunca a Ra\u00fal, ni por supuesto sus goles. Brindo desde este humilde blog con el m\u00e1s sabroso de los LOCH LOMOND por Ra\u00fal. <\/span><\/p>\n<p class=\"MsoNormal\" style=\"margin: 0cm 0cm 0pt; text-align: justify;\">\n<p class=\"MsoNormal\" style=\"margin: 0cm 0cm 0pt; text-align: justify;\"><span style=\"font-size: 10pt; color: navy; font-family: Verdana; mso-ansi-language: EN;\" lang=\"EN\">El <span style=\"color: #ff0000;\">7 <\/span>del madrid y el <span style=\"color: #ff0000;\">7<\/span> de Espa\u00f1a, ha dejado de ser un <span style=\"color: #ff0000;\">7 <\/span>en todo, porque para los que consideramos que ha sido uno de los grandes jugadores de la historia, no podemos otorgarle menos de un <span style=\"color: #000000;\"><span style=\"color: #ff0000;\">10<\/span> <\/span>como campe\u00f3n en nuestros corazones.<\/span><\/p>\n<!-- AddThis Advanced Settings generic via filter on the_content --><!-- AddThis Share Buttons generic via filter on the_content -->","protected":false},"excerpt":{"rendered":"<p>Parece que fue ayer cuando tras llegar del instituto, me enter\u00e9 por el peri\u00f3dico que un muchacho que apenas tendr\u00eda 17 a\u00f1os, uno m\u00e1s que yo, hab\u00eda sido convocado para un partido con el primer equipo del Real Madrid. La semana siguiente, ese muchacho llamado Ra\u00fal, volvi\u00f3 a jugar de titular en el Bernab\u00e9u, contra [&hellip;]<!-- AddThis Advanced Settings generic via filter on get_the_excerpt --><!-- AddThis Share Buttons generic via filter on get_the_excerpt --><\/p>\n","protected":false},"author":14,"featured_media":0,"comment_status":"open","ping_status":"closed","sticky":false,"template":"","format":"standard","meta":[],"categories":[5],"tags":[17,56,136,745,1193,1427,1452,1515,1806,2529,3103,3721,3763,4355,4357,4490,4652,4692],"_links":{"self":[{"href":"https:\/\/blogs.hoy.es\/loch-lomond\/wp-json\/wp\/v2\/posts\/63"}],"collection":[{"href":"https:\/\/blogs.hoy.es\/loch-lomond\/wp-json\/wp\/v2\/posts"}],"about":[{"href":"https:\/\/blogs.hoy.es\/loch-lomond\/wp-json\/wp\/v2\/types\/post"}],"author":[{"embeddable":true,"href":"https:\/\/blogs.hoy.es\/loch-lomond\/wp-json\/wp\/v2\/users\/14"}],"replies":[{"embeddable":true,"href":"https:\/\/blogs.hoy.es\/loch-lomond\/wp-json\/wp\/v2\/comments?post=63"}],"version-history":[{"count":0,"href":"https:\/\/blogs.hoy.es\/loch-lomond\/wp-json\/wp\/v2\/posts\/63\/revisions"}],"wp:attachment":[{"href":"https:\/\/blogs.hoy.es\/loch-lomond\/wp-json\/wp\/v2\/media?parent=63"}],"wp:term":[{"taxonomy":"category","embeddable":true,"href":"https:\/\/blogs.hoy.es\/loch-lomond\/wp-json\/wp\/v2\/categories?post=63"},{"taxonomy":"post_tag","embeddable":true,"href":"https:\/\/blogs.hoy.es\/loch-lomond\/wp-json\/wp\/v2\/tags?post=63"}],"curies":[{"name":"wp","href":"https:\/\/api.w.org\/{rel}","templated":true}]}}