{"id":64,"date":"2010-07-28T00:01:00","date_gmt":"2010-07-28T00:01:00","guid":{"rendered":"http:\/\/blogs.hoy.es\/loch-lomond\/?p=63"},"modified":"2010-07-28T00:01:00","modified_gmt":"2010-07-28T00:01:00","slug":"es-nadie-piensa-nunca-los-ninos","status":"publish","type":"post","link":"https:\/\/blogs.hoy.es\/loch-lomond\/2010\/07\/28\/es-nadie-piensa-nunca-los-ninos\/","title":{"rendered":"\u00bf\u00a1Es que nadie piensa nunca en los ni\u00f1os?!"},"content":{"rendered":"<p><img id=\"img_0\" src=\"\/\/3.bp.blogspot.com\/_SwIEYkPKZDQ\/SgTvHzbpKBI\/AAAAAAAAAYs\/wNAzCbyL30k\/s400\/helen+alegria.jpg\" alt=\"\" \/><\/p>\n<p class=\"MsoNormal\" style=\"margin: 0cm 0cm 0pt; text-align: justify;\"><span style=\"font-size: 10pt; color: navy; font-family: Verdana;\">Le\u00eda mi menda ayer en las p\u00e1ginas del diario HOY que ya est\u00e1n las librer\u00edas pacenses con las reservas de los libros escolares para los ni\u00f1os. \u00a1Pero por Dios un poco de respiro que todav\u00eda no estamos ni en agosto! Como dir\u00eda Helen, la mujer del revendo Lovejoy en los Simpsons \u00bfEs que nadie piensa nunca en los ni\u00f1os? \u00a1Que acaban de terminar el curso hace dos d\u00edas y ya est\u00e1n record\u00e1ndoles que ya mismo empiezan otra vez el cole!<\/span><\/p>\n<p class=\"MsoNormal\" style=\"margin: 0cm 0cm 0pt; text-align: justify;\">\u00a0<\/p>\n<p class=\"MsoNormal\" style=\"margin: 0cm 0cm 0pt; text-align: justify;\"><span style=\"font-size: 10pt; color: navy; font-family: Verdana;\">Desde que uno se va haciendo mayor nota como irremediablemente el tiempo pasa mucho m\u00e1s deprisa, pero deprisa de verdad. En mi \u00e9poca de colegial el verano era un periodo de tiempo tan largo que cuando se presentaba te daba la sensaci\u00f3n de que ten\u00edas una vida entera para disfrutarlo. Pod\u00edas jugar con tus amigos (los que no estuvieran de vacaciones) pod\u00edas irte tu tambi\u00e9n de vacaciones con la familia, ver mil cosas en la tele, jugar con tus juguetes, leer, aburrirte, contarte los dedos de los pies, rellenar cientos de veces los libros de vacaciones Santillana, y a\u00fan quedaban d\u00edas y d\u00edas\u2026 hasta que llegaba el momento de ir a comprar los malditos libros del nuevo curso.<\/span><\/p>\n<p class=\"MsoNormal\" style=\"margin: 0cm 0cm 0pt; text-align: justify;\">\u00a0<\/p>\n<p class=\"MsoNormal\" style=\"margin: 0cm 0cm 0pt; text-align: justify;\"><span style=\"font-size: 10pt; color: navy; font-family: Verdana;\">Aquello no dejaba de ser un momento agridulce, pues es cierto que me gustaba el olor de los libros nuevos, me agradaba ojearlos, as\u00ed como pensar en la idea de un nuevo curso, volver a ver a los compa\u00f1eros y esas cosas. No obstante todo era un espejismo y los primeros d\u00edas de curso se tornaban un verdadero infierno. Acostumbrarte otra vez a levantarte temprano era una abominaci\u00f3n, lo mires por donde lo mires. Eso s\u00ed que hubiera sido motivo de depresi\u00f3n post vacacional, pero como los ni\u00f1os de antes \u00e9ramos normales y no nos permit\u00edan seg\u00fan que tonter\u00edas, pues a aguantarse y punto. Observar como acechaba la oscuridad de los d\u00edas y notar como el fr\u00edo y la lluvia iban poco a poco adue\u00f1\u00e1ndose del tiempo, te hac\u00eda deprimirte hasta por lo menos las vacaciones de Navidad. Por eso mi menda no entiende que a finales de julio est\u00e9n algunos pensando ya en los libros de los pobres chiquillos.<\/span><\/p>\n<p>&nbsp;<\/p>\n<p class=\"MsoNormal\" style=\"margin: 0cm 0cm 0pt; text-align: justify;\">\u00a0<\/p>\n<p class=\"MsoNormal\" style=\"margin: 0cm 0cm 0pt; text-align: justify;\">\u00a0<\/p>\n<p class=\"MsoNormal\" style=\"margin: 0cm 0cm 0pt; text-align: justify;\"><span style=\"font-size: 10pt; color: navy; font-family: Verdana;\"><img id=\"img_1\" src=\"\/\/1.bp.blogspot.com\/_37uA-Iy8VKM\/R_0IP39qNJI\/AAAAAAAAAJw\/209eJ5q_Snk\/s320\/pesadilla.gif\" alt=\"\" \/><\/span><\/p>\n<p class=\"MsoNormal\" style=\"margin: 0cm 0cm 0pt; text-align: justify;\">\u00a0<\/p>\n<p class=\"MsoNormal\" style=\"margin: 0cm 0cm 0pt; text-align: justify;\">\u00a0<\/p>\n<p class=\"MsoNormal\" style=\"margin: 0cm 0cm 0pt; text-align: justify;\">\u00a0<\/p>\n<p class=\"MsoNormal\" style=\"margin: 0cm 0cm 0pt; text-align: justify;\">\u00a0<\/p>\n<p class=\"MsoNormal\" style=\"margin: 0cm 0cm 0pt; text-align: justify;\">\u00a0<\/p>\n<p class=\"MsoNormal\" style=\"margin: 0cm 0cm 0pt; text-align: justify;\">\u00a0<\/p>\n<p class=\"MsoNormal\" style=\"margin: 0cm 0cm 0pt; text-align: justify;\">\u00a0<\/p>\n<p class=\"MsoNormal\" style=\"margin: 0cm 0cm 0pt; text-align: justify;\"><span style=\"font-size: 10pt; color: navy; font-family: Verdana;\">A\u00fan siento en mi cuerpo la extra\u00f1a sensaci\u00f3n de la \u00faltima noche de vacaciones, con la mochila preparada para el d\u00eda siguiente y meti\u00e9ndote en la cama bastante antes de lo que ven\u00eda siendo habitual. Pero a\u00fan es pronto mis peque\u00f1os amigos, disfrutad lo que pod\u00e1is, que ya habr\u00e1 tiempo para echarle cara a lo que quede por llegar. A\u00fan as\u00ed, espero que aquellos recuerdos no destemplen mi cuerpo en esta estupenda ma\u00f1ana de verano. Esta noche seguro que tengo que meterme para el cuerpo un par de LOCH LOMOND para ahuyentar fantasmas del pasado. Guardar\u00e9 esa mezcla de sensaciones agridulces y destempladas para mis m\u00e1s oscuras pesadillas.<\/span><\/p>\n<!-- AddThis Advanced Settings generic via filter on the_content --><!-- AddThis Share Buttons generic via filter on the_content -->","protected":false},"excerpt":{"rendered":"<p>Le\u00eda mi menda ayer en las p\u00e1ginas del diario HOY que ya est\u00e1n las librer\u00edas pacenses con las reservas de los libros escolares para los ni\u00f1os. \u00a1Pero por Dios un poco de respiro que todav\u00eda no estamos ni en agosto! Como dir\u00eda Helen, la mujer del revendo Lovejoy en los Simpsons \u00bfEs que nadie piensa [&hellip;]<!-- AddThis Advanced Settings generic via filter on get_the_excerpt --><!-- AddThis Share Buttons generic via filter on get_the_excerpt --><\/p>\n","protected":false},"author":14,"featured_media":0,"comment_status":"open","ping_status":"closed","sticky":false,"template":"","format":"standard","meta":[],"categories":[2],"tags":[953,1057,1062,1299,1515,1806,1852,1859,2394,2582,3049,3103,3175,3176,3515,3674,4027,4459,5156,5201],"_links":{"self":[{"href":"https:\/\/blogs.hoy.es\/loch-lomond\/wp-json\/wp\/v2\/posts\/64"}],"collection":[{"href":"https:\/\/blogs.hoy.es\/loch-lomond\/wp-json\/wp\/v2\/posts"}],"about":[{"href":"https:\/\/blogs.hoy.es\/loch-lomond\/wp-json\/wp\/v2\/types\/post"}],"author":[{"embeddable":true,"href":"https:\/\/blogs.hoy.es\/loch-lomond\/wp-json\/wp\/v2\/users\/14"}],"replies":[{"embeddable":true,"href":"https:\/\/blogs.hoy.es\/loch-lomond\/wp-json\/wp\/v2\/comments?post=64"}],"version-history":[{"count":0,"href":"https:\/\/blogs.hoy.es\/loch-lomond\/wp-json\/wp\/v2\/posts\/64\/revisions"}],"wp:attachment":[{"href":"https:\/\/blogs.hoy.es\/loch-lomond\/wp-json\/wp\/v2\/media?parent=64"}],"wp:term":[{"taxonomy":"category","embeddable":true,"href":"https:\/\/blogs.hoy.es\/loch-lomond\/wp-json\/wp\/v2\/categories?post=64"},{"taxonomy":"post_tag","embeddable":true,"href":"https:\/\/blogs.hoy.es\/loch-lomond\/wp-json\/wp\/v2\/tags?post=64"}],"curies":[{"name":"wp","href":"https:\/\/api.w.org\/{rel}","templated":true}]}}