{"id":640,"date":"2012-01-08T17:31:38","date_gmt":"2012-01-08T16:31:38","guid":{"rendered":"http:\/\/blogs.hoy.es\/loch-lomond\/?p=640"},"modified":"2012-01-08T17:31:38","modified_gmt":"2012-01-08T16:31:38","slug":"el-principe-destronado","status":"publish","type":"post","link":"https:\/\/blogs.hoy.es\/loch-lomond\/2012\/01\/08\/el-principe-destronado\/","title":{"rendered":"El pr\u00edncipe destronado"},"content":{"rendered":"<p>&nbsp;<\/p>\n<p>Enrique Falc\u00f3. Proveedor de sus m\u00e1gicas Majestades.<\/p>\n<p><a href=\"\/loch-lomond\/wp-content\/uploads\/sites\/10\/2012\/01\/El-pr\u00edncipe-destronado.png\"><img loading=\"lazy\" class=\"alignnone size-medium wp-image-644\" title=\"El pr\u00edncipe destronado\" src=\"\/loch-lomond\/wp-content\/uploads\/sites\/10\/2012\/01\/El-pr\u00edncipe-destronado.png\" alt=\"\" width=\"300\" height=\"187\" srcset=\"https:\/\/static-blogs.hoy.es\/wp-content\/uploads\/sites\/10\/2012\/01\/El-pr\u00edncipe-destronado.png 840w, https:\/\/static-blogs.hoy.es\/wp-content\/uploads\/sites\/10\/2012\/01\/El-pr\u00edncipe-destronado-300x188.png 300w, https:\/\/static-blogs.hoy.es\/wp-content\/uploads\/sites\/10\/2012\/01\/El-pr\u00edncipe-destronado-768x480.png 768w\" sizes=\"(max-width: 300px) 100vw, 300px\" \/><\/a><\/p>\n<p><span style=\"color: #000080;\">No deja de entristecerme lo tranquilo que duermo\u00a0 cada noche del 5 de Enero. Desde hace ya muchos a\u00f1os, se me hace corta, como casi todas las noches, a pesar de que anta\u00f1o se me antojaba eterna y realmente interminable. Yo siempre cre\u00ed en los Reyes Magos, y aunque opinaba que aquello de<a title=\"La cabalgata es una lata\" href=\"https:\/\/blogs.hoy.es\/loch-lomond\/2011\/01\/05\/la-cabalgata-es-lata\/\" target=\"_blank\"> la cabalgata era un rollazo<\/a>, a Sus Majestades las veneraba, ayudado quiz\u00e1s por los maravillosos e incre\u00edbles sucesos que me narraban mis padres sobre el poder de \u00e9stos y lo grandioso de su magia, bondad y amor a todos los ni\u00f1os. Hasta que naci\u00f3 <a title=\"Mi hermano peque\u00f1o\" href=\"https:\/\/blogs.hoy.es\/loch-lomond\/2010\/09\/04\/mi-hermano-pequeno\/\" target=\"_blank\">mi hermano peque\u00f1o,<\/a> yo era el encargado de abrir la puerta del sal\u00f3n en la ma\u00f1ana del 6 de enero, aquella puerta que se\u00f1alaba el camino hacia la ilusi\u00f3n y la felicidad, que no volver\u00eda a llegar hasta el pr\u00f3ximo a\u00f1o. Mis padres y hermanas siempre me cuentan que cuando naci\u00f3 mi hermano peque\u00f1o yo sent\u00eda celos. De coraz\u00f3n les confieso que nunca albergu\u00e9 tal sensaci\u00f3n en mi imberbe inocencia. Quer\u00eda a mi hermano, el problema por lo visto es que no ejecutaba cabriolas de alegr\u00eda el d\u00eda que me enter\u00e9 de su llegada al mundo y que me fastidiaba no poder jugar con mis amigos en casa porque hac\u00edamos mucho ruido y \u00e9l estaba dormido y era muy peque\u00f1o y pod\u00edamos despertarlo, pero s\u00ed he de reconocer que me doli\u00f3 la primera vez que fue \u00e9l el encargado de abrir la puerta de aquel maravilloso sal\u00f3n en casa de mis padres. Desde entonces nada volvi\u00f3 a ser lo mismo. Parte de aquella bendita ilusi\u00f3n se hab\u00eda esfumado amparada quiz\u00e1s por una natural progresi\u00f3n de conciencia y una mera cuesti\u00f3n de edad que iba mostrando lo obvio de la situaci\u00f3n. Al contrario que muchos ni\u00f1os nunca me sent\u00ed traicionado, ya que de una forma u otra siempre he cre\u00eddo en la magia en s\u00ed y en la ilusi\u00f3n que producen los Reyes. Quiz\u00e1s el problema sea que estamos matando poco a poco la ilusi\u00f3n. En un mundo como el nuestro en donde cada vez hay menos ni\u00f1os y parecen ser estos una molestia m\u00e1s que una bendici\u00f3n no solemos tener reparo ni discreci\u00f3n a la hora de realizar nuestras compras. Existe una especie de necesidad en esta sociedad, no s\u00e9 si consciente o no, de <a title=\"mocita arrempuj\u00e1\" href=\"http:\/\/www.hoy.es\/v\/20110102\/opinion\/mocita-arrempuja-20110102.html\" target=\"_blank\">impulsar insistentemente a los ni\u00f1os hacia la edad adulta<\/a>.\u00a0 Entre todos, adultos, televisi\u00f3n y centros comerciales, transformamos poco a poco ilusi\u00f3n e inocencia en realidad y practicidad. En algunos anuncios de la tele de juguetes aparece el precio en cuesti\u00f3n, y en montones de centros y jugueter\u00edas muestran cartelones en plan \u201cReserven aqu\u00ed sus regalos de Reyes\u201d. Muchos padres sin pretenderlo han sido responsables de la temprana p\u00e9rdida de inocencia por su poco sentido de la discreci\u00f3n o cuidado, algo que nunca ocurri\u00f3 en mi casa. Como dir\u00eda \u201cHelen\u201d, la esposa del revendo \u201cLovejoy\u201d en \u201cLos Simpson\u201d &#8211; \u201c\u00bfY los ni\u00f1os? <a title=\"\u00bfEs que nadie piensa nunca en los ni\u00f1os?\" href=\"https:\/\/blogs.hoy.es\/loch-lomond\/2010\/07\/28\/es-nadie-piensa-nunca-los-ninos\/\" target=\"_blank\">\u00bfEs que nadie piensa nunca en los ni\u00f1os?<\/a>\u201d<\/span><\/p>\n<p><span style=\"color: #000080;\"><a href=\"\/loch-lomond\/wp-content\/uploads\/sites\/10\/2012\/01\/Reyes-Magos-Simpson.jpg\"><img loading=\"lazy\" class=\"alignnone size-full wp-image-643\" title=\"Reyes-Magos-Simpson\" src=\"\/loch-lomond\/wp-content\/uploads\/sites\/10\/2012\/01\/Reyes-Magos-Simpson.jpg\" alt=\"\" width=\"350\" height=\"263\" srcset=\"https:\/\/static-blogs.hoy.es\/wp-content\/uploads\/sites\/10\/2012\/01\/Reyes-Magos-Simpson.jpg 350w, https:\/\/static-blogs.hoy.es\/wp-content\/uploads\/sites\/10\/2012\/01\/Reyes-Magos-Simpson-300x225.jpg 300w\" sizes=\"(max-width: 350px) 100vw, 350px\" \/><\/a><\/span><\/p>\n<p><span style=\"color: #000080;\">Como ni\u00f1os nos queremos sentir todos estos d\u00edas, pero no es f\u00e1cil, y menos con la que est\u00e1 cayendo y <a title=\"LQSA\" href=\"https:\/\/blogs.hoy.es\/loch-lomond\/2011\/08\/23\/la-que-se-avecina\/\" target=\"_blank\">la que se avecina<\/a>. El pasado jueves 5 de enero, momentos antes de comenzar la jornada en mi trabajo, me vi sorprendido por una especie de mesa redonda en la sala de descanso donde varios compa\u00f1eros recordaban con nostalgia y dulce sonrisa, como preparaban sus zapatos la noche del 5 de enero, y las delicatesen con la que obsequiaban a Sus Majestades. Mi menda, como en los \u00faltimos a\u00f1os por estas fechas, estaba gru\u00f1\u00f3n y de mal humor, as\u00ed que escond\u00ed mi rostro tras una de esas est\u00fapidas revistas de coraz\u00f3n, como si me interesara much\u00edsimo que Chenoa vuelve a estar soltera, tapando mi cara mientras me empapaba de todo y me envolv\u00eda un anhelo de tristeza y de melancol\u00eda. No quise participar en la conversaci\u00f3n, as\u00ed que se lo cuento a ustedes ahora. Mientras muchos de mis amigos les dejaban leche o caf\u00e9 con leche y galletas, e incluso cubos de agua para los camellos, para m\u00ed, lo normal era dejar unos cigarros y qu\u00e9 se yo, un buen wiskazo o bebida de licor. En el fondo mi padre, aunque no alcanza mi sentido del humor, a su manera siempre ha sido un cachondo mental. &#8211; \u00a1Hay que ver la de colillas que hay! \u00a1Y se han trajinado media botellita! &#8211; Exclamaba asombrado y divertido ante el buen fumar y la implacable sed de sus graciosas Majestades. A m\u00ed que a los Reyes les gustara fumar y beber whisky me parec\u00eda lo m\u00e1s normal del mundo. \u00a1Que tiempos! Si eso ocurriera hoy en d\u00eda y se enteraran los servicios sociales a mis padres les retiraban la custodia fijo. La pasada noche de reyes volv\u00ed a sentirme como un pr\u00edncipe destronado, al que le han robado la ilusi\u00f3n. Ser\u00e1 que todav\u00eda no hay ni\u00f1os peque\u00f1os por casa que te obliguen a disimular y a participar en la alegr\u00eda del momento, a insistir en la magia y en la ilusi\u00f3n y a volver a ser un ni\u00f1o feliz a trav\u00e9s de sus asombrados ojos rebosantes de entusiasmo y fascinaci\u00f3n. Les confieso que en el \u00faltimo instante me traicion\u00f3 el subconsciente y dej\u00e9 junto a los zapatos una botella de LOCH LOMOND y tres vasos. No me sorprendi\u00f3 nada comprobar que estaba intacta a la ma\u00f1ana siguiente. No s\u00e9 en que estar\u00eda pensando, pero existen momentos, en que a pesar de aceptar que ya no somos ni\u00f1os y sobrellevar con dignidad el paso del tiempo, uno no puede dejar de pensar que Melchor, Gaspar y Baltasar acudir\u00e1n alg\u00fan d\u00eda al rescate en pos de la ilusi\u00f3n y la magia perdida que el ni\u00f1o de ayer no supo contagiar al hombre de hoy.<\/span><\/p>\n<p><span style=\"color: #000000;\"><em>Publicado en Diario HOY el 08\/01\/2012<\/em><\/span><\/p>\n<p><span style=\"color: #000000;\"><a href=\"http:\/\/lector.kioskoymas.com\/epaper\/showlink.aspx?bookmarkid=5PM0H0996H21&#038;preview=magnifier&#038;linkid=32be4ff8-e531-4e60-ada8-c066ad0bb312&#038;pdaffid=1NEHCXDv4QZRFanP7KJR9A%3d%3d\"><img src=\"\/\/cache2-thumb1.pressdisplay.com\/pressdisplay\/docserver\/getimage.aspx?file=22012012010800000000001001&#038;page=28&#038;scale=23\" alt=\"\" \/><\/a><\/span><\/p>\n<!-- AddThis Advanced Settings generic via filter on the_content --><!-- AddThis Share Buttons generic via filter on the_content -->","protected":false},"excerpt":{"rendered":"<p>&nbsp; Enrique Falc\u00f3. Proveedor de sus m\u00e1gicas Majestades. No deja de entristecerme lo tranquilo que duermo\u00a0 cada noche del 5 de Enero. Desde hace ya muchos a\u00f1os, se me hace corta, como casi todas las noches, a pesar de que anta\u00f1o se me antojaba eterna y realmente interminable. Yo siempre cre\u00ed en los Reyes Magos, [&hellip;]<!-- AddThis Advanced Settings generic via filter on get_the_excerpt --><!-- AddThis Share Buttons generic via filter on get_the_excerpt --><\/p>\n","protected":false},"author":14,"featured_media":0,"comment_status":"open","ping_status":"closed","sticky":false,"template":"","format":"standard","meta":[],"categories":[8],"tags":[460,690,886,942,987,1439,1515,1564,1699,1806,2226,2247,2394,2403,2461,2537,2853,2990,3103,3175,3236,3237,3424,3425,3460,3673,3674,3698,3711,3797,3855,3856,4266,4459,4469,4834,4846,5086,5097,5315],"_links":{"self":[{"href":"https:\/\/blogs.hoy.es\/loch-lomond\/wp-json\/wp\/v2\/posts\/640"}],"collection":[{"href":"https:\/\/blogs.hoy.es\/loch-lomond\/wp-json\/wp\/v2\/posts"}],"about":[{"href":"https:\/\/blogs.hoy.es\/loch-lomond\/wp-json\/wp\/v2\/types\/post"}],"author":[{"embeddable":true,"href":"https:\/\/blogs.hoy.es\/loch-lomond\/wp-json\/wp\/v2\/users\/14"}],"replies":[{"embeddable":true,"href":"https:\/\/blogs.hoy.es\/loch-lomond\/wp-json\/wp\/v2\/comments?post=640"}],"version-history":[{"count":0,"href":"https:\/\/blogs.hoy.es\/loch-lomond\/wp-json\/wp\/v2\/posts\/640\/revisions"}],"wp:attachment":[{"href":"https:\/\/blogs.hoy.es\/loch-lomond\/wp-json\/wp\/v2\/media?parent=640"}],"wp:term":[{"taxonomy":"category","embeddable":true,"href":"https:\/\/blogs.hoy.es\/loch-lomond\/wp-json\/wp\/v2\/categories?post=640"},{"taxonomy":"post_tag","embeddable":true,"href":"https:\/\/blogs.hoy.es\/loch-lomond\/wp-json\/wp\/v2\/tags?post=640"}],"curies":[{"name":"wp","href":"https:\/\/api.w.org\/{rel}","templated":true}]}}