{"id":646,"date":"2012-01-12T01:45:37","date_gmt":"2012-01-12T00:45:37","guid":{"rendered":"http:\/\/blogs.hoy.es\/loch-lomond\/?p=646"},"modified":"2012-01-12T01:45:37","modified_gmt":"2012-01-12T00:45:37","slug":"mortadelo-y-la-olimpiada","status":"publish","type":"post","link":"https:\/\/blogs.hoy.es\/loch-lomond\/2012\/01\/12\/mortadelo-y-la-olimpiada\/","title":{"rendered":"Mortadelo y la Olimpiada"},"content":{"rendered":"<div id=\"attachment_647\" style=\"width: 310px\" class=\"wp-caption alignnone\"><a href=\"\/loch-lomond\/wp-content\/uploads\/sites\/10\/2012\/01\/Francisco-Ib\u00e1\u00f1ez.jpg\"><img aria-describedby=\"caption-attachment-647\" loading=\"lazy\" class=\"size-full wp-image-647\" title=\"\" src=\"\/loch-lomond\/wp-content\/uploads\/sites\/10\/2012\/01\/Francisco-Ib\u00e1\u00f1ez.jpg\" alt=\"\" width=\"300\" height=\"184\" \/><\/a><p id=\"caption-attachment-647\" class=\"wp-caption-text\">El dibujante Francisco Ib\u00e1\u00f1ez<\/p><\/div>\n<p>&nbsp;<\/p>\n<p><span style=\"color: #000080;\">Cuando uno se encuentra pasando por momentos de <a title=\"Reflexiones de un hombre infeliz\" href=\"https:\/\/blogs.hoy.es\/loch-lomond\/2011\/12\/31\/reflexiones-de-un-hombre-infeliz\/\" target=\"_blank\">baj\u00f3n an\u00edmico<\/a>, con <a title=\"Sin Blanca Navidad\" href=\"https:\/\/blogs.hoy.es\/loch-lomond\/2011\/12\/11\/sin-blanca-navidad\/\" target=\"_blank\">la resaca de las fiestas navide\u00f1as<\/a> y la a\u00f1orada <a title=\"El pr\u00edncipe destronado\" href=\"https:\/\/blogs.hoy.es\/loch-lomond\/2012\/01\/08\/el-principe-destronado\/\" target=\"_blank\">ilusi\u00f3n perdida de los Reyes Magos<\/a>, no queda otra que volcarse en noticias alegres y optimistas que ayuden a olvidarse de subidas de impuestos, cuestas (m\u00e1s bien rampas de lanzamiento) de enero y el horror de las reyertas y asesinatos que comienzan a asolar nuestra ciudad con una peligrosa asiduidad no deseada.<\/span><\/p>\n<div id=\"attachment_649\" style=\"width: 410px\" class=\"wp-caption alignnone\"><span style=\"color: #000080;\"><a href=\"\/loch-lomond\/wp-content\/uploads\/sites\/10\/2012\/01\/Mortadelo-y-Filem\u00f3n-uno-y-dos-de-su-promoci\u00f3n-no-se-hab\u00edan-presentado-m\u00e1s.jpg\"><span style=\"color: #000080;\"><img aria-describedby=\"caption-attachment-649\" loading=\"lazy\" class=\"size-full wp-image-649\" title=\"Mortadelo y Filem\u00f3n uno y dos de su promoci\u00f3n (no se hab\u00edan presentado m\u00e1s)\" src=\"\/loch-lomond\/wp-content\/uploads\/sites\/10\/2012\/01\/Mortadelo-y-Filem\u00f3n-uno-y-dos-de-su-promoci\u00f3n-no-se-hab\u00edan-presentado-m\u00e1s.jpg\" alt=\"Mortadelo y Filem\u00f3n uno y dos de su promoci\u00f3n (no se hab\u00edan presentado m\u00e1s)\" width=\"400\" height=\"370\" srcset=\"https:\/\/static-blogs.hoy.es\/wp-content\/uploads\/sites\/10\/2012\/01\/Mortadelo-y-Filem\u00f3n-uno-y-dos-de-su-promoci\u00f3n-no-se-hab\u00edan-presentado-m\u00e1s.jpg 400w, https:\/\/static-blogs.hoy.es\/wp-content\/uploads\/sites\/10\/2012\/01\/Mortadelo-y-Filem\u00f3n-uno-y-dos-de-su-promoci\u00f3n-no-se-hab\u00edan-presentado-m\u00e1s-300x278.jpg 300w\" sizes=\"(max-width: 400px) 100vw, 400px\" \/><\/span><\/a><\/span><p id=\"caption-attachment-649\" class=\"wp-caption-text\">Mortadelo y Filem\u00f3n uno y dos de su promoci\u00f3n (no se hab\u00edan presentado m\u00e1s)<\/p><\/div>\n<p><span style=\"color: #000080;\">Ib\u00e1\u00f1ez, el gran Francisco Ib\u00e1\u00f1ez recupera las mejores historias de Mortadelo y Filem\u00f3n en una colecci\u00f3n especial de 60 vol\u00famenes. Un buen momento para que sus m\u00e1s fervientes y agradecidos lectores recuperemos algunas de las viejas historietas perdidas u otras\u00a0que no han superado el paso del tiempo. Tambi\u00e9n para que los m\u00e1s j\u00f3venes se animen a conocer al que quiz\u00e1s es el personaje de c\u00f3mic m\u00e1s importante de la historieta espa\u00f1ola. 50 a\u00f1os nada menos contemplan al gran maestro del disfraz Mortadelo y a su jefe, Filem\u00f3n Pi, el gran poeta (es la vida cual un grajo, pues tan pronto est\u00e1s arriba como te vas para abajo) que presum\u00eda orgulloso tras colgar en sus paredes los m\u00e9ritos obtenidos durante su \u00e9poca de estudiante (Certificamos que Filem\u00f3n Pi ha sido vacunado contra la viruela).<\/span><\/p>\n<p><span style=\"color: #000080;\"><a href=\"\/loch-lomond\/wp-content\/uploads\/sites\/10\/2012\/01\/Mortadelo-y-Filem\u00f3n-La-Olimpiada.jpg\"><span style=\"color: #000080;\"><img loading=\"lazy\" class=\"alignnone size-full wp-image-650\" title=\"Mortadelo y Filem\u00f3n La Olimpiada\" src=\"\/loch-lomond\/wp-content\/uploads\/sites\/10\/2012\/01\/Mortadelo-y-Filem\u00f3n-La-Olimpiada.jpg\" alt=\"\" width=\"592\" height=\"790\" srcset=\"https:\/\/static-blogs.hoy.es\/wp-content\/uploads\/sites\/10\/2012\/01\/Mortadelo-y-Filem\u00f3n-La-Olimpiada.jpg 592w, https:\/\/static-blogs.hoy.es\/wp-content\/uploads\/sites\/10\/2012\/01\/Mortadelo-y-Filem\u00f3n-La-Olimpiada-225x300.jpg 225w\" sizes=\"(max-width: 592px) 100vw, 592px\" \/><\/span><\/a><\/span><\/p>\n<p><span style=\"color: #000080;\">En una ocasi\u00f3n, har\u00e1 unos diez a\u00f1os, pude intercambiar unas breves palabras con el maestro Ib\u00e1\u00f1ez. Fue durante una firma de ejemplares en El Corte Ingl\u00e9s de Badajoz. Yo eleg\u00ed para la ocasi\u00f3n uno de mis S\u00faper Humor favoritos de la colecci\u00f3n OL\u00c9, en la que figuraba mi aventura corta favorita \u201cUn d\u00eda de campo\u201d. Mientras don Francisco me dibujaba un Mortadelo gigante en la primera p\u00e1gina, me escuchaba sonriendo\u00a0y\u00a0el menda\u00a0le comentaba \u201cDon Francisco, todo el mundo le alaba a usted como un gran dibujante, y no puedo estar m\u00e1s de acuerdo, pero no le dan la importancia a otra faceta que parece pasar desapercibida. Usted ser\u00e1 un gran dibujante, pero todav\u00eda es mejor guionista\u201d. No olvidar\u00e9 su gran carcajada rebosante de gratitud, ni sus posteriores palabras agradeciendo mi peque\u00f1o discurso. Me confes\u00f3 que en m\u00e1s de una ocasi\u00f3n ha insistido en los medios de comunicaci\u00f3n\u00a0que \u00e9l no era dibujante, sino historietista, y esa faceta lleva impl\u00edcita ambas cosas.<\/span><\/p>\n<p><span style=\"color: #000080;\">\u00a0<a href=\"\/loch-lomond\/wp-content\/uploads\/sites\/10\/2012\/01\/Iba\u00f1ez-Mortadelo-y-Filem\u00f3n1.jpg\"><img loading=\"lazy\" class=\"alignnone size-full wp-image-655\" title=\"Iba\u00f1ez, Mortadelo y Filem\u00f3n\" src=\"\/loch-lomond\/wp-content\/uploads\/sites\/10\/2012\/01\/Iba\u00f1ez-Mortadelo-y-Filem\u00f3n1.jpg\" alt=\"\" width=\"472\" height=\"451\" srcset=\"https:\/\/static-blogs.hoy.es\/wp-content\/uploads\/sites\/10\/2012\/01\/Iba\u00f1ez-Mortadelo-y-Filem\u00f3n1.jpg 472w, https:\/\/static-blogs.hoy.es\/wp-content\/uploads\/sites\/10\/2012\/01\/Iba\u00f1ez-Mortadelo-y-Filem\u00f3n1-300x287.jpg 300w\" sizes=\"(max-width: 472px) 100vw, 472px\" \/><\/a><\/span><\/p>\n<p><span style=\"color: #000080;\">Lo dicho, ocasi\u00f3n inmejorable para seguir disfrutando con Mortadelo, espero que por 50 a\u00f1os m\u00e1s. Como despedida, aprovechando que este reciente 2012 es a\u00f1o ol\u00edmpico, quiero recordarles a todos ustedes las palabras que pronunci\u00f3 Mortadelo sobre el asunto de la Olimpiada. \u201cO limpiada con bayeta, O limpiada con estropajo, relucir\u00e1 su cazuela, con detergente Cascajo\u201d Sencillamente genial. La verdad es que despu\u00e9s de todo lo mejor de las Olimpiadas siempre han sido Mortadelo y Filem\u00f3n. \u00a1Mil gracias don Francisco!<\/span><\/p>\n<!-- AddThis Advanced Settings generic via filter on the_content --><!-- AddThis Share Buttons generic via filter on the_content -->","protected":false},"excerpt":{"rendered":"<p>&nbsp; Cuando uno se encuentra pasando por momentos de baj\u00f3n an\u00edmico, con la resaca de las fiestas navide\u00f1as y la a\u00f1orada ilusi\u00f3n perdida de los Reyes Magos, no queda otra que volcarse en noticias alegres y optimistas que ayuden a olvidarse de subidas de impuestos, cuestas (m\u00e1s bien rampas de lanzamiento) de enero y el [&hellip;]<!-- AddThis Advanced Settings generic via filter on get_the_excerpt --><!-- AddThis Share Buttons generic via filter on get_the_excerpt --><\/p>\n","protected":false},"author":14,"featured_media":0,"comment_status":"open","ping_status":"closed","sticky":false,"template":"","format":"standard","meta":[],"categories":[2],"tags":[52,1060,1087,1089,1441,1515,1621,1806,1873,2101,2119,2164,2267,2358,2450,2451,2701,3103,3228,3552,3553,3554,3746,3748,4813,5129],"_links":{"self":[{"href":"https:\/\/blogs.hoy.es\/loch-lomond\/wp-json\/wp\/v2\/posts\/646"}],"collection":[{"href":"https:\/\/blogs.hoy.es\/loch-lomond\/wp-json\/wp\/v2\/posts"}],"about":[{"href":"https:\/\/blogs.hoy.es\/loch-lomond\/wp-json\/wp\/v2\/types\/post"}],"author":[{"embeddable":true,"href":"https:\/\/blogs.hoy.es\/loch-lomond\/wp-json\/wp\/v2\/users\/14"}],"replies":[{"embeddable":true,"href":"https:\/\/blogs.hoy.es\/loch-lomond\/wp-json\/wp\/v2\/comments?post=646"}],"version-history":[{"count":0,"href":"https:\/\/blogs.hoy.es\/loch-lomond\/wp-json\/wp\/v2\/posts\/646\/revisions"}],"wp:attachment":[{"href":"https:\/\/blogs.hoy.es\/loch-lomond\/wp-json\/wp\/v2\/media?parent=646"}],"wp:term":[{"taxonomy":"category","embeddable":true,"href":"https:\/\/blogs.hoy.es\/loch-lomond\/wp-json\/wp\/v2\/categories?post=646"},{"taxonomy":"post_tag","embeddable":true,"href":"https:\/\/blogs.hoy.es\/loch-lomond\/wp-json\/wp\/v2\/tags?post=646"}],"curies":[{"name":"wp","href":"https:\/\/api.w.org\/{rel}","templated":true}]}}