{"id":65,"date":"2010-07-29T00:01:00","date_gmt":"2010-07-28T23:01:00","guid":{"rendered":"http:\/\/blogs.hoy.es\/loch-lomond\/?p=64"},"modified":"2010-07-29T00:01:00","modified_gmt":"2010-07-28T23:01:00","slug":"y-dale-con-prohibir","status":"publish","type":"post","link":"https:\/\/blogs.hoy.es\/loch-lomond\/2010\/07\/29\/y-dale-con-prohibir\/","title":{"rendered":"Y DALE CON PROHIBIR"},"content":{"rendered":"<p class=MsoNormal style=\"MARGIN: 0cm 0cm 0pt; TEXT-ALIGN: justify\"><span style=\"FONT-SIZE: 10pt; COLOR: navy; FONT-FAMILY: Verdana\"><img id=img_0 src=\"\/\/alexkev.files.wordpress.com\/2008\/09\/prohibido-prohibir.jpeg\"\/><\/span><\/p>\n<p class=MsoNormal style=\"MARGIN: 0cm 0cm 0pt; TEXT-ALIGN: justify\"><span style=\"FONT-SIZE: 10pt; COLOR: navy; FONT-FAMILY: Verdana\"><\/span><\/p>\n<p><span style=\"FONT-SIZE: 10pt; COLOR: navy; FONT-FAMILY: Verdana\"><\/span> <\/p>\n<p class=MsoNormal style=\"MARGIN: 0cm 0cm 0pt; TEXT-ALIGN: justify\">\n<p class=MsoNormal style=\"MARGIN: 0cm 0cm 0pt; TEXT-ALIGN: justify\">\n<p class=MsoNormal style=\"MARGIN: 0cm 0cm 0pt; TEXT-ALIGN: justify\">\n<p class=MsoNormal style=\"MARGIN: 0cm 0cm 0pt; TEXT-ALIGN: justify\">\n<p class=MsoNormal style=\"MARGIN: 0cm 0cm 0pt; TEXT-ALIGN: justify\"><span style=\"FONT-SIZE: 10pt; COLOR: navy; FONT-FAMILY: Verdana\">Que man\u00eda tienen los gobiernos con eso de prohibir. \u00a1Que estamos en democracia narices, y en el a\u00f1o 2010! A mi, personalmente, los toros no me gustan, y eso que mi padre entre otras cosas es cr\u00edtico taurino, pero que quieren que les diga, no me hacen gracia, me aburren porque no los entiendo, al igual que tambi\u00e9n me aburren el golf, o la h\u00edpica, o el b\u00e9isbol, al que no s\u00e9 que ven de incre\u00edble los americanos. Ahora, no por ello voy a desconocer las ra\u00edces profundas y antiguas de < ?xml:namespace prefix = st1 ns = \"urn:schemas-microsoft-com:office:smarttags\" \/><st1:personname w:st=\"on\" ProductID=\"la Fiesta\">la Fiesta<\/st1:personname> que se remontan al principio de los tiempos.<\/span><\/p>\n<p class=MsoNormal style=\"MARGIN: 0cm 0cm 0pt; TEXT-ALIGN: justify\"><span style=\"FONT-SIZE: 10pt; COLOR: navy; FONT-FAMILY: Verdana\"><\/span> <\/p>\n<p class=MsoNormal style=\"MARGIN: 0cm 0cm 0pt; TEXT-ALIGN: justify\"><span style=\"FONT-SIZE: 10pt; COLOR: navy; FONT-FAMILY: Verdana\"><\/span> <\/p>\n<p class=MsoNormal style=\"MARGIN: 0cm 0cm 0pt; TEXT-ALIGN: justify\"><span style=\"FONT-SIZE: 10pt; COLOR: navy; FONT-FAMILY: Verdana\"><\/span> <\/p>\n<p class=MsoNormal style=\"MARGIN: 0cm 0cm 0pt; TEXT-ALIGN: justify\"><span style=\"FONT-SIZE: 10pt; COLOR: navy; FONT-FAMILY: Verdana\"> < ?xml:namespace prefix = o ns = \"urn:schemas-microsoft-com:office:office\" \/><o:p><\/o:p><\/span><\/p>\n<p class=MsoNormal style=\"MARGIN: 0cm 0cm 0pt; TEXT-ALIGN: justify\"><span style=\"FONT-SIZE: 10pt; COLOR: navy; FONT-FAMILY: Verdana\"><o:p><\/o:p><\/span><\/p>\n<p class=MsoNormal style=\"MARGIN: 0cm 0cm 0pt; TEXT-ALIGN: justify\"><span style=\"FONT-SIZE: 10pt; COLOR: navy; FONT-FAMILY: Verdana\">Al que no le gusten los toros que no vaya a las plazas de toros, pero que no proh\u00edban a nadie que haga lo que le d\u00e9 la real gana. No nos enga\u00f1emos, lo de los toros en Catalu\u00f1a no es m\u00e1s que pol\u00edtica pura y dura. Todos los miembros de las plataformas en defensa al maltrato de los animales no dejan de practicar la mayor de las demagogias ante un tema que adem\u00e1s desconocen e ignoran profundamente. Habr\u00eda que preocuparse del maltrato de verdad a los animales, como las capeas o las est\u00fapidas fiestas de algunos pueblos exentas de arte donde el espect\u00e1culo s\u00ed consiste en re\u00edrse de los animales o aplicarles cualquier tipo de castigo f\u00edsico. <o:p><\/o:p><\/span><\/p>\n<p class=MsoNormal style=\"MARGIN: 0cm 0cm 0pt; TEXT-ALIGN: justify\"><span style=\"FONT-SIZE: 10pt; COLOR: navy; FONT-FAMILY: Verdana\"><o:p><\/o:p><\/span><\/p>\n<p class=MsoNormal style=\"MARGIN: 0cm 0cm 0pt; TEXT-ALIGN: justify\"><span style=\"FONT-SIZE: 10pt; COLOR: navy; FONT-FAMILY: Verdana\">No hay vuelta de hoja. Quien maltrata o infringe da\u00f1o a un animal por puro placer no tiene definici\u00f3n alguna m\u00e1s que la de indeseable. Y debe ser perseguido y castigado con contundencia. Quien ahorca un galgo, o mata a palos a un pobre burro, o desmenuza a un gato reci\u00e9n nacido contra la pared, es tan animal que la raza humana ha de sentir verg\u00fcenza de estar representada por alguno de estos inhumanos irracionales que son toda esta panda de malvados y est\u00fapidos canallas.<\/span><\/p>\n<p> <span style=\"FONT-SIZE: 10pt; COLOR: navy; FONT-FAMILY: Verdana\"><\/span> <\/p>\n<p> <span style=\"FONT-SIZE: 10pt; COLOR: navy; FONT-FAMILY: Verdana\"><\/span> <\/p>\n<p> <span style=\"FONT-SIZE: 10pt; COLOR: navy; FONT-FAMILY: Verdana\"><\/span> <\/p>\n<p> <span style=\"FONT-SIZE: 10pt; COLOR: navy; FONT-FAMILY: Verdana\"><o:p><\/o:p><\/span> <\/p>\n<p class=MsoNormal style=\"MARGIN: 0cm 0cm 0pt; TEXT-ALIGN: justify\">\n<p class=MsoNormal style=\"MARGIN: 0cm 0cm 0pt; TEXT-ALIGN: justify\"><span style=\"FONT-SIZE: 10pt; COLOR: navy; FONT-FAMILY: Verdana\"><o:p><\/o:p><\/span><\/p>\n<p class=MsoNormal style=\"MARGIN: 0cm 0cm 0pt; TEXT-ALIGN: justify\"><span style=\"FONT-SIZE: 10pt; COLOR: navy; FONT-FAMILY: Verdana\"><span style=\"mso-spacerun: yes\"><\/span>Quien demuestra su amor por los animales, merece para m\u00ed el mayor de los respetos. Ahora bien, muchas veces se olvidan de que el hombre es tambi\u00e9n un animal, y muchos de estos \u201cdefensores\u201d de los animales son los primeros que se alegran cuando un torero riega con su propia sangre el coso taurino. No quisiera yo tampoco, caer en las nebulosas falacias de la demagogia m\u00e1s pura y dura, ni tampoco en las contradicciones pero cuanto menos, alguno de \u00e9stos no har\u00edan mal en replantearse dicha cuesti\u00f3n.<\/span><\/p>\n<p> <span style=\"FONT-SIZE: 10pt; COLOR: navy; FONT-FAMILY: Verdana\"><\/span> <\/p>\n<p> <span style=\"FONT-SIZE: 10pt; COLOR: navy; FONT-FAMILY: Verdana\"><\/span> <\/p>\n<p> <span style=\"FONT-SIZE: 10pt; COLOR: navy; FONT-FAMILY: Verdana\"><\/span> <\/p>\n<p> <span style=\"FONT-SIZE: 10pt; COLOR: navy; FONT-FAMILY: Verdana\"><\/span> <\/p>\n<p class=MsoNormal style=\"MARGIN: 0cm 0cm 0pt; TEXT-ALIGN: justify\">\n<p><span style=\"FONT-SIZE: 10pt; COLOR: navy; FONT-FAMILY: Verdana\"><\/span><\/p>\n<p><span style=\"FONT-SIZE: 10pt; COLOR: navy; FONT-FAMILY: Verdana\"><\/span><\/p>\n<p><span style=\"FONT-SIZE: 10pt; COLOR: navy; FONT-FAMILY: Verdana\"><\/span><\/p>\n<p><span style=\"FONT-SIZE: 10pt; COLOR: navy; FONT-FAMILY: Verdana\"><\/span><\/p>\n<p><span style=\"FONT-SIZE: 10pt; COLOR: navy; FONT-FAMILY: Verdana\"><o:p><img id=img_1 src=\"\/\/www.luiscordero.com\/bender\/otros_detalles_sobre_bender\/bender_acostado.jpg\"\/><\/o:p><\/span><\/p>\n<p class=MsoNormal style=\"MARGIN: 0cm 0cm 0pt; TEXT-ALIGN: justify\">\n<p><span style=\"FONT-SIZE: 10pt; COLOR: navy; FONT-FAMILY: Verdana\"><o:p><\/o:p><\/span> <\/p>\n<p class=MsoNormal style=\"MARGIN: 0cm 0cm 0pt; TEXT-ALIGN: justify\">\n<p class=MsoNormal style=\"MARGIN: 0cm 0cm 0pt; TEXT-ALIGN: justify\">\n<p class=MsoNormal style=\"MARGIN: 0cm 0cm 0pt; TEXT-ALIGN: justify\">\n<p class=MsoNormal style=\"MARGIN: 0cm 0cm 0pt; TEXT-ALIGN: justify\">\n<p class=MsoNormal style=\"MARGIN: 0cm 0cm 0pt; TEXT-ALIGN: justify\">\n<p class=MsoNormal style=\"MARGIN: 0cm 0cm 0pt; TEXT-ALIGN: justify\"><span style=\"FONT-SIZE: 10pt; COLOR: navy; FONT-FAMILY: Verdana\">\u00a1Basta ya de prohibiciones! Ning\u00fan hombre es mejor que otro para imponerle sus ideas. \u00bfQui\u00e9nes son los diputados del parlamento catal\u00e1n para privar a los habitantes de Catalu\u00f1a de su derecho a asistir a un espect\u00e1culo que les agrada? Lo dicho. No a la prohibici\u00f3n, de ning\u00fan tipo. Prohibido Prohibir. \u00bfVen como yo tambi\u00e9n me estoy contradiciendo? Acaba de darme una subida de mala leche de las gordas. Me voy al sal\u00f3n a relajarme en esta jornada de alerta naranja, a ahogar las penas con unas copas de LOCH LOMOND con hielo\u2026 \u00a1Antes de que se le ocurra a alguien prohibirlo tambi\u00e9n! <o:p><\/o:p><\/span><\/p>\n<!-- AddThis Advanced Settings generic via filter on the_content --><!-- AddThis Share Buttons generic via filter on the_content -->","protected":false},"excerpt":{"rendered":"<p>Que man\u00eda tienen los gobiernos con eso de prohibir. \u00a1Que estamos en democracia narices, y en el a\u00f1o 2010! A mi, personalmente, los toros no me gustan, y eso que mi padre entre otras cosas es cr\u00edtico taurino, pero que quieren que les diga, no me hacen gracia, me aburren porque no los entiendo, al [&hellip;]<!-- AddThis Advanced Settings generic via filter on get_the_excerpt --><!-- AddThis Share Buttons generic via filter on get_the_excerpt --><\/p>\n","protected":false},"author":14,"featured_media":0,"comment_status":"open","ping_status":"closed","sticky":false,"template":"","format":"standard","meta":[],"categories":[5],"tags":[273,866,1515,1806,3042,3103,3272,3906,4124,5041],"_links":{"self":[{"href":"https:\/\/blogs.hoy.es\/loch-lomond\/wp-json\/wp\/v2\/posts\/65"}],"collection":[{"href":"https:\/\/blogs.hoy.es\/loch-lomond\/wp-json\/wp\/v2\/posts"}],"about":[{"href":"https:\/\/blogs.hoy.es\/loch-lomond\/wp-json\/wp\/v2\/types\/post"}],"author":[{"embeddable":true,"href":"https:\/\/blogs.hoy.es\/loch-lomond\/wp-json\/wp\/v2\/users\/14"}],"replies":[{"embeddable":true,"href":"https:\/\/blogs.hoy.es\/loch-lomond\/wp-json\/wp\/v2\/comments?post=65"}],"version-history":[{"count":0,"href":"https:\/\/blogs.hoy.es\/loch-lomond\/wp-json\/wp\/v2\/posts\/65\/revisions"}],"wp:attachment":[{"href":"https:\/\/blogs.hoy.es\/loch-lomond\/wp-json\/wp\/v2\/media?parent=65"}],"wp:term":[{"taxonomy":"category","embeddable":true,"href":"https:\/\/blogs.hoy.es\/loch-lomond\/wp-json\/wp\/v2\/categories?post=65"},{"taxonomy":"post_tag","embeddable":true,"href":"https:\/\/blogs.hoy.es\/loch-lomond\/wp-json\/wp\/v2\/tags?post=65"}],"curies":[{"name":"wp","href":"https:\/\/api.w.org\/{rel}","templated":true}]}}