{"id":657,"date":"2012-01-16T23:34:45","date_gmt":"2012-01-16T22:34:45","guid":{"rendered":"http:\/\/blogs.hoy.es\/loch-lomond\/?p=657"},"modified":"2012-01-16T23:34:45","modified_gmt":"2012-01-16T22:34:45","slug":"capitan-trueno","status":"publish","type":"post","link":"https:\/\/blogs.hoy.es\/loch-lomond\/2012\/01\/16\/capitan-trueno\/","title":{"rendered":"Capit\u00e1n Trueno"},"content":{"rendered":"<p>Enrique Falc\u00f3. Goliat<\/p>\n<p><a href=\"\/loch-lomond\/wp-content\/uploads\/sites\/10\/2012\/01\/El-capit\u00e1n-trueno.jpg\"><img loading=\"lazy\" class=\"alignnone size-full wp-image-658\" title=\"El capit\u00e1n trueno\" src=\"\/loch-lomond\/wp-content\/uploads\/sites\/10\/2012\/01\/El-capit\u00e1n-trueno.jpg\" alt=\"\" width=\"640\" height=\"501\" srcset=\"https:\/\/static-blogs.hoy.es\/wp-content\/uploads\/sites\/10\/2012\/01\/El-capit\u00e1n-trueno.jpg 640w, https:\/\/static-blogs.hoy.es\/wp-content\/uploads\/sites\/10\/2012\/01\/El-capit\u00e1n-trueno-300x235.jpg 300w\" sizes=\"(max-width: 640px) 100vw, 640px\" \/><\/a><\/p>\n<p><span style=\"color: #000080;\">\u201cVen Capit\u00e1n Trueno, haz que gane el bueno, ven Capit\u00e1n Trueno, que el mundo est\u00e1 al rev\u00e9s\u201d. As\u00ed reza el estribillo del temazo musical del grupo \u201cAsfalto\u201d, uno de tantos excelentes grupos de Rock Urbano en Espa\u00f1a a finales de los 70. \u00a0Solo por temas como <a title=\"ASFALTO Capit\u00e1n Trueno\" href=\"http:\/\/www.youtube.com\/watch?v=MZOgRkIzIgQ\" target=\"_blank\">\u201cCapit\u00e1n Trueno\u201d<\/a> <a title=\"ASFALTO Rocinante\" href=\"http:\/\/www.youtube.com\/watch?v=_ctddBnk9Lc\" target=\"_blank\">\u201cRocinante\u201d<\/a> y <a title=\"ASFALTO D\u00edas de escuela\" href=\"http:\/\/www.youtube.com\/watch?v=UpZBkx0auYo&#038;feature=related\" target=\"_blank\">\u201cD\u00edas de escuela\u201d<\/a> otros cl\u00e1sicos del grupo, \u201cAsfalto\u201d merece permanecer con letras de oro en los anales de la historia de la m\u00fasica espa\u00f1ola. \u201cCapit\u00e1n Trueno\u201d es una preciosa pieza con una bella melod\u00eda, mejor m\u00fasica y una letra ejemplar. Precisamente este pasado 2011 unos renovados \u201cAsfalto\u201d grabaron una <a title=\"ASFALTO Nueva versi\u00f3n Capit\u00e1n Trueno\" href=\"http:\/\/www.goear.com\/listen\/433155c\/capitan-trueno-2011-asfalto\" target=\"_blank\">nueva versi\u00f3n<\/a> para incluirla en la banda sonora de \u201cEl Capit\u00e1n Trueno y el Santo Grial\u201d dirigida por Antonio Hern\u00e1ndez. Craso error, pues la nueva versi\u00f3n no est\u00e1 a la altura, como casi siempre ocurre, de la original. La canci\u00f3n rebosa reivindicaciones por los cuatro costados.\u00a0 Denota y connota sue\u00f1os incre\u00edbles y es emocionante en grado sumo. Suena a fin de la dictadura y llegada de la democracia (precisamente est\u00e1 compuesta en el a\u00f1o de mi nacimiento, en 1978), a lucha social, a b\u00fasqueda de libertad. En definitiva, recuerda a la generaci\u00f3n de nuestros padres, de los que ahora rondamos la treintena. Aquella sufrida generaci\u00f3n que tanto luch\u00f3, contra sus progenitores, y que tanto presume que trabaj\u00f3 en pos de la libertad para darnos a sus hijos un mundo mejor. Es curioso pero dicha canci\u00f3n parece tambi\u00e9n muy apropiada para los j\u00f3venes de hoy en d\u00eda, quienes a pesar de haberse mal criado en el fant\u00e1stico mundo que nuestros s\u00faper mayores consiguieron para nosotros se encuentran destinados a sufrir miserias y calamidades de igual o mayor post\u00edn que \u00e9stos en el pasado.<\/span><\/p>\n<p><span style=\"color: #000080;\"><a href=\"\/loch-lomond\/wp-content\/uploads\/sites\/10\/2012\/01\/Asfalto-CapitanTrueno.jpg\"><img loading=\"lazy\" class=\"alignnone size-full wp-image-659\" title=\"Asfalto CapitanTrueno\" src=\"\/loch-lomond\/wp-content\/uploads\/sites\/10\/2012\/01\/Asfalto-CapitanTrueno.jpg\" alt=\"\" width=\"512\" height=\"507\" srcset=\"https:\/\/static-blogs.hoy.es\/wp-content\/uploads\/sites\/10\/2012\/01\/Asfalto-CapitanTrueno.jpg 512w, https:\/\/static-blogs.hoy.es\/wp-content\/uploads\/sites\/10\/2012\/01\/Asfalto-CapitanTrueno-150x150.jpg 150w, https:\/\/static-blogs.hoy.es\/wp-content\/uploads\/sites\/10\/2012\/01\/Asfalto-CapitanTrueno-300x297.jpg 300w\" sizes=\"(max-width: 512px) 100vw, 512px\" \/><\/a><\/span><\/p>\n<p><span style=\"color: #000080;\">Insistentemente y cada vez m\u00e1s, parece que la generaci\u00f3n de hoy nos vemos obligados a pedir continuamente perd\u00f3n por no haber pasado las miserias y penalidades de una postguerra o sufrido las consecuencias de una dictadura, por habernos preocupado de estudiar y formarnos (por insistente obsesi\u00f3n de nuestros mayores) por tenerlo todo bastante m\u00e1s f\u00e1cil, y sobre todo por criarnos en libertad. Estoy hasta los guindos (y no me refiero al ministro de econom\u00eda, aunque me viene al pelo) de los que presumen de haber corrido delante de los \u201cgrises\u201d y se creen ya que han sido ellos los que han instaurado la democracia en este pa\u00eds. En cierto modo ser\u00eda absurdo negar la evidencia de que lo hemos tenido m\u00e1s f\u00e1cil, a Dios gracias, como debe de ser, y todav\u00eda les parecer\u00e1 a muchos que nos han hecho un favor. No pretendo desmerecer los esfuerzos y sacrificios de la generaci\u00f3n que nos precede, ni mucho menos, ni desposeerla de m\u00e9rito alguno. Pero ahora bien, desde el comienzo de la humanidad casi siempre el progreso ha sido la meta del hombre y as\u00ed, grandes personas han facilitado y mejorado con sus estudios, inventos o descubrimientos la vida de las generaciones futuras, por lo que no deber\u00edamos dedicar nuestra vida a agradecer lo que hicieron nuestros mayores por nosotros, sino a seguir su ejemplo y construir un mundo mejor para nuestros hijos. No debemos nada a nadie. Lamentablemente muchos de aquellos j\u00f3venes que tanto lucharon por darnos un mundo mejor (hoy banqueros sin escr\u00fapulos, pol\u00edticos chorizos, empresarios explotadores y dem\u00e1s) son los que han convertido este pa\u00eds en lo que es ahora, un desprop\u00f3sito continuo, en el que obligan a pasar a sus hijos por las mismas calamidades que ellos pero adaptadas quiz\u00e1s a los tiempos. Algunas como la emigraci\u00f3n han variado poco. \u00a0Cada vez m\u00e1s j\u00f3venes que tienen que buscarse la vida en otros pa\u00edses debido a la ausencia de oferta de trabajo, pero sumando el gran n\u00famero de estudiantes universitarios que terminan sus estudios en el extranjero y deciden quedarse all\u00ed, pues ya son conocedores de lo que les espera si vuelven, lo que se conoce hoy en d\u00eda como fuga de cerebros. Para muchos j\u00f3venes de hoy, la falta de trabajo y de oportunidades, y la imposibilidad de vivir su propia vida, emancip\u00e1ndose y realiz\u00e1ndose como persona, puede ser tan duro y frustrante como la privacidad de libertad de entonces. Es horrible no poder expresarse con libertad, que te mantengan reprimido antes las injusticias que se cometen d\u00eda a d\u00eda y no poder hacer nada por cambiar las cosas. As\u00ed se sent\u00edan antes los j\u00f3venes cuando no pod\u00edan leer a un determinado autor por sus ideas, o ver alguna pel\u00edcula por su tem\u00e1tica o expresarse art\u00edsticamente de una u otra forma, o manifestarse a favor o en contra de algo o alguien, pero de igual manera se sienten hoy muchos j\u00f3venes al ser explotados a cambios de sueldos de miseria que producen parecida impotencia. <\/span><\/p>\n<p><span style=\"color: #000080;\"><a href=\"\/loch-lomond\/wp-content\/uploads\/sites\/10\/2012\/01\/0412_capitan3_gr.jpg\"><img loading=\"lazy\" class=\"alignnone size-full wp-image-660\" title=\"0412_capitan3_gr\" src=\"\/loch-lomond\/wp-content\/uploads\/sites\/10\/2012\/01\/0412_capitan3_gr.jpg\" alt=\"\" width=\"470\" height=\"353\" srcset=\"https:\/\/static-blogs.hoy.es\/wp-content\/uploads\/sites\/10\/2012\/01\/0412_capitan3_gr.jpg 470w, https:\/\/static-blogs.hoy.es\/wp-content\/uploads\/sites\/10\/2012\/01\/0412_capitan3_gr-300x225.jpg 300w\" sizes=\"(max-width: 470px) 100vw, 470px\" \/><\/a><\/span><\/p>\n<p><span style=\"color: #000080;\">Los j\u00f3venes de hoy no somos tan diferentes ni\u00a0 hemos cambiado\u00a0 tanto. Ambos ansiamos vivir mejor y ser m\u00e1s felices. No importa tanto la causa de la infelicidad sino que \u00e9sta siempre est\u00e1 presente de alguna manera. Los j\u00f3venes de finales de los 70 cantaban al Capit\u00e1n Trueno para que viniera a liberarlos de los malos, y ganara el bueno. Los de hoy, aunque la canci\u00f3n y el h\u00e9roe pudieran ser otros no dejan de cantar algo parecido. El problema est\u00e1 en que quiz\u00e1s los buenos de entonces sean algunos de los malos, los piratas de ahora, y los oc\u00e9anos de tebeos y espadas de papel s\u00ed que se antojan anticuados para defender una causa tan justa, necesaria y vital como la propia justicia. Como reza la dulce canci\u00f3n, del Capit\u00e1n Trueno, reflejado como el h\u00e9roe defensor de la justicia, aprendimos que el bueno es el mejor, pero el tiempo, ese pu\u00f1etero mal nacido, fiscal implacable donde los haya, nos muestra impasible que el mundo no es tan bello como las canciones. \u00a1Ven Capit\u00e1n Trueno\u2026que el mundo est\u00e1 al rev\u00e9s!<\/span><\/p>\n<p><span style=\"color: #000000;\"><em>Publicado en Diario HOY 15\/01\/2012<\/em><\/span><\/p>\n<p><span style=\"color: #000000;\"><a href=\"http:\/\/lector.kioskoymas.com\/epaper\/showlink.aspx?bookmarkid=IEU632ADPWT5&#038;preview=magnifier&#038;linkid=4ecc2657-6545-4262-8f78-85732ebda006&#038;pdaffid=1NEHCXDv4QZRFanP7KJR9A%3d%3d\"><img src=\"\/\/cache2-thumb1.pressdisplay.com\/pressdisplay\/docserver\/getimage.aspx?file=22012012011500000000001001&#038;page=28&#038;scale=23\" alt=\"\" \/><\/a><\/span><\/p>\n<!-- AddThis Advanced Settings generic via filter on the_content --><!-- AddThis Share Buttons generic via filter on the_content -->","protected":false},"excerpt":{"rendered":"<p>Enrique Falc\u00f3. Goliat \u201cVen Capit\u00e1n Trueno, haz que gane el bueno, ven Capit\u00e1n Trueno, que el mundo est\u00e1 al rev\u00e9s\u201d. As\u00ed reza el estribillo del temazo musical del grupo \u201cAsfalto\u201d, uno de tantos excelentes grupos de Rock Urbano en Espa\u00f1a a finales de los 70. \u00a0Solo por temas como \u201cCapit\u00e1n Trueno\u201d \u201cRocinante\u201d y \u201cD\u00edas de [&hellip;]<!-- AddThis Advanced Settings generic via filter on get_the_excerpt --><!-- AddThis Share Buttons generic via filter on get_the_excerpt --><\/p>\n","protected":false},"author":14,"featured_media":0,"comment_status":"open","ping_status":"closed","sticky":false,"template":"","format":"standard","meta":[],"categories":[8],"tags":[26,369,761,785,1439,1440,1515,1605,1756,1806,1878,2199,2411,2767,2819,3042,3193,3764,3797,3800,3907,4498,4500,4889,5059,5084,5189,5190],"_links":{"self":[{"href":"https:\/\/blogs.hoy.es\/loch-lomond\/wp-json\/wp\/v2\/posts\/657"}],"collection":[{"href":"https:\/\/blogs.hoy.es\/loch-lomond\/wp-json\/wp\/v2\/posts"}],"about":[{"href":"https:\/\/blogs.hoy.es\/loch-lomond\/wp-json\/wp\/v2\/types\/post"}],"author":[{"embeddable":true,"href":"https:\/\/blogs.hoy.es\/loch-lomond\/wp-json\/wp\/v2\/users\/14"}],"replies":[{"embeddable":true,"href":"https:\/\/blogs.hoy.es\/loch-lomond\/wp-json\/wp\/v2\/comments?post=657"}],"version-history":[{"count":0,"href":"https:\/\/blogs.hoy.es\/loch-lomond\/wp-json\/wp\/v2\/posts\/657\/revisions"}],"wp:attachment":[{"href":"https:\/\/blogs.hoy.es\/loch-lomond\/wp-json\/wp\/v2\/media?parent=657"}],"wp:term":[{"taxonomy":"category","embeddable":true,"href":"https:\/\/blogs.hoy.es\/loch-lomond\/wp-json\/wp\/v2\/categories?post=657"},{"taxonomy":"post_tag","embeddable":true,"href":"https:\/\/blogs.hoy.es\/loch-lomond\/wp-json\/wp\/v2\/tags?post=657"}],"curies":[{"name":"wp","href":"https:\/\/api.w.org\/{rel}","templated":true}]}}