{"id":66,"date":"2010-07-30T00:01:00","date_gmt":"2010-07-30T00:01:00","guid":{"rendered":"http:\/\/blogs.hoy.es\/loch-lomond\/?p=65"},"modified":"2010-07-30T00:01:00","modified_gmt":"2010-07-30T00:01:00","slug":"my-sharona","status":"publish","type":"post","link":"https:\/\/blogs.hoy.es\/loch-lomond\/2010\/07\/30\/my-sharona\/","title":{"rendered":"MY SHARONA"},"content":{"rendered":"<p><font color=#ff0000 size=2><\/font><\/p>\n<p><img id=img_0 src=\"\/\/www.morninpaper.com\/wp-content\/uploads\/2010\/02\/mysharona.jpg\"\/><\/p>\n<p class=MsoNormal style=\"MARGIN: 0cm 0cm 0pt; TEXT-ALIGN: justify\"><span style=\"FONT-SIZE: 10pt; COLOR: navy; FONT-FAMILY: Verdana\">La de hoy es una gran canci\u00f3n de 1979. Fue el single debut de la banda californiana <font color=#ff0000>KNAC<\/font> que directamente les catapult\u00f3 al \u00e9xito en las listas norteamericanas y del Reino Unido. <font color=#ff0000>My Sharona<\/font><\/span><span lang=ES style=\"FONT-SIZE: 10pt; COLOR: navy; FONT-FAMILY: Verdana; mso-ansi-language: ES\"> es f\u00e1cilmente reconocible por su riff de guitarra, escrito por el guitarrista de la banda, Berton Averre, mucho antes de que \u00e9ste se uniera a The Knack. Seg\u00fan el cantante y guitarrista Doug Fieger, conoci\u00f3 a una chica llamada Sharona (que por aquel entonces tendr\u00eda 17 a\u00f1os), y se enamor\u00f3 de ella. Siempre que pensaba en ella, pensaba en el riff de Averre. Los dos trabajaron en la estructura y melod\u00eda desde ese momento. La chica en la cual se inspir\u00f3 la canci\u00f3n era Sharona Alperin, una residente de los Estados Unidos, en Los \u00c1ngeles (California).<\/span><\/p>\n<p><span lang=ES style=\"FONT-SIZE: 10pt; COLOR: navy; FONT-FAMILY: Verdana; mso-ansi-language: ES\"><\/span><\/p>\n<p><span lang=ES style=\"FONT-SIZE: 10pt; COLOR: navy; FONT-FAMILY: Verdana; mso-ansi-language: ES\"><\/span><\/p>\n<p><span lang=ES style=\"FONT-SIZE: 10pt; COLOR: navy; FONT-FAMILY: Verdana; mso-ansi-language: ES\">< ?xml:namespace prefix = o ns = \"urn:schemas-microsoft-com:office:office\" \/><o:p><\/o:p><\/span><\/p>\n<p class=MsoNormal style=\"MARGIN: 0cm 0cm 0pt; TEXT-ALIGN: justify\">\n<p class=MsoNormal style=\"MARGIN: 0cm 0cm 0pt; TEXT-ALIGN: justify\"><span lang=ES style=\"FONT-SIZE: 10pt; COLOR: navy; FONT-FAMILY: Verdana; mso-ansi-language: ES\"><o:p><\/o:p><\/span><\/p>\n<p class=MsoNormal style=\"MARGIN: 0cm 0cm 0pt; TEXT-ALIGN: justify\"><span lang=ES style=\"FONT-SIZE: 10pt; COLOR: navy; FONT-FAMILY: Verdana; mso-ansi-language: ES\">Yo la recuerdo con cari\u00f1o porque fue la primera canci\u00f3n que aprend\u00ed a tocar con el bajo. A los 14 a\u00f1os, sin dinero a\u00fan para el que ser\u00eda mi instrumento durante tantos a\u00f1os, la bater\u00eda, ten\u00eda que contentarme con un viejo bajo marca EKO que me prest\u00f3 mi cu\u00f1ado Antonio Pantoja. Junto con la vieja guitarra de su padre Ricardo Larios (Darksound) y los teclados de mis amigos Adolfo Campini (The Wish) Javi Palacios (Motherate) y el menda, aporre\u00e1bamos en el trastero de mi abuela esta canci\u00f3n una y otra vez. Fue Javi (ya lo conocen, \u00edntimo m\u00edo y de la gula, como quien suscribe) quien nos ense\u00f1\u00f3 aquella maravillosa canci\u00f3n que entonces nos parec\u00eda lo m\u00e1s, y eso que and\u00e1bamos ya por mediados de los 90. Ahora <\/span><span lang=ES style=\"FONT-SIZE: 10pt; COLOR: navy; FONT-FAMILY: Verdana; mso-ansi-language: ES\">a\u00f1os despu\u00e9s me sigue pareciendo incre\u00edble adem\u00e1s de traerme preciosos recuerdos.<\/span><\/p>\n<p><span lang=ES style=\"FONT-SIZE: 10pt; COLOR: navy; FONT-FAMILY: Verdana; mso-ansi-language: ES\"><\/span><\/p>\n<p><span lang=ES style=\"FONT-SIZE: 10pt; COLOR: navy; FONT-FAMILY: Verdana; mso-ansi-language: ES\"><\/span><\/p>\n<p><span lang=ES style=\"FONT-SIZE: 10pt; COLOR: navy; FONT-FAMILY: Verdana; mso-ansi-language: ES\"><\/span><\/p>\n<p><span lang=ES style=\"FONT-SIZE: 10pt; COLOR: navy; FONT-FAMILY: Verdana; mso-ansi-language: ES\"><\/span><\/p>\n<p><span lang=ES style=\"FONT-SIZE: 10pt; COLOR: navy; FONT-FAMILY: Verdana; mso-ansi-language: ES\"><\/span><\/p>\n<p><span lang=ES style=\"FONT-SIZE: 10pt; COLOR: navy; FONT-FAMILY: Verdana; mso-ansi-language: ES\"><\/span><\/p>\n<p class=MsoNormal style=\"MARGIN: 0cm 0cm 0pt; TEXT-ALIGN: justify\">\n<p class=MsoNormal style=\"MARGIN: 0cm 0cm 0pt; TEXT-ALIGN: justify\"><span lang=ES style=\"FONT-SIZE: 10pt; COLOR: navy; FONT-FAMILY: Verdana; mso-ansi-language: ES\">Es por ello que quiero compartirla con ustedes hoy viernes, d\u00eda de canciones en Don de LOCH LOMOND. El d\u00eda m\u00e1s feliz de la semana. Si alguno de ustedes no la conoc\u00eda pensar\u00e1 que como ha sido capaz de estar tantos a\u00f1os sin conocer tan deliciosa canci\u00f3n. Para que admiren su exquisito y sobrado directo he elegido este enlace de youtube con una excelente versi\u00f3n en directo. Con todos ustedes MY SHARONA de <font color=#ff0000>KNACK:<\/font><\/span><\/p>\n<p class=MsoNormal style=\"MARGIN: 0cm 0cm 0pt; TEXT-ALIGN: justify\"><span lang=ES style=\"FONT-SIZE: 10pt; COLOR: navy; FONT-FAMILY: Verdana; mso-ansi-language: ES\"><\/span><\/p>\n<p><span lang=ES style=\"FONT-SIZE: 10pt; COLOR: navy; FONT-FAMILY: Verdana; mso-ansi-language: ES\"><font color=#ff0000><\/font><\/span><\/p>\n<p><span lang=ES style=\"FONT-SIZE: 10pt; COLOR: navy; FONT-FAMILY: Verdana; mso-ansi-language: ES\"><font color=#ff0000><\/font><\/span><\/p>\n<p><span lang=ES style=\"FONT-SIZE: 10pt; COLOR: navy; FONT-FAMILY: Verdana; mso-ansi-language: ES\"><font color=#ff0000><\/font><\/span><\/p>\n<p><span lang=ES style=\"FONT-SIZE: 10pt; COLOR: navy; FONT-FAMILY: Verdana; mso-ansi-language: ES\"><font color=#ff0000><\/font><\/span><\/p>\n<p><span lang=ES style=\"FONT-SIZE: 10pt; COLOR: navy; FONT-FAMILY: Verdana; mso-ansi-language: ES\"><font color=#ff0000><\/font><\/span><\/p>\n<p class=MsoNormal style=\"MARGIN: 0cm 0cm 0pt; TEXT-ALIGN: justify\">\n<p><a href=\"http:\/\/www.youtube.com\/watch?v=g1T71PGd-J0&#038;feature=related\">http:\/\/www.youtube.com\/watch?v=g1T71PGd-J0&#038;feature=related<\/a><\/p>\n<p class=MsoNormal style=\"MARGIN: 0cm 0cm 0pt; TEXT-ALIGN: justify\">\n<p class=MsoNormal style=\"MARGIN: 0cm 0cm 0pt; TEXT-ALIGN: justify\">\n<!-- AddThis Advanced Settings generic via filter on the_content --><!-- AddThis Share Buttons generic via filter on the_content -->","protected":false},"excerpt":{"rendered":"<p>La de hoy es una gran canci\u00f3n de 1979. Fue el single debut de la banda californiana KNAC que directamente les catapult\u00f3 al \u00e9xito en las listas norteamericanas y del Reino Unido. My Sharona es f\u00e1cilmente reconocible por su riff de guitarra, escrito por el guitarrista de la banda, Berton Averre, mucho antes de que [&hellip;]<!-- AddThis Advanced Settings generic via filter on get_the_excerpt --><!-- AddThis Share Buttons generic via filter on get_the_excerpt --><\/p>\n","protected":false},"author":14,"featured_media":0,"comment_status":"open","ping_status":"closed","sticky":false,"template":"","format":"standard","meta":[],"categories":[6],"tags":[27,448,505,712,1315,2360,2844,3563,4892],"_links":{"self":[{"href":"https:\/\/blogs.hoy.es\/loch-lomond\/wp-json\/wp\/v2\/posts\/66"}],"collection":[{"href":"https:\/\/blogs.hoy.es\/loch-lomond\/wp-json\/wp\/v2\/posts"}],"about":[{"href":"https:\/\/blogs.hoy.es\/loch-lomond\/wp-json\/wp\/v2\/types\/post"}],"author":[{"embeddable":true,"href":"https:\/\/blogs.hoy.es\/loch-lomond\/wp-json\/wp\/v2\/users\/14"}],"replies":[{"embeddable":true,"href":"https:\/\/blogs.hoy.es\/loch-lomond\/wp-json\/wp\/v2\/comments?post=66"}],"version-history":[{"count":0,"href":"https:\/\/blogs.hoy.es\/loch-lomond\/wp-json\/wp\/v2\/posts\/66\/revisions"}],"wp:attachment":[{"href":"https:\/\/blogs.hoy.es\/loch-lomond\/wp-json\/wp\/v2\/media?parent=66"}],"wp:term":[{"taxonomy":"category","embeddable":true,"href":"https:\/\/blogs.hoy.es\/loch-lomond\/wp-json\/wp\/v2\/categories?post=66"},{"taxonomy":"post_tag","embeddable":true,"href":"https:\/\/blogs.hoy.es\/loch-lomond\/wp-json\/wp\/v2\/tags?post=66"}],"curies":[{"name":"wp","href":"https:\/\/api.w.org\/{rel}","templated":true}]}}