{"id":663,"date":"2012-01-22T15:48:01","date_gmt":"2012-01-22T14:48:01","guid":{"rendered":"http:\/\/blogs.hoy.es\/loch-lomond\/?p=663"},"modified":"2012-01-22T15:48:01","modified_gmt":"2012-01-22T14:48:01","slug":"naufragios","status":"publish","type":"post","link":"https:\/\/blogs.hoy.es\/loch-lomond\/2012\/01\/22\/naufragios\/","title":{"rendered":"Naufragios"},"content":{"rendered":"<p>&nbsp;<\/p>\n<p>Enrique Falc\u00f3. Internauta hundido<\/p>\n<p>\u00a0<a href=\"\/loch-lomond\/wp-content\/uploads\/sites\/10\/2012\/01\/Imagenes-naufragio-Costa-Concordia_TINIMA20120119_1235_3.jpg\"><img loading=\"lazy\" class=\"alignnone size-medium wp-image-664\" title=\"Imagenes-naufragio-Costa-Concordia_TINIMA20120119_1235_3\" src=\"\/loch-lomond\/wp-content\/uploads\/sites\/10\/2012\/01\/Imagenes-naufragio-Costa-Concordia_TINIMA20120119_1235_3.jpg\" alt=\"\" width=\"300\" height=\"169\" srcset=\"https:\/\/static-blogs.hoy.es\/wp-content\/uploads\/sites\/10\/2012\/01\/Imagenes-naufragio-Costa-Concordia_TINIMA20120119_1235_3.jpg 951w, https:\/\/static-blogs.hoy.es\/wp-content\/uploads\/sites\/10\/2012\/01\/Imagenes-naufragio-Costa-Concordia_TINIMA20120119_1235_3-300x169.jpg 300w, https:\/\/static-blogs.hoy.es\/wp-content\/uploads\/sites\/10\/2012\/01\/Imagenes-naufragio-Costa-Concordia_TINIMA20120119_1235_3-768x433.jpg 768w\" sizes=\"(max-width: 300px) 100vw, 300px\" \/><\/a><\/p>\n<p><span style=\"color: #000080;\">No empieza bien este 2012, del que me parece nos va a quitar m\u00e1s de lo que va a darnos\u2026por el mism\u00edsimo. \u201cSe acercan malos tiempos\u201d profetizan pol\u00edticos, banqueros, empresarios, trabajadores\u2026Yo a\u00fan dir\u00eda m\u00e1s mi querido Hern\u00e1ndez \u201cSe aproximan peores tiempos\u201d.\u00a0 Tiempos de naufragios, en todos los aspectos y sentidos.<\/span><\/p>\n<p><span style=\"color: #000080;\">Perdida la nariz de payaso no queda otra que pintarse la sonrisa, y es que \u00e9sta se ha esfumado del d\u00eda a d\u00eda, sin tramitaci\u00f3n de baja de por medio, sin pedir permiso ni dar explicaciones por aquello de que los hechos est\u00e1n sobradamente justificados. Y es que nunca las desgracias vienen solas, y para colmo de males atacando por diferentes flancos, hasta el punto que uno ya no sabe por donde le van a llover las hostias cuando se produzca el\u00a0 irremediable abordaje con el consecuente naufragio. \u201c\u00a1Las mujeres y los ni\u00f1os primero!\u201d \u2013 Gritar\u00eda cualquier capit\u00e1n de barco que se precie. &#8211; \u201cDespu\u00e9s de m\u00ed\u201d &#8211; apostillar\u00eda el tristemente c\u00e9lebre Francisco Schetinno, quien se ha ganado a pulso un hueco en el reino del deshonor por pretender salvar su vida antes que la de miles de personas, como era su obligaci\u00f3n y deber. Aunque como bien se\u00f1al\u00f3 soberbiamente mi amigo Juan Domingo en su \u00faltimo \u201c<a title=\"Gratis Total Blog de Juan Domingo\" href=\"http:\/\/blogs.hoy.es\/Juandomingofernandez\/2012\/01\/20\/de-schettino-a-falco\/\" target=\"_blank\">Gratis Total<\/a>\u201d va a ser una vida que le va a pesar, seguramente, m\u00e1s que la muerte. Si su hom\u00f3logo y tocayo, don Francisco de Haddock, tatarabuelo de Archibaldo, levantara la cabeza, le har\u00eda tragarse crudo el Cetro de Ottokar al grito de \u201cPirata de Carnaval\u201d y \u201cMarinero de agua dulce\u201d, o peor a\u00fan, le mandar\u00eda una temporadita al palacio del todopoderoso Emir Ben Kalish Ezab, por aquello de lo que le gusta al padre del pr\u00edncipe Abdallah un empalamiento, o asar a fuego lento, o arrancarte los pelos de la barba uno a uno y hac\u00e9rtelos comer con tomate.<\/span><\/p>\n<p><span style=\"color: #000080;\"><a href=\"\/loch-lomond\/wp-content\/uploads\/sites\/10\/2012\/01\/megaupload.png\"><img loading=\"lazy\" class=\"alignnone size-full wp-image-665\" title=\"megaupload\" src=\"\/loch-lomond\/wp-content\/uploads\/sites\/10\/2012\/01\/megaupload.png\" alt=\"\" width=\"300\" height=\"300\" srcset=\"https:\/\/static-blogs.hoy.es\/wp-content\/uploads\/sites\/10\/2012\/01\/megaupload.png 300w, https:\/\/static-blogs.hoy.es\/wp-content\/uploads\/sites\/10\/2012\/01\/megaupload-150x150.png 150w\" sizes=\"(max-width: 300px) 100vw, 300px\" \/><\/a><\/span><\/p>\n<p><span style=\"color: #000080;\">Tras la espantosa notica del naufragio del Costa Concordia que ha coleado toda la semana y que nos ha hecho viajar amargamente en el tiempo a la terrible cat\u00e1strofe del Titanic, un nuevo naufragio, esta vez digital, inund\u00f3 el jueves noche las redes sociales y todo Internet, encendiendo alarmas dignas de una inminente Tercera Guerra Mundial. El cierre de Megaupload ha sido realmente el primer golpe serio para todos aquellos que defendemos que Internet significa un acceso libre a la cultura y al entretenimiento y que sigue siendo el \u00fanico medio realmente libre que existe. Es posible que los directivos de la m\u00e1s famosa p\u00e1gina de almacenamiento de archivos hayan ganado millones de euros, y no ser\u00e1 quien suscribe el que les reproche nada, pues a cambio nos han proporcionado infinita felicidad a millones de personas, y encima gratis, o casi gratis (quien pagaba era porque quer\u00eda m\u00e1s velocidad en las descargas) y todo por el peque\u00f1o precio (alrededor de 500 millones de d\u00f3lares) que ha dejado de ingresar la industria cinematogr\u00e1fica (que me r\u00edo yo de la crisis del cine con los sueldos de las estrellitas de turno) o la musical. Si es cierto que Megaupload \u00a0permiti\u00f3 o alent\u00f3 el almacenamiento de ficheros con copyright ajeno incumpliendo la Ley, que paguen la multa o las indemnizaciones correspondientes, pero no creo que Kim Schmitz, por muy rico, extravagante y estrafalario que sea, ni el resto de sus colegas deban sufrir purga carcelaria alguna. Despu\u00e9s de todo no han matado a nadie. Toda la comunidad de Internet les apoya, y tan firme ha sido la protesta del mundo virtual que en Estados unidos, la votaci\u00f3n de la ley SOPA, que nada tiene que ver con mi amiga Mafalda (nunca compartiremos su hermano Guille y yo su aversi\u00f3n a tan exquisito brebaje) algo as\u00ed como la Ley Sinde espa\u00f1ola, ha tenido que ser aplazada. Todo tiene un pase. Que nos exploten en el trabajo, que nos suban los impuestos, que nos congelen o reduzcan el salario, pero que no nos toquen Internet. Muchos, como el fundador de la Wikipedia insisten en que todo este tinglado es cosa de la Industria cinematogr\u00e1fica, que son las que financian las campa\u00f1as de los pol\u00edticos en Estados Unidos, y han presionado a estos para poner el asunto al rojo vivo.<\/span><\/p>\n<p><span style=\"color: #000080;\"><a href=\"\/loch-lomond\/wp-content\/uploads\/sites\/10\/2012\/01\/naufragios-Mikel-Erentxun.jpg\"><img loading=\"lazy\" class=\"alignnone size-medium wp-image-666\" title=\"naufragios Mikel Erentxun\" src=\"\/loch-lomond\/wp-content\/uploads\/sites\/10\/2012\/01\/naufragios-Mikel-Erentxun.jpg\" alt=\"\" width=\"298\" height=\"300\" srcset=\"https:\/\/static-blogs.hoy.es\/wp-content\/uploads\/sites\/10\/2012\/01\/naufragios-Mikel-Erentxun.jpg 712w, https:\/\/static-blogs.hoy.es\/wp-content\/uploads\/sites\/10\/2012\/01\/naufragios-Mikel-Erentxun-150x150.jpg 150w, https:\/\/static-blogs.hoy.es\/wp-content\/uploads\/sites\/10\/2012\/01\/naufragios-Mikel-Erentxun-298x300.jpg 298w\" sizes=\"(max-width: 298px) 100vw, 298px\" \/><\/a><\/span><\/p>\n<p><span style=\"color: #000080;\">\u00a0Es quiz\u00e1s la primera vez que los consumidores de Internet nos hemos visto amenazados de verdad. Personalmente, desde el jueves por la noche, Internet est\u00e1 empezando a costarme much\u00edsimo dinero, dinero que no estoy amortizando y que no pienso desperdiciar. Mi menda se pregunta que ocurrir\u00e1 cuando tantos millones de usuarios comuniquemos a nuestros respectivos proveedores de Internet que ya no nos es rentable la fibra \u00f3ptica, ni los 50 megas de ADSL y que no necesitamos sus servicios. Para gestionar el correo electr\u00f3nico y las redes sociales nos basta con cualquier WIFI p\u00fablico, veremos si no son \u00e9stas, las empresas proveedoras, quienes presionan a los pol\u00edticos y mantienen un pulso para ver quien realmente manda. Se lo digo yo. Quien manda es Internet. Nos ha hecho la vida m\u00e1s f\u00e1cil, amena, c\u00f3moda, pr\u00e1ctica, entretenida y divertida, y a un precio realmente asequible para todos. \u00c9sta ha sido la primera acci\u00f3n seria, el primer ataque para controlar Internet, para controlarnos a los internautas, para controlarnos a todos. Pero les aseguro que ya es demasiado tarde para privarnos de una libertad que, adem\u00e1s de gustarnos, nos proporciona una capacidad casi ilimitada en pos de su defensa. Y ya que hablamos de naufragios, citemos para acabar el \u00e1lbum del mismo nombre que Mikel Erentxun edit\u00f3 en el 92, y que conten\u00eda una estupenda versi\u00f3n de \u201cThe Smiths\u201d con una letra magistral de Morrissey. \u201c<a title=\"Mikel erentxun Esta luz nunca se apagar\u00e1\" href=\"https:\/\/blogs.hoy.es\/loch-lomond\/2010\/10\/22\/esta-luz-nunca-se-apagara\/\" target=\"_blank\">Esta luz nunca se apagar\u00e1<\/a>\u201d.<\/span><\/p>\n<p><span style=\"color: #000000;\"><em>Publicado en Diario HOY el 22\/01\/2012<\/em><\/span><\/p>\n<p><span style=\"color: #000000;\"><a href=\"http:\/\/lector.kioskoymas.com\/epaper\/showlink.aspx?bookmarkid=PL71PIBDT2X6&#038;preview=magnifier&#038;linkid=ef67db61-6002-40ea-ab12-c1ce9befe1ee&#038;pdaffid=1NEHCXDv4QZRFanP7KJR9A%3d%3d\"><img src=\"\/\/cache2-thumb1.pressdisplay.com\/pressdisplay\/docserver\/getimage.aspx?file=22012012012200000000001001&#038;page=28&#038;scale=23\" alt=\"\" \/><\/a><\/span><\/p>\n<!-- AddThis Advanced Settings generic via filter on the_content --><!-- AddThis Share Buttons generic via filter on the_content -->","protected":false},"excerpt":{"rendered":"<p>&nbsp; Enrique Falc\u00f3. Internauta hundido \u00a0 No empieza bien este 2012, del que me parece nos va a quitar m\u00e1s de lo que va a darnos\u2026por el mism\u00edsimo. \u201cSe acercan malos tiempos\u201d profetizan pol\u00edticos, banqueros, empresarios, trabajadores\u2026Yo a\u00fan dir\u00eda m\u00e1s mi querido Hern\u00e1ndez \u201cSe aproximan peores tiempos\u201d.\u00a0 Tiempos de naufragios, en todos los aspectos y [&hellip;]<!-- AddThis Advanced Settings generic via filter on get_the_excerpt --><!-- AddThis Share Buttons generic via filter on get_the_excerpt --><\/p>\n","protected":false},"author":14,"featured_media":0,"comment_status":"open","ping_status":"closed","sticky":false,"template":"","format":"standard","meta":[],"categories":[8],"tags":[35,53,77,92,137,170,330,783,912,985,1158,1205,1212,1439,1458,1515,1762,1764,1806,1904,2087,2163,2165,2328,2353,2570,2571,2627,2628,2629,2783,2835,2971,3036,3042,3103,3231,3270,3342,3416,3548,3636,3797,3984,4063,4126,4267,4399,4926,4960,4971,5011,5084,5154,5317,5318],"_links":{"self":[{"href":"https:\/\/blogs.hoy.es\/loch-lomond\/wp-json\/wp\/v2\/posts\/663"}],"collection":[{"href":"https:\/\/blogs.hoy.es\/loch-lomond\/wp-json\/wp\/v2\/posts"}],"about":[{"href":"https:\/\/blogs.hoy.es\/loch-lomond\/wp-json\/wp\/v2\/types\/post"}],"author":[{"embeddable":true,"href":"https:\/\/blogs.hoy.es\/loch-lomond\/wp-json\/wp\/v2\/users\/14"}],"replies":[{"embeddable":true,"href":"https:\/\/blogs.hoy.es\/loch-lomond\/wp-json\/wp\/v2\/comments?post=663"}],"version-history":[{"count":0,"href":"https:\/\/blogs.hoy.es\/loch-lomond\/wp-json\/wp\/v2\/posts\/663\/revisions"}],"wp:attachment":[{"href":"https:\/\/blogs.hoy.es\/loch-lomond\/wp-json\/wp\/v2\/media?parent=663"}],"wp:term":[{"taxonomy":"category","embeddable":true,"href":"https:\/\/blogs.hoy.es\/loch-lomond\/wp-json\/wp\/v2\/categories?post=663"},{"taxonomy":"post_tag","embeddable":true,"href":"https:\/\/blogs.hoy.es\/loch-lomond\/wp-json\/wp\/v2\/tags?post=663"}],"curies":[{"name":"wp","href":"https:\/\/api.w.org\/{rel}","templated":true}]}}