{"id":668,"date":"2012-01-24T13:48:15","date_gmt":"2012-01-24T12:48:15","guid":{"rendered":"http:\/\/blogs.hoy.es\/loch-lomond\/?p=668"},"modified":"2012-01-24T13:48:15","modified_gmt":"2012-01-24T12:48:15","slug":"juan-jose-reyes","status":"publish","type":"post","link":"https:\/\/blogs.hoy.es\/loch-lomond\/2012\/01\/24\/juan-jose-reyes\/","title":{"rendered":"Juan Jos\u00e9 Reyes"},"content":{"rendered":"<p>&nbsp;<\/p>\n<p><a href=\"\/loch-lomond\/wp-content\/uploads\/sites\/10\/2012\/01\/El-loto-azul-raro.jpg\"><img loading=\"lazy\" class=\"alignnone size-full wp-image-669\" title=\"El loto azul raro\" src=\"\/loch-lomond\/wp-content\/uploads\/sites\/10\/2012\/01\/El-loto-azul-raro.jpg\" alt=\"\" width=\"480\" height=\"720\" srcset=\"https:\/\/static-blogs.hoy.es\/wp-content\/uploads\/sites\/10\/2012\/01\/El-loto-azul-raro.jpg 480w, https:\/\/static-blogs.hoy.es\/wp-content\/uploads\/sites\/10\/2012\/01\/El-loto-azul-raro-200x300.jpg 200w\" sizes=\"(max-width: 480px) 100vw, 480px\" \/><\/a><\/p>\n<p>&nbsp;<\/p>\n<p><span style=\"font-size: medium;\">Hoy vuelve la secci\u00f3n de EL LOTO AZUL a Don de LOCH LOMOND. Como siempre, una entrada interesante de un colaborador interesante. Hoy quiero presentaros a un joven periodista extreme\u00f1o que se precia de serlo. Pocas veces me han transmitido un amor y entusiasmo por la profesi\u00f3n de Tint\u00edn, y adem\u00e1s, con tanto orgullo. Nuestro protagonista de hoy es <a title=\"Blog de Juan Jos\u00e9 Reyes \"entrel\u00edneas\"\" href=\"http:\/\/blogs.hoy.es\/entrelineas\/\" target=\"_blank\">Juan Jos\u00e9 Reyes<\/a>, periodista y extreme\u00f1o de pro, que sabiendas de los malos tiempos agradece poder dedicarse al periodismo. Aun as\u00ed, y como todos, Juan Jos\u00e9 se ha ido buscando la vida como ha podido realizando diferentes ocupaciones, como por ejemplo, trabajar como guionista en el conocido programa de Canal Extremadura TV \u201cEl juego de las llaves&#8221;, que presentaba mi amigo Jos\u00e9 Antonio Moreno.<\/span><\/p>\n<p><span style=\"font-size: medium;\">Juan Jos\u00e9 trabaja actualmente como periodista en Radio Comarca de Barros y se siente feliz. S\u00f3lo cuenta con 24 a\u00f1os, por lo que a este amante de la profesi\u00f3n, especialmente de la prensa local, podemos augurarle un gran porvenir por mucho que intenten los m\u00e1s agoreros en convencernos de que los j\u00f3venes de hoy en d\u00eda est\u00e1n condenados al fracaso.<\/span><\/p>\n<div class=\"mceTemp\">\n<div id=\"attachment_672\" style=\"width: 310px\" class=\"wp-caption alignnone\"><span style=\"font-size: medium;\"><a href=\"\/loch-lomond\/wp-content\/uploads\/sites\/10\/2012\/01\/Juan-Jos\u00e9-Reyes1.jpg\"><img aria-describedby=\"caption-attachment-672\" loading=\"lazy\" class=\"size-medium wp-image-672\" title=\"Juan Jos\u00e9 Reyes\" src=\"\/loch-lomond\/wp-content\/uploads\/sites\/10\/2012\/01\/Juan-Jos\u00e9-Reyes1.jpg\" alt=\"Juan Jos\u00e9 Reyes en los estudios de Radio Comarca de Barros, inform\u00e1ndose de la mejor manera posible, con Diario HOY.\" width=\"300\" height=\"225\" srcset=\"https:\/\/static-blogs.hoy.es\/wp-content\/uploads\/sites\/10\/2012\/01\/Juan-Jos\u00e9-Reyes1.jpg 2048w, https:\/\/static-blogs.hoy.es\/wp-content\/uploads\/sites\/10\/2012\/01\/Juan-Jos\u00e9-Reyes1-300x225.jpg 300w, https:\/\/static-blogs.hoy.es\/wp-content\/uploads\/sites\/10\/2012\/01\/Juan-Jos\u00e9-Reyes1-768x576.jpg 768w, https:\/\/static-blogs.hoy.es\/wp-content\/uploads\/sites\/10\/2012\/01\/Juan-Jos\u00e9-Reyes1-1024x768.jpg 1024w\" sizes=\"(max-width: 300px) 100vw, 300px\" \/><\/a><\/span><p id=\"caption-attachment-672\" class=\"wp-caption-text\">Juan Jos\u00e9 Reyes en los estudios de Radio Comarca de Barros, inform\u00e1ndose de la mejor manera posible, con Diario HOY.<\/p><\/div>\n<\/div>\n<p><span style=\"font-size: medium;\">Como muestra de su inter\u00e9s por las noticias locales, Juan Jos\u00e9 ha tenido el detalle de hablarnos hoy de una conocida e importante fiesta que se celebra en Almendralejo, ciudad en la que trabaja y reside, y de la que espera que muchos amigos extreme\u00f1os nos animemos a visitar, conocer y disfrutar.<\/span><\/p>\n<p><span style=\"font-size: medium;\">Una vez m\u00e1s, las redes sociales me permiten mantener contacto y amistad con personas que a pesar de no haber visto nunca, mantienen conmigo un mont\u00f3n de intereses en com\u00fan. Juan Jos\u00e9 y quien suscribe nos conocimos en Twitter, y os animo a seguirlo. Su nombre de usuario es @Juanjose__Reyes. No os arrepentir\u00e9is. Les dejo con Juan Jos\u00e9 Reyes y su \u201cLa ciudad en llamas\u201d.<\/span><\/p>\n<p>&nbsp;<\/p>\n<p align=\"center\"><span style=\"color: #000080; font-size: medium;\"><strong><span style=\"text-decoration: underline;\">La ciudad en llamas<\/span><\/strong><\/span><\/p>\n<p><span style=\"color: #000080; font-size: medium;\">Cuando Enrique me pidi\u00f3 que colaborara en su secci\u00f3n El loto Azul, de la que soy fiel seguidor, no sab\u00eda muy bien qu\u00e9 contar. Al principio pens\u00e9 que lo mejor ser\u00eda hablar de la influencia de las redes sociales en el mundo period\u00edstico o simplemente de lo positivas que pueden llegar a ser estas herramientas para encontrar a personas con intereses comunes. Sin ir m\u00e1s lejos, un buen ejemplo podr\u00eda ser la amistad que me une al autor de este blog, a pesar de no conocerlo personalmente. Sin embargo, en estas fechas no puedo dejar pasar esta oportunidad y dar a conocer una festividad t\u00edpica de Almendralejo que tendr\u00e1 lugar en pocas semanas y as\u00ed, invitar a todos los vecinos extreme\u00f1os a que se acerquen a la ciudad en la que trabajo y resido.<\/span><\/p>\n<p><span style=\"color: #000080; font-size: medium;\">Muchos de vosotros ya os imaginar\u00e9is a qu\u00e9 me refiero. S\u00ed, a las Candelas. A priori puede parecer un d\u00eda m\u00e1s. Y lo es. Lo importante es la noche. A partir de las 20 horas la ciudad se transforma y las llamas son las encargadas de alumbrar las calles. Grupos de personas \u00a0disfrutan de las hogueras que se extienden por todos los barrios, y los colegios permanecen abiertos para que los m\u00e1s peque\u00f1os disfruten del d\u00eda en que se queman las pantarujas y se ahuyentan a los malos esp\u00edritus.<\/span><\/p>\n<p><span style=\"color: #000080; font-size: medium;\"><a href=\"\/loch-lomond\/wp-content\/uploads\/sites\/10\/2012\/01\/Las-Candelas-de-Almendralejo.jpg\"><img loading=\"lazy\" class=\"alignnone size-full wp-image-673\" title=\"Las Candelas de Almendralejo\" src=\"\/loch-lomond\/wp-content\/uploads\/sites\/10\/2012\/01\/Las-Candelas-de-Almendralejo.jpg\" alt=\"\" width=\"395\" height=\"326\" srcset=\"https:\/\/static-blogs.hoy.es\/wp-content\/uploads\/sites\/10\/2012\/01\/Las-Candelas-de-Almendralejo.jpg 395w, https:\/\/static-blogs.hoy.es\/wp-content\/uploads\/sites\/10\/2012\/01\/Las-Candelas-de-Almendralejo-300x248.jpg 300w\" sizes=\"(max-width: 395px) 100vw, 395px\" \/><\/a><\/span><\/p>\n<p><span style=\"color: #000080; font-size: medium;\">Este a\u00f1o, por aquello de la crisis, el presupuesto para estas fiestas ser\u00e1 menor al de otras ediciones, pero eso no impedir\u00e1 que los ciudadanos y vecinos que quieran visitarnos disfruten de una noche m\u00e1gica en la que son muchas las personas que aprovechan para dejar a un lado todo aquello que tenga alg\u00fan \u00e1pice de negatividad. Otra caracter\u00edstica de esta fiesta reside en las diferentes posibilidades que brinda su celebraci\u00f3n, ya que se puede acudir a la candela oficial, a las que organizan los centros escolares, las de las asociaciones de vecinos o, incluso, a las que llevan a cabo grupos de amigos. Cualquier lugar es bueno para poder disfrutar de un espect\u00e1culo de llamas que suele ir acompa\u00f1ado del olor que desprende la gastronom\u00eda t\u00edpica de esa noche: chorizo asado, pinchitos y tortilla de patatas. Sin m\u00e1s, aprovecho para recomendaos esta fiesta declarada de Inter\u00e9s Tur\u00edstico Regional. Os esperamos la noche del uno de febrero.<\/span><\/p>\n<p>&nbsp;<\/p>\n<!-- AddThis Advanced Settings generic via filter on the_content --><!-- AddThis Share Buttons generic via filter on the_content -->","protected":false},"excerpt":{"rendered":"<p>&nbsp; &nbsp; Hoy vuelve la secci\u00f3n de EL LOTO AZUL a Don de LOCH LOMOND. Como siempre, una entrada interesante de un colaborador interesante. Hoy quiero presentaros a un joven periodista extreme\u00f1o que se precia de serlo. Pocas veces me han transmitido un amor y entusiasmo por la profesi\u00f3n de Tint\u00edn, y adem\u00e1s, con tanto [&hellip;]<!-- AddThis Advanced Settings generic via filter on get_the_excerpt --><!-- AddThis Share Buttons generic via filter on get_the_excerpt --><\/p>\n","protected":false},"author":14,"featured_media":0,"comment_status":"open","ping_status":"closed","sticky":false,"template":"","format":"standard","meta":[],"categories":[3],"tags":[63,206,757,1515,1660,1669,1806,1989,2584,2745,2787,2864,2962,3103,4009,4234,4328,4399,4986,5118],"_links":{"self":[{"href":"https:\/\/blogs.hoy.es\/loch-lomond\/wp-json\/wp\/v2\/posts\/668"}],"collection":[{"href":"https:\/\/blogs.hoy.es\/loch-lomond\/wp-json\/wp\/v2\/posts"}],"about":[{"href":"https:\/\/blogs.hoy.es\/loch-lomond\/wp-json\/wp\/v2\/types\/post"}],"author":[{"embeddable":true,"href":"https:\/\/blogs.hoy.es\/loch-lomond\/wp-json\/wp\/v2\/users\/14"}],"replies":[{"embeddable":true,"href":"https:\/\/blogs.hoy.es\/loch-lomond\/wp-json\/wp\/v2\/comments?post=668"}],"version-history":[{"count":0,"href":"https:\/\/blogs.hoy.es\/loch-lomond\/wp-json\/wp\/v2\/posts\/668\/revisions"}],"wp:attachment":[{"href":"https:\/\/blogs.hoy.es\/loch-lomond\/wp-json\/wp\/v2\/media?parent=668"}],"wp:term":[{"taxonomy":"category","embeddable":true,"href":"https:\/\/blogs.hoy.es\/loch-lomond\/wp-json\/wp\/v2\/categories?post=668"},{"taxonomy":"post_tag","embeddable":true,"href":"https:\/\/blogs.hoy.es\/loch-lomond\/wp-json\/wp\/v2\/tags?post=668"}],"curies":[{"name":"wp","href":"https:\/\/api.w.org\/{rel}","templated":true}]}}