{"id":675,"date":"2012-01-26T16:40:50","date_gmt":"2012-01-26T15:40:50","guid":{"rendered":"http:\/\/blogs.hoy.es\/loch-lomond\/?p=675"},"modified":"2012-01-26T16:40:50","modified_gmt":"2012-01-26T15:40:50","slug":"no-por-mucho-madrugar","status":"publish","type":"post","link":"https:\/\/blogs.hoy.es\/loch-lomond\/2012\/01\/26\/no-por-mucho-madrugar\/","title":{"rendered":"No por mucho madrugar&#8230;"},"content":{"rendered":"<p><span style=\"color: #000080;\">\u00a0<\/span><\/p>\n<p><span style=\"color: #000080;\">\u00a0<a href=\"\/loch-lomond\/wp-content\/uploads\/sites\/10\/2012\/01\/La-Taberna-de-MoU.jpg\"><span style=\"color: #000080;\"><img loading=\"lazy\" class=\"alignnone size-full wp-image-679\" title=\"La Taberna de MoU\" src=\"\/loch-lomond\/wp-content\/uploads\/sites\/10\/2012\/01\/La-Taberna-de-MoU.jpg\" alt=\"\" width=\"500\" height=\"205\" srcset=\"https:\/\/static-blogs.hoy.es\/wp-content\/uploads\/sites\/10\/2012\/01\/La-Taberna-de-MoU.jpg 500w, https:\/\/static-blogs.hoy.es\/wp-content\/uploads\/sites\/10\/2012\/01\/La-Taberna-de-MoU-300x123.jpg 300w\" sizes=\"(max-width: 500px) 100vw, 500px\" \/><\/span><\/a><\/span><\/p>\n<p><span style=\"color: #000080;\">No por mucho madrugar amanece m\u00e1s temprano. Esta denominada \u201c<a title=\"guerra de los desayunos en hoy.es\" href=\"http:\/\/www.hoy.es\/v\/20120126\/badajoz\/guerra-desayunos-provoca-bares-20120126.html\" target=\"_blank\"><span style=\"color: #000080;\">guerra de los desayunos<\/span><\/a>\u201d no es sino una manera desesperada de tratar de captar a m\u00e1s clientes con un sobre esfuerzo de jornada, que al final siempre paga el \u201ccurrela\u201d de turno o el propio due\u00f1o del local con el sudor de su exceso de trabajo. Los bares de la ciudad no pueden pretender explotar la primera comida del d\u00eda para recuperar los beneficios perdidos en men\u00fas y copas que no atraen ya al cliente por una mera cuesti\u00f3n de dinero o falta de vil metal.<\/span><\/p>\n<div id=\"attachment_677\" style=\"width: 488px\" class=\"wp-caption alignnone\"><span style=\"color: #000080;\"><a href=\"\/loch-lomond\/wp-content\/uploads\/sites\/10\/2012\/01\/manos-arriba.jpg\"><span style=\"color: #000080;\"><img aria-describedby=\"caption-attachment-677\" loading=\"lazy\" class=\"size-full wp-image-677\" title=\"manos arriba\" src=\"\/loch-lomond\/wp-content\/uploads\/sites\/10\/2012\/01\/manos-arriba.jpg\" alt=\"En algunos establecimientos se producen verdaderos atracos\" width=\"478\" height=\"348\" srcset=\"https:\/\/static-blogs.hoy.es\/wp-content\/uploads\/sites\/10\/2012\/01\/manos-arriba.jpg 478w, https:\/\/static-blogs.hoy.es\/wp-content\/uploads\/sites\/10\/2012\/01\/manos-arriba-300x218.jpg 300w\" sizes=\"(max-width: 478px) 100vw, 478px\" \/><\/span><\/a><\/span><p id=\"caption-attachment-677\" class=\"wp-caption-text\">En algunos establecimientos se producen verdaderos atracos<\/p><\/div>\n<p><span style=\"color: #000080;\">Existen aun varios establecimientos de Badajoz donde uno puede comer y beber con calidad a unos precios realmente competitivos S\u00f3lo se tratar de buscar y comparar. Si no se hubiera abusado antes (y si no se siguiera abusando hoy) de los precios, no habr\u00eda que buscar soluciones extremas a un problema que parece no tener marcha atr\u00e1s. En algunos bares siguen cobrando 4 \u201ceurazos\u201d por una &#8220;<a title=\"una extreme\u00f1a y un caf\u00e9 Enrique Falc\u00f3 Don de Loch Lomond\" href=\"https:\/\/blogs.hoy.es\/loch-lomond\/2010\/10\/14\/una-extremena-y-cafe\/\" target=\"_blank\"><span style=\"color: #000080;\">extreme\u00f1a<\/span><\/a>&#8221; con jam\u00f3n, y en otros 2 euros por una copa de vino de la tierra y 12 euros por un men\u00fa del d\u00eda la mar de normalito.<\/span><\/p>\n<div id=\"attachment_678\" style=\"width: 335px\" class=\"wp-caption alignnone\"><span style=\"color: #000080;\"><a href=\"\/loch-lomond\/wp-content\/uploads\/sites\/10\/2012\/01\/Mou.gif\"><span style=\"color: #000080;\"><img aria-describedby=\"caption-attachment-678\" loading=\"lazy\" class=\"size-full wp-image-678\" title=\"Mou\" src=\"\/loch-lomond\/wp-content\/uploads\/sites\/10\/2012\/01\/Mou.gif\" alt=\"El servicio y trato al cliente han deca\u00eddo bastante\" width=\"325\" height=\"351\" \/><\/span><\/a><\/span><p id=\"caption-attachment-678\" class=\"wp-caption-text\">El servicio y trato al cliente han deca\u00eddo bastante<\/p><\/div>\n<p><span style=\"color: #000080;\">Al final lo que prevalece y lo que fideliza a un cliente no es m\u00e1s que la justa medida y el t\u00e9rmino medio resultante entre la calidad del producto y el peso desalojado por nuestro bolsillo, sin olvidar claro est\u00e1 la calidad de un servicio \u00a0que parece haber sufrido una ca\u00edda inversamente proporcional a la subida de la tasa de paro.<\/span><\/p>\n<p><span style=\"color: #000080;\">Esta es mi opini\u00f3n&#8230; y yo la comparto.<\/span><\/p>\n<p>&nbsp;<\/p>\n<!-- AddThis Advanced Settings generic via filter on the_content --><!-- AddThis Share Buttons generic via filter on the_content -->","protected":false},"excerpt":{"rendered":"<p>\u00a0 \u00a0 No por mucho madrugar amanece m\u00e1s temprano. Esta denominada \u201cguerra de los desayunos\u201d no es sino una manera desesperada de tratar de captar a m\u00e1s clientes con un sobre esfuerzo de jornada, que al final siempre paga el \u201ccurrela\u201d de turno o el propio due\u00f1o del local con el sudor de su exceso [&hellip;]<!-- AddThis Advanced Settings generic via filter on get_the_excerpt --><!-- AddThis Share Buttons generic via filter on get_the_excerpt --><\/p>\n","protected":false},"author":14,"featured_media":0,"comment_status":"open","ping_status":"closed","sticky":false,"template":"","format":"standard","meta":[],"categories":[5],"tags":[437,487,1177,1179,1382,1458,1515,1561,1806,1987,1988,2350,3103,3435,4178,4446,4669,5073],"_links":{"self":[{"href":"https:\/\/blogs.hoy.es\/loch-lomond\/wp-json\/wp\/v2\/posts\/675"}],"collection":[{"href":"https:\/\/blogs.hoy.es\/loch-lomond\/wp-json\/wp\/v2\/posts"}],"about":[{"href":"https:\/\/blogs.hoy.es\/loch-lomond\/wp-json\/wp\/v2\/types\/post"}],"author":[{"embeddable":true,"href":"https:\/\/blogs.hoy.es\/loch-lomond\/wp-json\/wp\/v2\/users\/14"}],"replies":[{"embeddable":true,"href":"https:\/\/blogs.hoy.es\/loch-lomond\/wp-json\/wp\/v2\/comments?post=675"}],"version-history":[{"count":0,"href":"https:\/\/blogs.hoy.es\/loch-lomond\/wp-json\/wp\/v2\/posts\/675\/revisions"}],"wp:attachment":[{"href":"https:\/\/blogs.hoy.es\/loch-lomond\/wp-json\/wp\/v2\/media?parent=675"}],"wp:term":[{"taxonomy":"category","embeddable":true,"href":"https:\/\/blogs.hoy.es\/loch-lomond\/wp-json\/wp\/v2\/categories?post=675"},{"taxonomy":"post_tag","embeddable":true,"href":"https:\/\/blogs.hoy.es\/loch-lomond\/wp-json\/wp\/v2\/tags?post=675"}],"curies":[{"name":"wp","href":"https:\/\/api.w.org\/{rel}","templated":true}]}}