{"id":68,"date":"2010-08-01T00:13:00","date_gmt":"2010-08-01T00:13:00","guid":{"rendered":"http:\/\/blogs.hoy.es\/loch-lomond\/?p=67"},"modified":"2010-08-01T00:13:00","modified_gmt":"2010-08-01T00:13:00","slug":"el-periodico-papa","status":"publish","type":"post","link":"https:\/\/blogs.hoy.es\/loch-lomond\/2010\/08\/01\/el-periodico-papa\/","title":{"rendered":"EL PERI\u00d3DICO DE PAP\u00c1"},"content":{"rendered":"<p><img id=img_0 src=\"\/\/img.ebayanuncios.es\/fc\/66\/fc665862bd7011c415cba104bacb7176_vip.jpg\"\/><\/p>\n<p class=MsoNormal style=\"MARGIN: 0cm 0cm 0pt; TEXT-ALIGN: justify\"><span style=\"FONT-SIZE: 10pt; COLOR: navy; FONT-FAMILY: Verdana\">Mi art\u00edculo de hoy domingo en < ?xml:namespace prefix = st1 ns = \"urn:schemas-microsoft-com:office:smarttags\" \/><st1:personname w:st=\"on\" ProductID=\"la Tribuna\">la Tribuna<\/st1:personname> de la edici\u00f3n impresa del diario HOY es algo especial. Todos lo son de una u otra manera, pero desde que este blog comenz\u00f3 su andadura procuro que \u00e9stos sean siempre algo m\u00e1s especiales que los del resto de d\u00edas de la semana. Y no s\u00f3lo porque salgan en la edici\u00f3n impresa y el d\u00eda que m\u00e1s peri\u00f3dicos se vendan, sino porque quiero que sigan siendo especiales. Antes, como s\u00f3lo publicaba los domingos, lo eran. Ahora que escribo a diario quiero mantener esa especie de ilusi\u00f3n por mis art\u00edculos dominicales e intentar ofrecer lo mejor de mi mismo. Hoy le toca el turno a este diario, el diario HOY, que como ustedes <span style=\"mso-spacerun: yes\"> <\/span>bien podr\u00e1n leer en mi art\u00edculo, ha estado muy presente en mi vida. Sirve tambi\u00e9n como peque\u00f1o homenaje a tantos trabajadores que ya no est\u00e1n, pero dejaron su sello y sobre todo su esfuerzo para que HOY pudiera seguir llegando a sus hogares e informar a sus paisanos puntualmente.< ?xml:namespace prefix = o ns = \"urn:schemas-microsoft-com:office:office\" \/><o:p><\/o:p><\/span><\/p>\n<p class=MsoNormal style=\"MARGIN: 0cm 0cm 0pt; TEXT-ALIGN: justify\"><span style=\"FONT-SIZE: 10pt; COLOR: navy; FONT-FAMILY: Verdana\"><o:p> <\/o:p><\/span><\/p>\n<p class=MsoNormal style=\"MARGIN: 0cm 0cm 0pt; TEXT-ALIGN: justify\"><span style=\"FONT-SIZE: 10pt; COLOR: navy; FONT-FAMILY: Verdana\">Hoy m\u00e1s que nunca, por HOY levanto mi copa de LOCH LOMOND. Por los que ya no est\u00e1n, por los que contin\u00faan, por los que un d\u00eda estuvieron y por los que siempre estar\u00e1n. Por el diario HOY. El diario de toda una vida.<\/span><\/p>\n<p class=MsoNormal style=\"MARGIN: 0cm 0cm 0pt; TEXT-ALIGN: justify\"><span style=\"FONT-SIZE: 10pt; COLOR: navy; FONT-FAMILY: Verdana\"><\/span> <\/p>\n<p class=MsoNormal style=\"MARGIN: 0cm 0cm 0pt; TEXT-ALIGN: justify\"><span style=\"FONT-SIZE: 10pt; COLOR: navy; FONT-FAMILY: Verdana\">Aqu\u00ed ten\u00e9is el enlace amigos. Que os guste:<\/span><\/p>\n<p class=MsoNormal style=\"MARGIN: 0cm 0cm 0pt; TEXT-ALIGN: justify\"><span style=\"FONT-SIZE: 10pt; COLOR: navy; FONT-FAMILY: Verdana\"><\/span> <\/p>\n<p class=MsoNormal style=\"MARGIN: 0cm 0cm 0pt; TEXT-ALIGN: justify\"><span style=\"FONT-SIZE: 10pt; COLOR: navy; FONT-FAMILY: Verdana\"><\/span> <\/p>\n<p class=MsoNormal style=\"MARGIN: 0cm 0cm 0pt; TEXT-ALIGN: justify\"><span style=\"FONT-SIZE: 10pt; COLOR: navy; FONT-FAMILY: Verdana\"> <a href=\"http:\/\/www.hoy.es\/v\/20100801\/opinion\/periodico-papa-20100801.html\" rel=\"nofollow\"    >http:\/\/www.hoy.es\/v\/20100801\/opinion\/periodico-papa-20100801.html<\/a><\/span><\/p>\n<!-- AddThis Advanced Settings generic via filter on the_content --><!-- AddThis Share Buttons generic via filter on the_content -->","protected":false},"excerpt":{"rendered":"<p>Mi art\u00edculo de hoy domingo en < ?xml:namespace prefix = st1 ns = \"urn:schemas-microsoft-com:office:smarttags\" \/>la Tribuna de la edici\u00f3n impresa del diario HOY es algo especial. Todos lo son de una u otra manera, pero desde que este blog comenz\u00f3 su andadura procuro que \u00e9stos sean siempre algo m\u00e1s especiales que los del resto de [&hellip;]<!-- AddThis Advanced Settings generic via filter on get_the_excerpt --><!-- AddThis Share Buttons generic via filter on get_the_excerpt --><\/p>\n","protected":false},"author":14,"featured_media":0,"comment_status":"open","ping_status":"closed","sticky":false,"template":"","format":"standard","meta":[],"categories":[8],"tags":[2496,5084],"_links":{"self":[{"href":"https:\/\/blogs.hoy.es\/loch-lomond\/wp-json\/wp\/v2\/posts\/68"}],"collection":[{"href":"https:\/\/blogs.hoy.es\/loch-lomond\/wp-json\/wp\/v2\/posts"}],"about":[{"href":"https:\/\/blogs.hoy.es\/loch-lomond\/wp-json\/wp\/v2\/types\/post"}],"author":[{"embeddable":true,"href":"https:\/\/blogs.hoy.es\/loch-lomond\/wp-json\/wp\/v2\/users\/14"}],"replies":[{"embeddable":true,"href":"https:\/\/blogs.hoy.es\/loch-lomond\/wp-json\/wp\/v2\/comments?post=68"}],"version-history":[{"count":0,"href":"https:\/\/blogs.hoy.es\/loch-lomond\/wp-json\/wp\/v2\/posts\/68\/revisions"}],"wp:attachment":[{"href":"https:\/\/blogs.hoy.es\/loch-lomond\/wp-json\/wp\/v2\/media?parent=68"}],"wp:term":[{"taxonomy":"category","embeddable":true,"href":"https:\/\/blogs.hoy.es\/loch-lomond\/wp-json\/wp\/v2\/categories?post=68"},{"taxonomy":"post_tag","embeddable":true,"href":"https:\/\/blogs.hoy.es\/loch-lomond\/wp-json\/wp\/v2\/tags?post=68"}],"curies":[{"name":"wp","href":"https:\/\/api.w.org\/{rel}","templated":true}]}}