{"id":680,"date":"2012-01-29T17:06:21","date_gmt":"2012-01-29T16:06:21","guid":{"rendered":"http:\/\/blogs.hoy.es\/loch-lomond\/?p=680"},"modified":"2012-01-29T17:06:21","modified_gmt":"2012-01-29T16:06:21","slug":"de-carteles-plagios-e-ignorancia","status":"publish","type":"post","link":"https:\/\/blogs.hoy.es\/loch-lomond\/2012\/01\/29\/de-carteles-plagios-e-ignorancia\/","title":{"rendered":"De carteles, plagios e ignorancia"},"content":{"rendered":"<p>Enrique Falc\u00f3. Creador inspirado<\/p>\n<p>&nbsp;<\/p>\n<div id=\"attachment_682\" style=\"width: 310px\" class=\"wp-caption alignnone\"><a href=\"\/loch-lomond\/wp-content\/uploads\/sites\/10\/2012\/01\/Carnaval-Badajoz-2012.jpg\"><img aria-describedby=\"caption-attachment-682\" loading=\"lazy\" class=\"size-full wp-image-682\" title=\"Carnaval Badajoz 2012\" src=\"\/loch-lomond\/wp-content\/uploads\/sites\/10\/2012\/01\/Carnaval-Badajoz-2012.jpg\" alt=\"Por lo visto esto est\u00e1 ya muy visto...\u00bfPlagio, casualidad o plagio subconsciente?\" width=\"300\" height=\"300\" srcset=\"https:\/\/static-blogs.hoy.es\/wp-content\/uploads\/sites\/10\/2012\/01\/Carnaval-Badajoz-2012.jpg 300w, https:\/\/static-blogs.hoy.es\/wp-content\/uploads\/sites\/10\/2012\/01\/Carnaval-Badajoz-2012-150x150.jpg 150w\" sizes=\"(max-width: 300px) 100vw, 300px\" \/><\/a><p id=\"caption-attachment-682\" class=\"wp-caption-text\">Por lo visto esto est\u00e1 ya muy visto...\u00bfPlagio, casualidad o plagio subconsciente?<\/p><\/div>\n<p><span style=\"color: #000080;\">Se habla mucho de carnaval y carteles, y de carteles de carnaval, a uno y otro lado de nuestra tierra, cuando aun faltan semanas para la aparici\u00f3n de tambores y m\u00e1scaras en nuestras calles. En Badajoz, resuenan desde el d\u00eda del fallo del concurso cr\u00edticas adobadas con indignaci\u00f3n y verg\u00fcenza sobre el presunto plagio del cartel de la edici\u00f3n de este a\u00f1o. Por lo visto, el numerito de las manos a lo Jos\u00e9 Calder\u00f3n (\u00a1Que Crack!) y los ojos, est\u00e1 ya m\u00e1s visto que el tebeo. El mismo d\u00eda del fallo, antes incluso de que se hiciera eco la prensa regional, ya pude leer varias cr\u00edticas en diferentes blogs de amigos en la Red. Con esto no trato de suponer nada, no conozco al autor del cartel, y es tan probable como posible que \u00e9ste desconociera esta cuesti\u00f3n y no pretendiera en el fondo de su coraz\u00f3n plagiar nada. Podr\u00eda darse el caso del llamado plagio subconsciente, del que se acus\u00f3 a George Harrison en su d\u00eda por su canci\u00f3n \u201cMy Sweet Lord\u201d. El Juez crey\u00f3 al Beatle silencioso, quien se neg\u00f3 en redondo a admitir que hab\u00eda plagiado el tema \u201cHe\u00b4s so fine\u201d de \u201cChiffons\u201d pero el magistrado no pudo obviar que, de manera intencionada o no, se hab\u00eda cometido un plagio, por lo que conden\u00f3 a Harrison a rascarse el bolsillo de manera considerable. Quien suscribe no le presta demasiada importancia a estos desagradables asuntos, <a title=\"Plagios Enrique Falc\u00f3 Hoy.es\" href=\"http:\/\/www.hoy.es\/v\/20100221\/opinion\/plagios-20100221.html\" target=\"_blank\">de los que he hablado <\/a>ya en m\u00e1s de una ocasi\u00f3n, por aquello de que confirma la m\u00e1xima de que ya est\u00e1 todo inventado, en especial en lo que a las artes se refiere. Cada artista se dedica a otorgar a su obra diferentes matices, sus propios sentimientos, hacerla suya de una u otra manera, pero siempre ser\u00e1 muy discutible asegurar quien fue el primero en tomar posesi\u00f3n de una idea, como hizo <a title=\"descubriendo a tint\u00edn\" href=\"https:\/\/blogs.hoy.es\/loch-lomond\/2011\/09\/28\/descubriendo-a-tintin-1\/\" target=\"_blank\">Tint\u00edn<\/a> clavando el primero la bandera de la F.E.I.C. en el aerolito del Calisteno. Tambi\u00e9n claro est\u00e1, hemos de reconocer la posibilidad de la casualidad. El supuesto plagio de una murga gaditana a los pacenses <a title=\"Murga Los Water Closet\" href=\"http:\/\/murgawatercloset.blogspot.com\/\" target=\"_blank\">\u201cWater\u201d<\/a> tambi\u00e9n ha supuesto un \u201crun run\u201d toda la semana, de la que mi menda ha sacado en limpio una conclusi\u00f3n. Si ha sido la casualidad la que ha propiciado el malentendido bienvenida sea, no hay mal que por bien no venga si ello ha conseguido que se hable en C\u00e1diz del Carnaval de Badajoz. Por el contrario, si se ha producido plagio, o plagio subconsciente, no queda m\u00e1s que felicitar a los \u201cWater\u201d por haber realizado un trabajo digno de plagio que eleva nuestro carnaval, ya que lejos de ofender a los pacenses, el hecho de que en C\u00e1diz plagien a Badajoz habr\u00eda que considerarlo un \u00e9xito.<\/span><\/p>\n<p>&nbsp;<\/p>\n<a href=\"\/loch-lomond\/wp-content\/uploads\/sites\/10\/2012\/01\/carnaval-romano-2012.jpg\"><img loading=\"lazy\" class=\"size-full wp-image-683\" title=\"carnaval romano 2012\" src=\"\/loch-lomond\/wp-content\/uploads\/sites\/10\/2012\/01\/carnaval-romano-2012.jpg\" alt=\"El Concejal de Festejos del Ayuntamiento de M\u00e9rida, Daniel Serrano, no sabe quienes son ni de donde han salido \"esos dos mu\u00f1equitos\"\" width=\"300\" height=\"400\" srcset=\"https:\/\/static-blogs.hoy.es\/wp-content\/uploads\/sites\/10\/2012\/01\/carnaval-romano-2012.jpg 300w, https:\/\/static-blogs.hoy.es\/wp-content\/uploads\/sites\/10\/2012\/01\/carnaval-romano-2012-225x300.jpg 225w\" sizes=\"(max-width: 300px) 100vw, 300px\" \/><\/a>\n<p>&nbsp;<\/p>\n<p><span style=\"color: #000080;\">Se habla tambi\u00e9n de carteles en <a title=\"Est\u00e1n locos estos romanos\" href=\"https:\/\/blogs.hoy.es\/loch-lomond\/2010\/06\/21\/estan-locos-estos-romanos\/\" target=\"_blank\">M\u00e9rida<\/a>, aunque en \u00e9ste ni siquiera se han preocupado de tomarse molestia alguna en disimular, y han creado una especie de engendro de dudosa visi\u00f3n en la que han colocado a dos romanos de los que salen en las aventuras de Ast\u00e9rix. Por lo visto, en pos de ahorrar, algo que no deja de parecerme loable, ha sido el personal del propio Ayuntamiento de M\u00e9rida quien se ha ocupado de la confecci\u00f3n del cartel. Me atrever\u00eda a afirmar categ\u00f3ricamente que se han tomado las mismas molestias que mi menda en asegurarse una plaza en el gimnasio del barrio, o las del Capit\u00e1n Haddock y Homer Simpson en apuntarse a \u201cAlcoh\u00f3licos An\u00f3nimos\u201d \u00a0o sea, ninguna en absoluto. Muy ufano, el concejal de festejos, Daniel Serrano (sin haberlo preparado me ha salido un pareado) afirma que no se ha producido plagio al no haber concurso, y ni siquiera sabe quienes son esos dos mu\u00f1equitos. No s\u00e9 si me parece m\u00e1s triste que lamentable el hecho de que nadie en el Ayuntamiento supiera de donde salen esos dos \u201cmu\u00f1equitos romanos\u201d. Espero que el cartel no llegue a los ojos de Albert Uderzo, que como as\u00ed sea, me temo que el Ayuntamiento tampoco va a poder cumplir con su plan de ahorro, que no s\u00e9 si alguien estar\u00e1 enterado, pero los derechos de imagen de Ast\u00e9rix y sus amigos est\u00e1n por las nubes. Al expresar mi indignaci\u00f3n en mi Twitter, mi amigo Pablo Calvo, periodista de HOY, al que a pesar de haber visto una sola vez en mi vida llamo amigo gracias a nuestro buen entendimiento en las redes sociales, me confes\u00f3 en plan de broma que visto el nivel, igual en los premios literarios les colaba el \u201cPuedo escribir los versos m\u00e1s tristes esta noche\u2026\u201d. Yo, animado tambi\u00e9n, me he decidido por probar con las inspiradoras coplas a la muerte de su padre de Jorge Manrique (Recuerde el alma dormida, avive el seso y despierte contemplando\u2026\u201d. Aunque para el de novela tengo uno con mucho gancho y con un comienzo realmente magn\u00edfico \u201cEn un lugar de la Mancha\u2026\u201d. Todo esto me ha hecho acordarme de un viejo compa\u00f1ero de tajo, que para ligar atontaba a las ni\u00f1as con unas preciosas poes\u00edas (\u201cNuestra pasi\u00f3n fue un tr\u00e1gico sainete\u2026\u201d \u201cLos suspiros son aire y van al aire\u2026\u201d \u201cHoy la he visto y me ha mirado, \u00a1Hoy creo en Dios!\u201d). \u00c9stas, inocentes y merluzas, estaban convencidas de que aquellos deliciosos versos sal\u00edan del alma de aquel plagiador que ten\u00eda un morro que se lo pisaba. En una ocasi\u00f3n, en la que no pude aguantar m\u00e1s, le inquir\u00ed con muy mala idea en pleno ritual de apareamiento \u201cC\u00e1llate ya, Gustavo Adolfo de pacotilla\u201d. Mano de santo. No volvi\u00f3 a traicionar la memoria de B\u00e9cquer en mi presencia. Reza la leyenda, que desde aquel d\u00eda, en la Cripta de la Anunciaci\u00f3n, m\u00e1s concretamente en el Pante\u00f3n de los Sevillanos Ilustres, donde descansan los restos del querido poeta de los j\u00f3venes enamorados, el aire que se respira, empapa el alma de un remanso de paz y un esp\u00edritu de descanso \u00a0jam\u00e1s percibido anteriormente en tan <\/span><span style=\"color: #000080;\">sagrado recinto.<\/span><\/p>\n<p><span style=\"color: #000000;\"><em>Publicado en Diario HOY el 29\/01\/2012<\/em><\/span><\/p>\n<p><span style=\"color: #000080;\"><a href=\"http:\/\/hoy.kioskoymas.com\/epaper\/showlink.aspx?bookmarkid=9ZLCLV973R25&#038;preview=magnifier&#038;linkid=165f48f9-4faf-487e-b3b1-69d3537c02bd&#038;pdaffid=1NEHCXDv4QZRFanP7KJR9A%3d%3d\"><img src=\"\/\/cache2-thumb1.pressdisplay.com\/pressdisplay\/docserver\/getimage.aspx?file=22012012012900000000001001&#038;page=32&#038;scale=23\" alt=\"\" \/><\/a><\/span><\/p>\n<!-- AddThis Advanced Settings generic via filter on the_content --><!-- AddThis Share Buttons generic via filter on the_content -->","protected":false},"excerpt":{"rendered":"<p>Enrique Falc\u00f3. Creador inspirado &nbsp; Se habla mucho de carnaval y carteles, y de carteles de carnaval, a uno y otro lado de nuestra tierra, cuando aun faltan semanas para la aparici\u00f3n de tambores y m\u00e1scaras en nuestras calles. En Badajoz, resuenan desde el d\u00eda del fallo del concurso cr\u00edticas adobadas con indignaci\u00f3n y verg\u00fcenza [&hellip;]<!-- AddThis Advanced Settings generic via filter on get_the_excerpt --><!-- AddThis Share Buttons generic via filter on get_the_excerpt --><\/p>\n","protected":false},"author":14,"featured_media":0,"comment_status":"open","ping_status":"closed","sticky":false,"template":"","format":"standard","meta":[],"categories":[8],"tags":[141,172,182,356,375,425,437,519,783,822,828,846,946,1127,1184,1220,1230,1310,1324,1369,1439,1515,1799,1806,1993,2273,2370,2424,2464,2532,2740,2746,3037,3039,3103,3182,3444,3597,3601,3618,3839,3885,4010,4023,4088,4390,4515,4539,4947],"_links":{"self":[{"href":"https:\/\/blogs.hoy.es\/loch-lomond\/wp-json\/wp\/v2\/posts\/680"}],"collection":[{"href":"https:\/\/blogs.hoy.es\/loch-lomond\/wp-json\/wp\/v2\/posts"}],"about":[{"href":"https:\/\/blogs.hoy.es\/loch-lomond\/wp-json\/wp\/v2\/types\/post"}],"author":[{"embeddable":true,"href":"https:\/\/blogs.hoy.es\/loch-lomond\/wp-json\/wp\/v2\/users\/14"}],"replies":[{"embeddable":true,"href":"https:\/\/blogs.hoy.es\/loch-lomond\/wp-json\/wp\/v2\/comments?post=680"}],"version-history":[{"count":0,"href":"https:\/\/blogs.hoy.es\/loch-lomond\/wp-json\/wp\/v2\/posts\/680\/revisions"}],"wp:attachment":[{"href":"https:\/\/blogs.hoy.es\/loch-lomond\/wp-json\/wp\/v2\/media?parent=680"}],"wp:term":[{"taxonomy":"category","embeddable":true,"href":"https:\/\/blogs.hoy.es\/loch-lomond\/wp-json\/wp\/v2\/categories?post=680"},{"taxonomy":"post_tag","embeddable":true,"href":"https:\/\/blogs.hoy.es\/loch-lomond\/wp-json\/wp\/v2\/tags?post=680"}],"curies":[{"name":"wp","href":"https:\/\/api.w.org\/{rel}","templated":true}]}}