{"id":69,"date":"2010-08-02T00:31:00","date_gmt":"2010-08-01T23:31:00","guid":{"rendered":"http:\/\/blogs.hoy.es\/loch-lomond\/?p=68"},"modified":"2010-08-02T00:31:00","modified_gmt":"2010-08-01T23:31:00","slug":"ira-furor-brevis-est","status":"publish","type":"post","link":"https:\/\/blogs.hoy.es\/loch-lomond\/2010\/08\/02\/ira-furor-brevis-est\/","title":{"rendered":"IRA FUROR BREVIS EST"},"content":{"rendered":"<p class=MsoNormal style=\"MARGIN: 0cm 0cm 0pt; TEXT-ALIGN: justify\"><span style=\"FONT-SIZE: 10pt; COLOR: navy; FONT-FAMILY: Verdana\"><img id=img_0 src=\"\/\/www.as.com\/recorte\/20090422dasdasmot_2\/C280\/Ies\/Michael_Schumacher.jpg\"\/><\/span><\/p>\n<p> <span style=\"FONT-SIZE: 10pt; COLOR: navy; FONT-FAMILY: Verdana\"><\/span> <\/p>\n<p> <span style=\"FONT-SIZE: 10pt; COLOR: navy; FONT-FAMILY: Verdana\"><\/span> <\/p>\n<p> <span style=\"FONT-SIZE: 10pt; COLOR: navy; FONT-FAMILY: Verdana\"><\/span> <\/p>\n<p class=MsoNormal style=\"MARGIN: 0cm 0cm 0pt; TEXT-ALIGN: justify\">\n<p class=MsoNormal style=\"MARGIN: 0cm 0cm 0pt; TEXT-ALIGN: justify\"><span style=\"FONT-SIZE: 10pt; COLOR: navy; FONT-FAMILY: Verdana\"><\/span><\/p>\n<p class=MsoNormal style=\"MARGIN: 0cm 0cm 0pt; TEXT-ALIGN: justify\"><span style=\"FONT-SIZE: 10pt; COLOR: navy; FONT-FAMILY: Verdana\"><\/span><\/p>\n<p class=MsoNormal style=\"MARGIN: 0cm 0cm 0pt; TEXT-ALIGN: justify\"><span style=\"FONT-SIZE: 10pt; COLOR: navy; FONT-FAMILY: Verdana\"><\/span><\/p>\n<p class=MsoNormal style=\"MARGIN: 0cm 0cm 0pt; TEXT-ALIGN: justify\"><span style=\"FONT-SIZE: 10pt; COLOR: navy; FONT-FAMILY: Verdana\">Tal y como reza la cabecera del art\u00edculo de hoy, podemos afirmar que \u201c< ?xml:namespace prefix = st1 ns = \"urn:schemas-microsoft-com:office:smarttags\" \/><st1:personname ProductID=\"La Ira\" w:st=\"on\">La Ira<\/st1:personname> es una locura breve\u201d. Yo no s\u00e9 si lo de Michael Schumacher ser\u00e1 cosa de <st1:personname ProductID=\"La Ira\" w:st=\"on\">la Ira<\/st1:personname>, de la locura o de la mala leche, que tenerla la tiene y mucha, y lo ha demostrado con creces a lo largo de su carrera, compaginando triunfo tras triunfo, con toda suerte de sanciones que adem\u00e1s de coronarlo en lo m\u00e1s alto de <st1:personname ProductID=\"la F\u00f3rmula\" w:st=\"on\">la F\u00f3rmula<\/st1:personname> 1 han conseguido el dudoso honor de hacerle figurar como el piloto m\u00e1s sancionado de <st1:personname ProductID=\"la Historia\" w:st=\"on\">la Historia<\/st1:personname> de este deporte.<\/span><\/p>\n<p> <span style=\"FONT-SIZE: 10pt; COLOR: navy; FONT-FAMILY: Verdana\"><\/span> <\/p>\n<p> <span style=\"FONT-SIZE: 10pt; COLOR: navy; FONT-FAMILY: Verdana\"><\/span> <\/p>\n<p> <span style=\"FONT-SIZE: 10pt; COLOR: navy; FONT-FAMILY: Verdana\"><\/span> <\/p>\n<p> <span style=\"FONT-SIZE: 10pt; COLOR: navy; FONT-FAMILY: Verdana\">< ?xml:namespace prefix = o ns = \"urn:schemas-microsoft-com:office:office\" \/><o:p><\/o:p><\/span> <\/p>\n<p class=MsoNormal style=\"MARGIN: 0cm 0cm 0pt; TEXT-ALIGN: justify\">\n<p class=MsoNormal style=\"MARGIN: 0cm 0cm 0pt; TEXT-ALIGN: justify\"><span style=\"FONT-SIZE: 10pt; COLOR: navy; FONT-FAMILY: Verdana\"><o:p><\/o:p><\/span><\/p>\n<p class=MsoNormal style=\"MARGIN: 0cm 0cm 0pt; TEXT-ALIGN: justify\"><span style=\"FONT-SIZE: 10pt; COLOR: navy; FONT-FAMILY: Verdana\">Rubens Barrichello se ha despachado a gusto con el alem\u00e1n, lanzando al aire la cuesti\u00f3n que a muchos nos ronda un d\u00eda m\u00e1s por la sesera tras su intento de empotrar contra el muro a su excompa\u00f1ero brasile\u00f1o. <\/span><span style=\"FONT-SIZE: 10pt; COLOR: navy; FONT-FAMILY: Verdana; mso-bidi-font-family: Arial\">&#8220;La de hoy es una de las maniobras mas bonitas que he hecho y una de las mas horrendas de Michael Schumacher, al final no necesitamos eso\u201d. Barrichello ha a\u00f1adido que: &#8220;despu\u00e9s de haber estado retirado tres a\u00f1os y vuelve para hacer una cosa as\u00ed, no tenemos necesidad de que lo haya hecho\u201d.<\/span><\/p>\n<p class=MsoNormal style=\"MARGIN: 0cm 0cm 0pt; TEXT-ALIGN: justify\"><span style=\"FONT-SIZE: 10pt; COLOR: navy; FONT-FAMILY: Verdana; mso-bidi-font-family: Arial\"><\/span> <\/p>\n<p class=MsoNormal style=\"MARGIN: 0cm 0cm 0pt; TEXT-ALIGN: justify\"><span style=\"FONT-SIZE: 10pt; COLOR: navy; FONT-FAMILY: Verdana; mso-bidi-font-family: Arial\"><\/span> <\/p>\n<p class=MsoNormal style=\"MARGIN: 0cm 0cm 0pt; TEXT-ALIGN: justify\"><span style=\"FONT-SIZE: 10pt; COLOR: navy; FONT-FAMILY: Verdana; mso-bidi-font-family: Arial\"><\/span> <\/p>\n<p class=MsoNormal style=\"MARGIN: 0cm 0cm 0pt; TEXT-ALIGN: justify\"><span style=\"FONT-SIZE: 10pt; COLOR: navy; FONT-FAMILY: Verdana; mso-bidi-font-family: Arial\"><\/span> <\/p>\n<p class=MsoNormal style=\"MARGIN: 0cm 0cm 0pt; TEXT-ALIGN: justify\"><span style=\"FONT-SIZE: 10pt; COLOR: navy; FONT-FAMILY: Verdana; mso-bidi-font-family: Arial\"> <o:p><\/o:p><\/span><\/p>\n<p class=MsoNormal style=\"MARGIN: 0cm 0cm 0pt; TEXT-ALIGN: justify\"><span style=\"FONT-SIZE: 10pt; COLOR: navy; FONT-FAMILY: Verdana; mso-bidi-font-family: Arial\"><o:p><\/o:p><\/span><\/p>\n<p class=MsoNormal style=\"MARGIN: 0cm 0cm 0pt; TEXT-ALIGN: justify\"><span style=\"FONT-SIZE: 10pt; COLOR: navy; FONT-FAMILY: Verdana; mso-bidi-font-family: Arial\">Totalmente de acuerdo. Para eso que se hubiera quedado en su casa. Total este a\u00f1o lo \u00fanico que suma son dos cuartos puestos y dos sanciones, la de hoy bien podr\u00eda ser considerada como un intento frustrado de homicidio, pues recordemos que ambos pilotos peleaban por la d\u00e9cima posici\u00f3n. \u201cQuien quiera pasarme que luche por ello\u201d Ha respondido con enfado <\/span><span style=\"FONT-SIZE: 10pt; COLOR: navy; FONT-FAMILY: Verdana\">el alem\u00e1n. Tambi\u00e9n de acuerdo, pero sin correr el innecesario riesgo de que quien lo haga se vea estampado contra un muro a <st1:metricconverter ProductID=\"300 kil\u00f3metros\" w:st=\"on\">300 kil\u00f3metros<\/st1:metricconverter> por hora.<\/span><\/p>\n<p class=MsoNormal style=\"MARGIN: 0cm 0cm 0pt; TEXT-ALIGN: justify\"><span style=\"FONT-SIZE: 10pt; COLOR: navy; FONT-FAMILY: Verdana\"><\/span> <\/p>\n<p class=MsoNormal style=\"MARGIN: 0cm 0cm 0pt; TEXT-ALIGN: justify\"><span style=\"FONT-SIZE: 10pt; COLOR: navy; FONT-FAMILY: Verdana\"><\/span> <\/p>\n<p class=MsoNormal style=\"MARGIN: 0cm 0cm 0pt; TEXT-ALIGN: justify\"><span style=\"FONT-SIZE: 10pt; COLOR: navy; FONT-FAMILY: Verdana\"><\/span> <\/p>\n<p class=MsoNormal style=\"MARGIN: 0cm 0cm 0pt; TEXT-ALIGN: justify\"><span style=\"FONT-SIZE: 10pt; COLOR: navy; FONT-FAMILY: Verdana\"><\/span> <\/p>\n<p> <span style=\"FONT-SIZE: 10pt; COLOR: navy; FONT-FAMILY: Verdana\"><\/span> <\/p>\n<p> <span style=\"FONT-SIZE: 10pt; COLOR: navy; FONT-FAMILY: Verdana\"><\/span> <\/p>\n<p> <span style=\"FONT-SIZE: 10pt; COLOR: navy; FONT-FAMILY: Verdana\"><\/span> <\/p>\n<p class=MsoNormal style=\"MARGIN: 0cm 0cm 0pt; TEXT-ALIGN: justify\">\n<p><span style=\"FONT-SIZE: 10pt; COLOR: navy; FONT-FAMILY: Verdana\"><\/span><\/p>\n<p><span style=\"FONT-SIZE: 10pt; COLOR: navy; FONT-FAMILY: Verdana\"><\/span><\/p>\n<p><span style=\"FONT-SIZE: 10pt; COLOR: navy; FONT-FAMILY: Verdana\"><\/span><\/p>\n<p><span style=\"FONT-SIZE: 10pt; COLOR: navy; FONT-FAMILY: Verdana\"><\/span><\/p>\n<p><span style=\"FONT-SIZE: 10pt; COLOR: navy; FONT-FAMILY: Verdana\"><o:p><img id=img_1 src=\"\/\/blogs.20minutos.es\/formula-1-alonso\/files\/schumacher170310.jpg\"\/><\/o:p><\/span><\/p>\n<p> <span style=\"FONT-SIZE: 10pt; COLOR: navy; FONT-FAMILY: Verdana\"><o:p><\/o:p><\/span> <\/p>\n<p> <span style=\"FONT-SIZE: 10pt; COLOR: navy; FONT-FAMILY: Verdana\"><o:p><\/o:p><\/span> <\/p>\n<p> <span style=\"FONT-SIZE: 10pt; COLOR: navy; FONT-FAMILY: Verdana\"><o:p><\/o:p><\/span> <\/p>\n<p> <span style=\"FONT-SIZE: 10pt; COLOR: navy; FONT-FAMILY: Verdana\"><o:p><\/o:p><\/span> <\/p>\n<p> <span style=\"FONT-SIZE: 10pt; COLOR: navy; FONT-FAMILY: Verdana\"><o:p><\/o:p><\/span> <\/p>\n<p> <span style=\"FONT-SIZE: 10pt; COLOR: navy; FONT-FAMILY: Verdana\"><o:p><\/o:p><\/span> <\/p>\n<p> <span style=\"FONT-SIZE: 10pt; COLOR: navy; FONT-FAMILY: Verdana\"><o:p><\/o:p><\/span> <\/p>\n<p class=MsoNormal style=\"MARGIN: 0cm 0cm 0pt; TEXT-ALIGN: justify\">\n<p class=MsoNormal style=\"MARGIN: 0cm 0cm 0pt; TEXT-ALIGN: justify\">\n<p><span style=\"FONT-SIZE: 10pt; COLOR: navy; FONT-FAMILY: Verdana\"><o:p><\/o:p><\/span> <\/p>\n<p class=MsoNormal style=\"MARGIN: 0cm 0cm 0pt; TEXT-ALIGN: justify\">\n<p class=MsoNormal style=\"MARGIN: 0cm 0cm 0pt; TEXT-ALIGN: justify\">\n<p class=MsoNormal style=\"MARGIN: 0cm 0cm 0pt; TEXT-ALIGN: justify\">\n<p class=MsoNormal style=\"MARGIN: 0cm 0cm 0pt; TEXT-ALIGN: justify\">\n<p class=MsoNormal style=\"MARGIN: 0cm 0cm 0pt; TEXT-ALIGN: justify\"><span style=\"FONT-SIZE: 10pt; COLOR: navy; FONT-FAMILY: Verdana\">Michael Schumacher ser\u00e1 un grande de <st1:personname ProductID=\"la F\u00f3rmula\" w:st=\"on\">la F\u00f3rmula<\/st1:personname> 1. Alberga 7 t\u00edtulos mundiales e infinidad de victorias, poles y podios, pero nunca ser\u00e1 un gran campe\u00f3n. Que no espere que desde este humilde blog, quien suscribe saque su mejor botella de LOCH LOMOND para brindar por \u00e9l. Nadie ha olvidado a\u00fan <\/span><span style=\"FONT-SIZE: 10pt; COLOR: navy; FONT-FAMILY: Verdana; mso-bidi-font-family: Arial\">que consigui\u00f3 su primer mundial en 1994 tras colisionar contra su rival Damon Hill, e intent\u00f3 ganar un segundo haciendo lo propio con <\/span><span style=\"FONT-SIZE: 10.5pt; COLOR: #666666; FONT-FAMILY: Arial\"><span style=\"mso-spacerun: yes\"><\/span><\/span><span style=\"FONT-SIZE: 10pt; COLOR: navy; FONT-FAMILY: Verdana; mso-bidi-font-family: Arial\">el canadiense Jacques Villeneuve.<\/span><\/p>\n<p> <span style=\"FONT-SIZE: 10pt; COLOR: navy; FONT-FAMILY: Verdana; mso-bidi-font-family: Arial\"><\/span> <\/p>\n<p> <span style=\"FONT-SIZE: 10pt; COLOR: navy; FONT-FAMILY: Verdana; mso-bidi-font-family: Arial\"><\/span> <\/p>\n<p> <span style=\"FONT-SIZE: 10pt; COLOR: navy; FONT-FAMILY: Verdana; mso-bidi-font-family: Arial\"><\/span> <\/p>\n<p> <span style=\"FONT-SIZE: 10pt; COLOR: navy; FONT-FAMILY: Verdana; mso-bidi-font-family: Arial\"><\/span> <\/p>\n<p> <span style=\"FONT-SIZE: 10pt; COLOR: navy; FONT-FAMILY: Verdana; mso-bidi-font-family: Arial\"><o:p><\/o:p><\/span> <\/p>\n<p class=MsoNormal style=\"MARGIN: 0cm 0cm 0pt; TEXT-ALIGN: justify\">\n<p class=MsoNormal style=\"MARGIN: 0cm 0cm 0pt; TEXT-ALIGN: justify\"><span style=\"FONT-SIZE: 10pt; COLOR: navy; FONT-FAMILY: Verdana; mso-bidi-font-family: Arial\"><o:p><\/o:p><\/span><\/p>\n<p class=MsoNormal style=\"MARGIN: 0cm 0cm 0pt; TEXT-ALIGN: justify\"><span style=\"FONT-SIZE: 10pt; COLOR: navy; FONT-FAMILY: Verdana; mso-bidi-font-family: Arial\">Su rival de anta\u00f1o, Damon Hill, regal\u00f3 una gran frase para la historia que me gustar\u00eda compartir con todos ustedes para acabar: <span style=\"mso-spacerun: yes\"><\/span>&#8220;hay dos cosas que diferencian a Michael Schumacher del resto de los pilotos, su talento y su actitud&#8221;. De su talento me quedo con todo. Su actitud lamentablemente deja mucho que desear. Haznos un favor a los aficionados Michael. Ret\u00edrate, esta vez de verdad.<\/span><span style=\"FONT-SIZE: 10pt; COLOR: navy; FONT-FAMILY: Verdana\"><o:p><\/o:p><\/span><\/p>\n<!-- AddThis Advanced Settings generic via filter on the_content --><!-- AddThis Share Buttons generic via filter on the_content -->","protected":false},"excerpt":{"rendered":"<p>Tal y como reza la cabecera del art\u00edculo de hoy, podemos afirmar que \u201c< ?xml:namespace prefix = st1 ns = \"urn:schemas-microsoft-com:office:smarttags\" \/>La Ira es una locura breve\u201d. Yo no s\u00e9 si lo de Michael Schumacher ser\u00e1 cosa de la Ira, de la locura o de la mala leche, que tenerla la tiene y mucha, y [&hellip;]<!-- AddThis Advanced Settings generic via filter on get_the_excerpt --><!-- AddThis Share Buttons generic via filter on get_the_excerpt --><\/p>\n","protected":false},"author":14,"featured_media":0,"comment_status":"open","ping_status":"closed","sticky":false,"template":"","format":"standard","meta":[],"categories":[5],"tags":[1515,1806,2639,3103,3108],"_links":{"self":[{"href":"https:\/\/blogs.hoy.es\/loch-lomond\/wp-json\/wp\/v2\/posts\/69"}],"collection":[{"href":"https:\/\/blogs.hoy.es\/loch-lomond\/wp-json\/wp\/v2\/posts"}],"about":[{"href":"https:\/\/blogs.hoy.es\/loch-lomond\/wp-json\/wp\/v2\/types\/post"}],"author":[{"embeddable":true,"href":"https:\/\/blogs.hoy.es\/loch-lomond\/wp-json\/wp\/v2\/users\/14"}],"replies":[{"embeddable":true,"href":"https:\/\/blogs.hoy.es\/loch-lomond\/wp-json\/wp\/v2\/comments?post=69"}],"version-history":[{"count":0,"href":"https:\/\/blogs.hoy.es\/loch-lomond\/wp-json\/wp\/v2\/posts\/69\/revisions"}],"wp:attachment":[{"href":"https:\/\/blogs.hoy.es\/loch-lomond\/wp-json\/wp\/v2\/media?parent=69"}],"wp:term":[{"taxonomy":"category","embeddable":true,"href":"https:\/\/blogs.hoy.es\/loch-lomond\/wp-json\/wp\/v2\/categories?post=69"},{"taxonomy":"post_tag","embeddable":true,"href":"https:\/\/blogs.hoy.es\/loch-lomond\/wp-json\/wp\/v2\/tags?post=69"}],"curies":[{"name":"wp","href":"https:\/\/api.w.org\/{rel}","templated":true}]}}