{"id":698,"date":"2012-02-08T13:35:54","date_gmt":"2012-02-08T12:35:54","guid":{"rendered":"http:\/\/blogs.hoy.es\/loch-lomond\/?p=698"},"modified":"2012-02-08T13:35:54","modified_gmt":"2012-02-08T12:35:54","slug":"preliminares-por-canal-extremadura-tv","status":"publish","type":"post","link":"https:\/\/blogs.hoy.es\/loch-lomond\/2012\/02\/08\/preliminares-por-canal-extremadura-tv\/","title":{"rendered":"Preliminares por Canal Extremadura TV"},"content":{"rendered":"<p>&nbsp;<\/p>\n<p>&nbsp;<\/p>\n<div id=\"attachment_700\" style=\"width: 674px\" class=\"wp-caption aligncenter\"><a href=\"\/loch-lomond\/wp-content\/uploads\/sites\/10\/2012\/02\/canal-extremadura-tv.jpg\"><img aria-describedby=\"caption-attachment-700\" loading=\"lazy\" class=\" wp-image-700\" title=\"canal-extremadura-tv\" src=\"\/loch-lomond\/wp-content\/uploads\/sites\/10\/2012\/02\/canal-extremadura-tv.jpg\" alt=\"Tampoco este a\u00f1o retransmitir\u00e1 Canal Extremadura TV las preliminares del Concurso de Murgas de Badajoz\" width=\"664\" height=\"764\" \/><\/a><p id=\"caption-attachment-700\" class=\"wp-caption-text\">Tampoco este a\u00f1o retransmitir\u00e1 Canal Extremadura TV las preliminares del Concurso de Murgas de Badajoz<\/p><\/div>\n<p>&nbsp;<\/p>\n<p><span style=\"color: #000000; font-size: medium;\">Parece mentira la de <strong>pacenses<\/strong>, y en general <strong>extreme\u00f1os<\/strong>, que <strong>aun no ha podido disfrutar de las divertidas murgas de la edici\u00f3n del Carnaval de Badajoz\u00a02012<\/strong>. \u00a0Algunos se preguntan <strong>para qu\u00e9 narices\u00a0disponemos de una televisi\u00f3n regional y para qu\u00e9 diablos ha servido que los Carnavales de Badajoz sean declarados Fiesta de\u00a0Inter\u00e9s Tur\u00edstico Nacional<\/strong>. <\/span><\/p>\n<p>&nbsp;<\/p>\n<p><span style=\"color: #000000; font-size: medium;\"><strong>Canal Extremadura TV por lo visto emitir\u00e1 las semifinales y la final<\/strong>, <strong>pero creo que se deber\u00eda haber realizado un esfuerzo y emitir tambi\u00e9n las preliminares<\/strong>.\u00a0 A los que por imposibilidad de acudir al <strong>L\u00f3pez de Ayala<\/strong> nos perdemos las actuaciones, y tenemos acceso de una u otra manera a <strong>Internet<\/strong>, nos consuela enormemente que <strong>HOY ofrezca las actuaciones a trav\u00e9s de su web digital<\/strong>. <\/span><\/p>\n<p>&nbsp;<\/p>\n<p><span style=\"color: #000000; font-size: medium;\">Lamentablemente <strong>no todos los ciudadanos disponen de estos servicios, y es una l\u00e1stima que se est\u00e9n perdiendo algo tan nuestro, tan divertido, y tan necesario como re\u00edrse con las murgas<\/strong>, algunas de las que, a pesar de que no acceder\u00e1n a las semifinales, ofrecen momentos divertidos y entra\u00f1ables, murgas adem\u00e1s que tambi\u00e9n tienen su corazoncito, sus amigos y sus familiares.<\/span><\/p>\n<p>&nbsp;<\/p>\n<a href=\"\/loch-lomond\/wp-content\/uploads\/sites\/10\/2012\/02\/los-murallitas-con-Anto\u00f1ita-de-fondo-en-las-preliminares-de-2012.jpg\"><img loading=\"lazy\" class=\" wp-image-701\" title=\"\"Los Murallitas\" con \"Anto\u00f1ita\" de fondo en las preliminares de 2012. \u00a1Esto no puede perd\u00e9rselo nadie! \u00a1Aunque sean preliminares!\" src=\"\/loch-lomond\/wp-content\/uploads\/sites\/10\/2012\/02\/los-murallitas-con-Anto\u00f1ita-de-fondo-en-las-preliminares-de-2012.jpg\" alt=\"\"Los Murallitas\" con \"Anto\u00f1ita\" de fondo en las preliminares de 2012. \u00a1Esto no puede perd\u00e9rselo nadie! \u00a1Aunque sean preliminares!\" width=\"498\" height=\"362\" \/><\/a>\n<p class=\"wp-caption-dt\">\n<p class=\"wp-caption-dd\">\n<p><span style=\"color: #000000; font-size: medium;\"><strong>No soy nadie para hablar de inter\u00e9s televisivo<\/strong>, pues desconozco todo lo relativo al proceso de producci\u00f3n as\u00ed como los costes, pero si a pesar del inter\u00e9s, no resulta rentable retransmitir las preliminares, <strong>creo que Canal Extremadura TV deber\u00eda de asumir el coste igualmente y ofrecer el concurso en su totalidad.<\/strong> <\/span><\/p>\n<p>&nbsp;<\/p>\n<p><span style=\"color: #000000; font-size: medium;\"><strong>\u00bfQu\u00e9 sentido tiene disponer de Canal Extremadura TV si hay que refugiarse en La Red para obtener aquello que deber\u00edamos disfrutar en nuestro canal regional?<\/strong> <\/span><\/p>\n<p>&nbsp;<\/p>\n<p><span style=\"color: #000000; font-size: medium;\">Se habla mucho en las empresas \u00faltimamente de <strong>la importancia de la atenci\u00f3n al cliente<\/strong>, m\u00e1xime en estos dif\u00edciles tiempos que corren. Siendo ben\u00e9volos, <strong>Canal Extremadura TV,\u00a0necesita mejorar este aspecto si pretende fidelizar una clientela habitual<\/strong>.<\/span><\/p>\n<p><span style=\"color: #000000; font-size: medium;\"><strong>Esta es mi opini\u00f3n\u2026y yo la comparto<\/strong>.<\/span><\/p>\n<!-- AddThis Advanced Settings generic via filter on the_content --><!-- AddThis Share Buttons generic via filter on the_content -->","protected":false},"excerpt":{"rendered":"<p>&nbsp; &nbsp; &nbsp; Parece mentira la de pacenses, y en general extreme\u00f1os, que aun no ha podido disfrutar de las divertidas murgas de la edici\u00f3n del Carnaval de Badajoz\u00a02012. \u00a0Algunos se preguntan para qu\u00e9 narices\u00a0disponemos de una televisi\u00f3n regional y para qu\u00e9 diablos ha servido que los Carnavales de Badajoz sean declarados Fiesta de\u00a0Inter\u00e9s Tur\u00edstico [&hellip;]<!-- AddThis Advanced Settings generic via filter on get_the_excerpt --><!-- AddThis Share Buttons generic via filter on get_the_excerpt --><\/p>\n","protected":false},"author":14,"featured_media":0,"comment_status":"open","ping_status":"closed","sticky":false,"template":"","format":"standard","meta":[],"categories":[5],"tags":[383,392,759,826,1515,1568,1776,1806,1889,1902,1990,2090,2096,2496,2621,2915,3103,3122,3846,4184,4188,4911],"_links":{"self":[{"href":"https:\/\/blogs.hoy.es\/loch-lomond\/wp-json\/wp\/v2\/posts\/698"}],"collection":[{"href":"https:\/\/blogs.hoy.es\/loch-lomond\/wp-json\/wp\/v2\/posts"}],"about":[{"href":"https:\/\/blogs.hoy.es\/loch-lomond\/wp-json\/wp\/v2\/types\/post"}],"author":[{"embeddable":true,"href":"https:\/\/blogs.hoy.es\/loch-lomond\/wp-json\/wp\/v2\/users\/14"}],"replies":[{"embeddable":true,"href":"https:\/\/blogs.hoy.es\/loch-lomond\/wp-json\/wp\/v2\/comments?post=698"}],"version-history":[{"count":0,"href":"https:\/\/blogs.hoy.es\/loch-lomond\/wp-json\/wp\/v2\/posts\/698\/revisions"}],"wp:attachment":[{"href":"https:\/\/blogs.hoy.es\/loch-lomond\/wp-json\/wp\/v2\/media?parent=698"}],"wp:term":[{"taxonomy":"category","embeddable":true,"href":"https:\/\/blogs.hoy.es\/loch-lomond\/wp-json\/wp\/v2\/categories?post=698"},{"taxonomy":"post_tag","embeddable":true,"href":"https:\/\/blogs.hoy.es\/loch-lomond\/wp-json\/wp\/v2\/tags?post=698"}],"curies":[{"name":"wp","href":"https:\/\/api.w.org\/{rel}","templated":true}]}}