{"id":702,"date":"2012-02-12T17:18:51","date_gmt":"2012-02-12T16:18:51","guid":{"rendered":"http:\/\/blogs.hoy.es\/loch-lomond\/?p=702"},"modified":"2012-02-12T17:18:51","modified_gmt":"2012-02-12T16:18:51","slug":"muertos-de-hambre","status":"publish","type":"post","link":"https:\/\/blogs.hoy.es\/loch-lomond\/2012\/02\/12\/muertos-de-hambre\/","title":{"rendered":"Muertos de hambre"},"content":{"rendered":"<p>&nbsp;<\/p>\n<p>Enrique Falc\u00f3. Cada vez m\u00e1s esc\u00e9ptico<\/p>\n<p>&nbsp;<\/p>\n<div id=\"attachment_704\" style=\"width: 310px\" class=\"wp-caption alignnone\"><a href=\"\/loch-lomond\/wp-content\/uploads\/sites\/10\/2012\/02\/Homer-no-pasa-lo-que-se-dice-hambre.gif\"><img aria-describedby=\"caption-attachment-704\" loading=\"lazy\" class=\"size-medium wp-image-704\" title=\"Homer no pasa lo que se dice hambre\" src=\"\/loch-lomond\/wp-content\/uploads\/sites\/10\/2012\/02\/Homer-no-pasa-lo-que-se-dice-hambre.gif\" alt=\"Homer no pasa lo que se dice hambre\" width=\"300\" height=\"278\" \/><\/a><p id=\"caption-attachment-704\" class=\"wp-caption-text\">Homer no pasa lo que se dice hambre<\/p><\/div>\n<p><span style=\"color: #000080;\">Existen palabras y frases, tan lamentables como crueles, que jam\u00e1s los seres humanos deber\u00edamos pronunciar, bajo pena de purgar tales culpas en las calderas del mism\u00edsimo Infierno. Se dicen muchas tonter\u00edas \u00faltimamente, frases o insultos que pueden volverse contra nosotros en cualquier momento. Cuanto m\u00e1s tras los dif\u00edciles tiempos que prodigamos, y peores que se avecinan. La tensi\u00f3n laboral traslada a la vida familiar, o a la vida en com\u00fan, lo peor de nosotros mismos, record\u00e1ndonos aquellas palabras de Tomas Hobbes &#8220;El hombre es un lobo para el hombre\u201d. Esta maldita crisis, o bofetada de dura realidad, nos est\u00e1 deshumanizando a pasos agigantados. Se mira al compa\u00f1ero de trabajo o a cualquier ciudadano con cierta desconfianza, sabedor de que en cualquier momento puede ocupar tu puesto de trabajo y desprenderte del pan de tu familia. Siempre parece haber alguien dispuesto a hacer lo mismo que t\u00fa, o incluso mejor, por menos cantidad. Para colmo, nuestros dirigentes y los Sindicatos nos siguen haciendo la cama agravando a\u00fan m\u00e1s la situaci\u00f3n con la desesperanzadora reforma laboral. Con toda mi cultura adquirida hasta la fecha, a base de libros y peri\u00f3dicos, mi paso por el <a title=\"General Navarro\" href=\"https:\/\/blogs.hoy.es\/loch-lomond\/2010\/06\/20\/general-navarro\/\" target=\"_blank\">colegio<\/a>, <a title=\"Adi\u00f3s Muchachos\" href=\"https:\/\/blogs.hoy.es\/loch-lomond\/2011\/04\/07\/adios-muchachos\/\" target=\"_blank\">el Instituto Zurbar\u00e1n de Badajoz<\/a>, y la Universidad de Extremadura, con la consiguiente carrera a\u00f1adida, aun no acabo de averiguar el porqu\u00e9 de una nueva reforma que se va a traducir en numerosos e inminentes despidos. Nunca comprender\u00e9 aquello de que abaratar el despido signifique m\u00e1s puestos de trabajo. Debe tratarse m\u00e1s bien de algo parecido a lo que mis amigos de la murga pacense, <a title=\"Los Murallitas\" href=\"https:\/\/blogs.hoy.es\/loch-lomond\/2011\/08\/19\/si-l-o-g-s-e-no-vengo-los-murallitas\/\" target=\"_blank\">Los Murallitas<\/a>, cantaban hace unos d\u00edas en los preliminares del concurso de murgas del carnaval de Badajoz 2012 (<a title=\"Preliminares por Canal Extremadura TV\" href=\"https:\/\/blogs.hoy.es\/loch-lomond\/2012\/02\/08\/preliminares-por-canal-extremadura-tv\/\" target=\"_blank\">preliminares del concurso que por cierto no se ha molestado Canal Extremadura en emitir<\/a>, algo incomprensible a pesar de ser de gran inter\u00e9s para un buen n\u00famero de extreme\u00f1os). El famoso 3 x 1 lo llamaban ellos. \u00a1Qu\u00e9 lo que antes hac\u00edan tres trabajadores con un sueldo digno ahora lo hace uno, y por bastante menos dinero oiga! \u00a1Qu\u00e9 est\u00e1 todo pensado! \u00a1As\u00ed ma\u00f1ana monto yo una empresa no te joroba! A los sindicatos se les han acabado las ideas y muestran su total incompetencia, demostrando una vez m\u00e1s que lo \u00fanico que saben hacer es convocar manifestaciones de desprop\u00f3sitos. Me consuela pensar, que con la reforma en la mano, igual podemos largar tambi\u00e9n a m\u00e1s de un pol\u00edtico in\u00fatil con n\u00f3minas de tres ceros y contratar a algunos nuevos, mileuristas por supuesto, como la gran mayor\u00eda de los ciudadanos, de los que se pueden permitir el lujo aun de trabajar, claro.<\/span><\/p>\n<p><span style=\"color: #000080;\"><a href=\"\/loch-lomond\/wp-content\/uploads\/sites\/10\/2012\/02\/Homer-vagabundo.jpg\"><img loading=\"lazy\" class=\"alignnone size-medium wp-image-705\" title=\"Homer vagabundo\" src=\"\/loch-lomond\/wp-content\/uploads\/sites\/10\/2012\/02\/Homer-vagabundo.jpg\" alt=\"\" width=\"300\" height=\"225\" srcset=\"https:\/\/static-blogs.hoy.es\/wp-content\/uploads\/sites\/10\/2012\/02\/Homer-vagabundo.jpg 500w, https:\/\/static-blogs.hoy.es\/wp-content\/uploads\/sites\/10\/2012\/02\/Homer-vagabundo-300x225.jpg 300w\" sizes=\"(max-width: 300px) 100vw, 300px\" \/><\/a><\/span><\/p>\n<p><span style=\"color: #000080;\">En fin. El menda sigue siendo de la opini\u00f3n de que todo esto no hace m\u00e1s que favorecer al empresario de turno, que no ya contento con la situaci\u00f3n actual, se dedica a hacer le\u00f1a del \u00e1rbol ca\u00eddo, y a\u00fan a sabiendas de que pr\u00e1cticamente la situaci\u00f3n de sus empleados roza la ilegalidad, con la excusa de la crisis obliga a parte de ellos a desempe\u00f1ar tanto horas extras como funciones que no corresponden a la categor\u00eda y cuanto menos al sueldo del empleado.<\/span><\/p>\n<p><span style=\"color: #000080;\">\u00daltimamente existen insultos que deber\u00edan obviarse m\u00e1s que nunca por aquello de los tiempos que corren. \u00bfComo se puede llamar a una persona muerto de hambre? De coraz\u00f3n opino que quien pronuncie esta frase realmente no es consciente de lo que dice, o bien la expresa en un tono de amable cachondeo. No ha de existir m\u00e1s miseria que aquella de pasar necesidad, como para que encima te lo echen en cara y te tengas que avergonzar por ello. Siempre he pensado que nadie se mor\u00eda de hambre en este pa\u00eds, pero \u00faltimamente me asalta la duda. Se barajan cifras terribles de miles de puestos de trabajos perdidos cada d\u00eda, y se escuchan voces de alarma de varias asociaciones y ONG advirtiendo de que en los bancos de alimentos, o en los comedores sociales, no se puede atender ya a tantos como acuden. Miramos hacia otro lado. Nos llevar\u00edamos las manos a la cabeza si salieran a la luz los casos de los vecinos del cuarto b, en donde todos los miembros de la familia se encuentran en paro y viven de los 400 euros de la pensi\u00f3n de la abuela, o de aquel compa\u00f1ero que largaron del tajo hace dos a\u00f1os y que no tiene ya donde caerse muerto porque le embargaron su hogar. Pasar hambre, adem\u00e1s de horrible, es causa de producir mofa y befa en estos miserables d\u00edas, y existen para quienes el orgullo es m\u00e1s fuerte que el dolor de est\u00f3mago.<\/span><\/p>\n<p><span style=\"color: #000080;\">\u00a1Se levanta la veda se\u00f1ores! \u00a1Mariquita el \u00faltimo! \u00a1Van a llover puestos de trabajo para todos! \u00a1Eso s\u00ed, a qu\u00e9 precio! Muy pronto podremos encontrarnos tirados en cualquier esquina a esos directivos o jefes del curro que tanto odiamos y que cobran demasiado por no hacer nada. Dentro de poco les echar\u00e1n por dos duros y con el sueldo que les pagaban contratar\u00e1n a 3 \u00f3 4 que cobrar\u00e1n 700 euros al mes y podr\u00e1n subsistir. Cualquier d\u00eda nos reiremos de ellos y escupiremos por nuestras bocazas frases como \u201cM\u00edralo, es un muerto de hambre\u201d y nos quedaremos tan tranquilos. \u201cHomo homini lupus\u201d.<\/span><\/p>\n<p><em>Publicado en Diario HOY el 12\/02\/2012<\/em><\/p>\n<p><a href=\"http:\/\/lector.kioskoymas.com\/epaper\/showlink.aspx?bookmarkid=AQB6B9DWDIL2&#038;preview=magnifier&#038;linkid=8af8b932-cc7e-4a0b-8f0b-573865f32a6f&#038;pdaffid=1NEHCXDv4QZRFanP7KJR9A%3d%3d\"><img src=\"\/\/cache2-thumb1.pressdisplay.com\/pressdisplay\/docserver\/getimage.aspx?file=22012012021200000000001001&#038;page=34&#038;scale=23\" alt=\"\" \/><\/a><\/p>\n<!-- AddThis Advanced Settings generic via filter on the_content --><!-- AddThis Share Buttons generic via filter on the_content -->","protected":false},"excerpt":{"rendered":"<p>&nbsp; Enrique Falc\u00f3. Cada vez m\u00e1s esc\u00e9ptico &nbsp; Existen palabras y frases, tan lamentables como crueles, que jam\u00e1s los seres humanos deber\u00edamos pronunciar, bajo pena de purgar tales culpas en las calderas del mism\u00edsimo Infierno. Se dicen muchas tonter\u00edas \u00faltimamente, frases o insultos que pueden volverse contra nosotros en cualquier momento. Cuanto m\u00e1s tras los [&hellip;]<!-- AddThis Advanced Settings generic via filter on get_the_excerpt --><!-- AddThis Share Buttons generic via filter on get_the_excerpt --><\/p>\n","protected":false},"author":14,"featured_media":0,"comment_status":"open","ping_status":"closed","sticky":false,"template":"","format":"standard","meta":[],"categories":[8],"tags":[44,45,74,373,680,759,826,1079,1232,1415,1416,1439,1471,1515,1652,1775,1806,2382,2465,2611,2617,3103,3161,3284,3491,3581,3602,3646,3794,3797,3915,3916,4126,4185,4285,4407,4711,4925,5026,5082,5084,5142],"_links":{"self":[{"href":"https:\/\/blogs.hoy.es\/loch-lomond\/wp-json\/wp\/v2\/posts\/702"}],"collection":[{"href":"https:\/\/blogs.hoy.es\/loch-lomond\/wp-json\/wp\/v2\/posts"}],"about":[{"href":"https:\/\/blogs.hoy.es\/loch-lomond\/wp-json\/wp\/v2\/types\/post"}],"author":[{"embeddable":true,"href":"https:\/\/blogs.hoy.es\/loch-lomond\/wp-json\/wp\/v2\/users\/14"}],"replies":[{"embeddable":true,"href":"https:\/\/blogs.hoy.es\/loch-lomond\/wp-json\/wp\/v2\/comments?post=702"}],"version-history":[{"count":0,"href":"https:\/\/blogs.hoy.es\/loch-lomond\/wp-json\/wp\/v2\/posts\/702\/revisions"}],"wp:attachment":[{"href":"https:\/\/blogs.hoy.es\/loch-lomond\/wp-json\/wp\/v2\/media?parent=702"}],"wp:term":[{"taxonomy":"category","embeddable":true,"href":"https:\/\/blogs.hoy.es\/loch-lomond\/wp-json\/wp\/v2\/categories?post=702"},{"taxonomy":"post_tag","embeddable":true,"href":"https:\/\/blogs.hoy.es\/loch-lomond\/wp-json\/wp\/v2\/tags?post=702"}],"curies":[{"name":"wp","href":"https:\/\/api.w.org\/{rel}","templated":true}]}}