{"id":708,"date":"2012-02-15T01:48:56","date_gmt":"2012-02-15T00:48:56","guid":{"rendered":"http:\/\/blogs.hoy.es\/loch-lomond\/?p=708"},"modified":"2012-02-15T01:48:56","modified_gmt":"2012-02-15T00:48:56","slug":"cajas-y-bombos-del-carnaval","status":"publish","type":"post","link":"https:\/\/blogs.hoy.es\/loch-lomond\/2012\/02\/15\/cajas-y-bombos-del-carnaval\/","title":{"rendered":"Cajas y bombos del Carnaval"},"content":{"rendered":"<p>&nbsp;<\/p>\n<a href=\"\/loch-lomond\/wp-content\/uploads\/sites\/10\/2012\/02\/bombo-y-caja-de-murgas-un-matrimonio-bien-avenido.png\"><img loading=\"lazy\" class=\"size-full wp-image-710\" title=\"bombo y caja de murgas un matrimonio bien avenido\" src=\"\/loch-lomond\/wp-content\/uploads\/sites\/10\/2012\/02\/bombo-y-caja-de-murgas-un-matrimonio-bien-avenido.png\" alt=\"Carlos Casta\u00f1o (Caja) y Carlos S\u00e1nchez-Cort\u00e9s (Bombo) m\u00e1s conocidos a este lado del Guadiana como \"Kasta\u00f1o\" y \"El Chungo\" de la Murga \"Los Water\" en una foto tomada en Septiembre de 2009. Bombo y Caja de murgas, un matrimonio necesariamente bien avenido\" width=\"295\" height=\"334\" srcset=\"https:\/\/static-blogs.hoy.es\/wp-content\/uploads\/sites\/10\/2012\/02\/bombo-y-caja-de-murgas-un-matrimonio-bien-avenido.png 295w, https:\/\/static-blogs.hoy.es\/wp-content\/uploads\/sites\/10\/2012\/02\/bombo-y-caja-de-murgas-un-matrimonio-bien-avenido-265x300.png 265w\" sizes=\"(max-width: 295px) 100vw, 295px\" \/><\/a>\n<div class=\"mceTemp\"><\/div>\n<div class=\"mceTemp\"><\/div>\n<div class=\"mceTemp\"><span style=\"color: #000000; font-size: medium;\">No es la primera vez que reivindico p\u00fablicamente el <strong>excelente trabajo que ejecutan los percusionistas de las murgas<\/strong>, trabajo que parece ser invisible para la mayor\u00eda, a diferencia por ejemplo de <strong>los percusionistas de las comparsas<\/strong>, aunque bien es cierto que <strong>una cosa no tiene nada que ver con la otra<\/strong>, y que <strong>ambos ejecutan su arte con gran tino y acierto<\/strong>. <\/span><\/div>\n<div class=\"mceTemp\"><\/div>\n<div class=\"mceTemp\">\n<a href=\"\/loch-lomond\/wp-content\/uploads\/sites\/10\/2012\/02\/Bombo-rompiendo-la-maza2.jpg\"><img loading=\"lazy\" class=\"size-full wp-image-716\" title=\"Bombo rompiendo la maza\" src=\"\/loch-lomond\/wp-content\/uploads\/sites\/10\/2012\/02\/Bombo-rompiendo-la-maza2.jpg\" alt=\"El Bombo de \"Ese es el Esp\u00edritu\" rompiendo la maza en plena actuaci\u00f3n. Se le nota que toca con ganas. \u00a1Cosas del directo! Foto de Alcintas de la p\u00e1gina Recortes de Serpentina\" width=\"300\" height=\"400\" srcset=\"https:\/\/static-blogs.hoy.es\/wp-content\/uploads\/sites\/10\/2012\/02\/Bombo-rompiendo-la-maza2.jpg 300w, https:\/\/static-blogs.hoy.es\/wp-content\/uploads\/sites\/10\/2012\/02\/Bombo-rompiendo-la-maza2-225x300.jpg 225w\" sizes=\"(max-width: 300px) 100vw, 300px\" \/><\/a>\n<p class=\"wp-caption-dd\">\n<p><span style=\"color: #000000; font-size: medium;\">\u00a0\u00a0<\/span><\/p>\n<p>&nbsp;<\/p>\n<p><span style=\"color: #000000; font-size: medium;\">\u00a0Cuando era peque\u00f1o <strong>el sonido de los ritmos de las comparsas me volv\u00eda loco,<\/strong> y contaba los d\u00edas que faltaban para presenciar la tamborada, mientras que <strong>a las cajas de las murgas apenas les prestaba una atenci\u00f3n anecd\u00f3tica<\/strong>. <\/span><\/p>\n<p>&nbsp;<\/p>\n<p><span style=\"color: #000000; font-size: medium;\">Quiz\u00e1s haya sido la imposibilidad de sorprender de las comparsas a lo largo de los a\u00f1os (algo realmente complicado por otra parte), y la <strong>gran evoluci\u00f3n de las murgas<\/strong>, lo que ha provocado con el paso del tiempo\u00a0este intercambio de gustos e intereses. <\/span><\/p>\n<p>&nbsp;<\/p>\n<p>&nbsp;<\/p>\n<div id=\"attachment_711\" style=\"width: 310px\" class=\"wp-caption alignnone\"><\/p><\/div>\n<p class=\"wp-caption-dd\">\n<p>&nbsp;<\/p>\n<div class=\"mceTemp\">\n<dl id=\"attachment_711\" class=\"wp-caption alignright\" style=\"width: 310px;\">\n<dt class=\"wp-caption-dt\"><a href=\"\/loch-lomond\/wp-content\/uploads\/sites\/10\/2012\/02\/Caja_y_Bombo-siempre-juntos.jpg\"><img aria-describedby=\"caption-attachment-711\" loading=\"lazy\" class=\"size-medium wp-image-711\" title=\"Caja_y_Bombo siempre juntos\" src=\"\/loch-lomond\/wp-content\/uploads\/sites\/10\/2012\/02\/Caja_y_Bombo-siempre-juntos.jpg\" alt=\"Caja y Bombo siempre juntos\" width=\"300\" height=\"297\" srcset=\"https:\/\/static-blogs.hoy.es\/wp-content\/uploads\/sites\/10\/2012\/02\/Caja_y_Bombo-siempre-juntos.jpg 512w, https:\/\/static-blogs.hoy.es\/wp-content\/uploads\/sites\/10\/2012\/02\/Caja_y_Bombo-siempre-juntos-150x150.jpg 150w, https:\/\/static-blogs.hoy.es\/wp-content\/uploads\/sites\/10\/2012\/02\/Caja_y_Bombo-siempre-juntos-300x298.jpg 300w\" sizes=\"(max-width: 300px) 100vw, 300px\" \/><\/a><p id=\"caption-attachment-711\" class=\"wp-caption-text\">Caja y Bombo siempre juntos<\/p><\/div>\n<p><span style=\"color: #000000; font-size: medium;\">Sigo insistiendo en que <strong>a los cajas y bombos de las murgas no se les valora ni se les presta tanta atenci\u00f3n como a las voces, o por ejemplo a los guitarristas, o incluso\u00a0a sus propios colegas percusionistas de las comparsas<\/strong>. <\/span><\/p>\n<p>&nbsp;<\/p>\n<p><span style=\"color: #000000; font-size: medium;\">Casi nunca se escucha un comentario positivo entre los presentadores y tertulianos de los programas de carnaval, pasando desapercibido tambi\u00e9n para los cr\u00edticos. <\/span><\/p>\n<p>&nbsp;<\/p>\n<p class=\"wp-caption-dt\">\n<div id=\"attachment_712\" style=\"width: 160px\" class=\"wp-caption alignleft\"><a href=\"\/loch-lomond\/wp-content\/uploads\/sites\/10\/2012\/02\/baterista.jpg\"><img aria-describedby=\"caption-attachment-712\" loading=\"lazy\" class=\"size-thumbnail wp-image-712\" title=\"baterista\" src=\"\/loch-lomond\/wp-content\/uploads\/sites\/10\/2012\/02\/baterista.jpg\" alt=\"M\u00e1s que un bombo y una caja, la murgas parecen contar con una bater\u00eda completa gracias a la habilidad y coordinaci\u00f3n de los cajas y bombos\" width=\"150\" height=\"150\" \/><\/a><p id=\"caption-attachment-712\" class=\"wp-caption-text\">M\u00e1s que un bombo y una caja, la murgas parecen contar con una bater\u00eda completa gracias a la habilidad y coordinaci\u00f3n de los cajas y bombos<\/p><\/div>\n<p class=\"wp-caption-dt\">\n<p class=\"wp-caption-dd\"><span style=\"color: #000000; font-size: medium;\">\u00a0Es por ello que una vez m\u00e1s <strong>rompo una lanza en su favor<\/strong> y brindo hoy por ellos, por <strong>los bombos y cajas de las murgas<\/strong>,\u00a0con mi mejor LOCH LOMOND, y les animo, por supuesto, a todos ustedes, a que <strong>no pierdan de vista su fenomenal trabajo<\/strong>, llevando el tiempo, marcando los cambios y los finales, formando caja y bombo una sola bater\u00eda donde hay espacio para todos los ritmos imaginables, con su bombo, hit hat, redobles de tam tam y platillazos finales. <\/span><\/p>\n<p>&nbsp;<\/p>\n<p class=\"wp-caption-dt\">\n<p class=\"wp-caption-dd\">\n<p><span style=\"color: #000000; font-size: medium;\">\u00a0<\/span><\/p>\n<div id=\"attachment_715\" style=\"width: 160px\" class=\"wp-caption alignright\"><a href=\"\/loch-lomond\/wp-content\/uploads\/sites\/10\/2012\/02\/bombo-y-caja-de-Los-Ni\u00f1os.jpg\"><img aria-describedby=\"caption-attachment-715\" loading=\"lazy\" class=\"size-thumbnail wp-image-715\" title=\"bombo y caja de Los Ni\u00f1os\" src=\"\/loch-lomond\/wp-content\/uploads\/sites\/10\/2012\/02\/bombo-y-caja-de-Los-Ni\u00f1os.jpg\" alt=\"Bombo y Caja de Los Ni\u00f1os en los preliminares del Carnaval de Badajoz 2012. Foto de Alcintas de la p\u00e1gina Recortes de Serpentina\" width=\"150\" height=\"150\" \/><\/a><p id=\"caption-attachment-715\" class=\"wp-caption-text\">Bombo y Caja de Los Ni\u00f1os en los preliminares del Carnaval de Badajoz 2012. Foto de Alcintas de la p\u00e1gina Recortes de Serpentina<\/p><\/div>\n<p>&nbsp;<\/p>\n<p>&nbsp;<\/p>\n<p><span style=\"color: #000000; font-size: medium;\">\u00c9chenles una miradita de vez en cuando, <strong>descubran como se lo curran<\/strong>, e imaginen que ser\u00eda del resultado final sin su <strong>habilidad, coordinaci\u00f3n y sentido del ritmo<\/strong>.\u00a0 A ver si este a\u00f1o <strong>los realizadores y c\u00e1maras<\/strong> de <a title=\"preliminares por Canal Extremadura TV\" href=\"https:\/\/blogs.hoy.es\/loch-lomond\/2012\/02\/08\/preliminares-por-canal-extremadura-tv\/\" target=\"_blank\"><span style=\"color: #000000;\">Canal Extremadura TV <\/span><\/a>\u00a0les echan una mano <strong>ofreciendo de vez en cuando im\u00e1genes de sus mejores momentos<\/strong>\u2026 <a title=\"Canal Extremadura ningunea al carnaval\" href=\"http:\/\/ducadodelima.blogspot.com\/2012\/02\/canal-extremadura-ningunea-al-carnaval.html\" target=\"_blank\"><span style=\"color: #000000;\">aunque sea en diferido<\/span><\/a>. <\/span><\/p>\n<p>&nbsp;<\/p>\n<p style=\"text-align: center;\"><span style=\"color: #000000; font-size: medium;\"><strong>Esta es mi opini\u00f3n\u2026 y yo la comparto<\/strong>.<\/span><\/p>\n<p>&nbsp;<\/p>\n<\/dt>\n<\/dl>\n<\/div>\n<!-- AddThis Advanced Settings generic via filter on the_content --><!-- AddThis Share Buttons generic via filter on the_content -->","protected":false},"excerpt":{"rendered":"<p>&nbsp; No es la primera vez que reivindico p\u00fablicamente el excelente trabajo que ejecutan los percusionistas de las murgas, trabajo que parece ser invisible para la mayor\u00eda, a diferencia por ejemplo de los percusionistas de las comparsas, aunque bien es cierto que una cosa no tiene nada que ver con la otra, y que ambos [&hellip;]<!-- AddThis Advanced Settings generic via filter on get_the_excerpt --><!-- AddThis Share Buttons generic via filter on get_the_excerpt --><\/p>\n","protected":false},"author":14,"featured_media":0,"comment_status":"open","ping_status":"closed","sticky":false,"template":"","format":"standard","meta":[],"categories":[5],"tags":[61,65,505,605,699,701,730,759,809,817,822,826,831,1061,1110,1175,1244,1515,1613,1806,1902,1919,1929,2114,2366,2374,2452,2826,3103,3182,3603,3992,3993,3994,4096,4097,4244,4369,4396,4487,4489,4864,4868,4937,4970,4983,5291],"_links":{"self":[{"href":"https:\/\/blogs.hoy.es\/loch-lomond\/wp-json\/wp\/v2\/posts\/708"}],"collection":[{"href":"https:\/\/blogs.hoy.es\/loch-lomond\/wp-json\/wp\/v2\/posts"}],"about":[{"href":"https:\/\/blogs.hoy.es\/loch-lomond\/wp-json\/wp\/v2\/types\/post"}],"author":[{"embeddable":true,"href":"https:\/\/blogs.hoy.es\/loch-lomond\/wp-json\/wp\/v2\/users\/14"}],"replies":[{"embeddable":true,"href":"https:\/\/blogs.hoy.es\/loch-lomond\/wp-json\/wp\/v2\/comments?post=708"}],"version-history":[{"count":0,"href":"https:\/\/blogs.hoy.es\/loch-lomond\/wp-json\/wp\/v2\/posts\/708\/revisions"}],"wp:attachment":[{"href":"https:\/\/blogs.hoy.es\/loch-lomond\/wp-json\/wp\/v2\/media?parent=708"}],"wp:term":[{"taxonomy":"category","embeddable":true,"href":"https:\/\/blogs.hoy.es\/loch-lomond\/wp-json\/wp\/v2\/categories?post=708"},{"taxonomy":"post_tag","embeddable":true,"href":"https:\/\/blogs.hoy.es\/loch-lomond\/wp-json\/wp\/v2\/tags?post=708"}],"curies":[{"name":"wp","href":"https:\/\/api.w.org\/{rel}","templated":true}]}}