{"id":718,"date":"2012-02-19T17:53:40","date_gmt":"2012-02-19T16:53:40","guid":{"rendered":"http:\/\/blogs.hoy.es\/loch-lomond\/?p=718"},"modified":"2012-02-19T17:53:40","modified_gmt":"2012-02-19T16:53:40","slug":"con-animo-de-ofender","status":"publish","type":"post","link":"https:\/\/blogs.hoy.es\/loch-lomond\/2012\/02\/19\/con-animo-de-ofender\/","title":{"rendered":"Con \u00e1nimo de ofender"},"content":{"rendered":"<p>Enrique Falc\u00f3. Cabreado<\/p>\n<p>&nbsp;<\/p>\n<div class=\"mceTemp\">\n<div id=\"attachment_721\" style=\"width: 310px\" class=\"wp-caption alignnone\"><a href=\"\/loch-lomond\/wp-content\/uploads\/sites\/10\/2012\/02\/23-f.jpg\"><img aria-describedby=\"caption-attachment-721\" loading=\"lazy\" class=\"size-medium wp-image-721\" title=\"23-f\" src=\"\/loch-lomond\/wp-content\/uploads\/sites\/10\/2012\/02\/23-f.jpg\" alt=\"\u00a1Hasta las narices de recordar el maldito 23 F!\" width=\"300\" height=\"210\" srcset=\"https:\/\/static-blogs.hoy.es\/wp-content\/uploads\/sites\/10\/2012\/02\/23-f.jpg 400w, https:\/\/static-blogs.hoy.es\/wp-content\/uploads\/sites\/10\/2012\/02\/23-f-300x210.jpg 300w\" sizes=\"(max-width: 300px) 100vw, 300px\" \/><\/a><p id=\"caption-attachment-721\" class=\"wp-caption-text\">\u00a1Hasta las narices de recordar el maldito 23 F!<\/p><\/div>\n<\/div>\n<p><span style=\"color: #000080;\">Aunque estemos metidos ya de lleno en la magia del <a title=\"cajas y bombos del carnaval\" href=\"https:\/\/blogs.hoy.es\/loch-lomond\/2012\/02\/15\/cajas-y-bombos-del-carnaval\/\" target=\"_blank\">Carnaval<\/a>, habi\u00e9ndolo gozado con la divertid\u00edsima final del concurso de murgas de Badajoz (por fin en directo por <a title=\"preliminares por canal extremadura tv\" href=\"https:\/\/blogs.hoy.es\/loch-lomond\/2012\/02\/08\/preliminares-por-canal-extremadura-tv\/\" target=\"_blank\">Canal Extremadura TV<\/a>) y dispuestos a acudir en un rato al interminable desfile de comparsas, no podemos olvidar que dentro de 4 d\u00edas, el 23 de febrero, Espa\u00f1a recordar\u00e1 una vez m\u00e1s un hecho que se antoja de especial importancia para muchos. Como todos ustedes podr\u00e1n adivinar, me estoy refiriendo, por supuesto, al nacimiento de <a title=\"Mikel Erentxun (Esta luz nunca se apagar\u00e1)\" href=\"https:\/\/blogs.hoy.es\/loch-lomond\/2010\/10\/22\/esta-luz-nunca-se-apagara\/\" target=\"_blank\">Mikel Erentxun<\/a>, el famoso cantante donostiarra, quien otrora fuera el principal vocalista del maravilloso grupo de pop espa\u00f1ol Duncan Dhu. No s\u00e9 en que estar\u00edan pensando ustedes, pero por Dios, que no nos vuelvan a bombardear con especiales del Golpe de Estado del 23F, que adem\u00e1s de ser los mismos cada a\u00f1o no tienen ya nada nuevo que aportar. De acuerdo que es un momento de nuestra noble historia digno de ser recordado, para no olvidar especialmente, pero cuando un tema est\u00e1 tan agotado y gastado, lo mejor es dejarlo correr, y no seguir apretando cual bote de K\u00e9tchup casi extinto, apurando y exprimiendo por si sale una gotita m\u00e1s.<\/span><\/p>\n<p>&nbsp;<\/p>\n<div id=\"attachment_719\" style=\"width: 307px\" class=\"wp-caption alignnone\"><a href=\"\/loch-lomond\/wp-content\/uploads\/sites\/10\/2012\/02\/mikel-erentxun-24-golpes-lanzamiento.jpg\"><img aria-describedby=\"caption-attachment-719\" loading=\"lazy\" class=\"size-medium wp-image-719\" title=\"mikel-erentxun-24-golpes-lanzamiento\" src=\"\/loch-lomond\/wp-content\/uploads\/sites\/10\/2012\/02\/mikel-erentxun-24-golpes-lanzamiento.jpg\" alt=\"Mi admirado Mikel Erentxun naci\u00f3 un 23 F. \u00a1Menudo Cumplea\u00f1os debi\u00f3 pasar en el 81!\" width=\"297\" height=\"300\" srcset=\"https:\/\/static-blogs.hoy.es\/wp-content\/uploads\/sites\/10\/2012\/02\/mikel-erentxun-24-golpes-lanzamiento.jpg 595w, https:\/\/static-blogs.hoy.es\/wp-content\/uploads\/sites\/10\/2012\/02\/mikel-erentxun-24-golpes-lanzamiento-298x300.jpg 298w\" sizes=\"(max-width: 297px) 100vw, 297px\" \/><\/a><p id=\"caption-attachment-719\" class=\"wp-caption-text\">Mi admirado Mikel Erentxun naci\u00f3 un 23 F. \u00a1Menudo Cumplea\u00f1os debi\u00f3 pasar en el 81!<\/p><\/div>\n<p>&nbsp;<\/p>\n<p><span style=\"color: #000080;\">No tenemos el cuerpo para muchas celebraciones, aun as\u00ed prefiero celebrar el Carnaval que volver a recordar el 23 F. \u00a1Que pereza por Dios! Como dir\u00eda mi madre \u201cPa desgracias ya tenemos bastantes con las nuestras\u201d. Y hablando de desgracias, no s\u00e9 ustedes pero yo no llego, <a title=\"no llegamos\" href=\"https:\/\/blogs.hoy.es\/loch-lomond\/2011\/09\/05\/no-llegamos\/\" target=\"_blank\">\u00a1No llegamos!<\/a> Ya escrib\u00ed sobre ello en una ocasi\u00f3n. Ni los j\u00f3venes ni los de la generaci\u00f3n de Manuela Mart\u00edn, que seguro que ya est\u00e1 pensando que somos la generaci\u00f3n m\u00e1s quejica y mimada de la historia del Rock. Nosotros, los m\u00e1s j\u00f3venes, no llegamos porque <a title=\"los frustrados hijos de la clase media\" href=\"https:\/\/blogs.hoy.es\/loch-lomond\/2011\/09\/18\/los-frustrados-hijos-de-la-clase-media\/\" target=\"_blank\">no cobramos ni la mitad que nuestros padres<\/a>, y \u00e9stos tampoco llegan porque tienen que ayudarnos a nosotros. Existe un dicho que afirma que quien hace lo que puede no est\u00e1 obligado a hacer m\u00e1s\u2026 \u00a1y les juro a ustedes que yo (como tantos) ya no puedo m\u00e1s! A algunos solo nos queda meternos de Sereno en las horas muertas, pero es que ya no te llaman ni para eso. Cada d\u00eda que transcurre, las noticias de familiares, conocidos y amigos que se suman a la lista del paro crece, y con ellas mi desaz\u00f3n. El ambiente en los lugares de trabajo es en muchos de ellos comparable al de un polvor\u00edn a punto de saltar por los aires, o por el contrario transmite la sensaci\u00f3n de terror\u00edfica calma que precede a la m\u00e1s horrible de las batallas. Est\u00e1 claro que todos tenemos que hacer un esfuerzo en momentos tan duros, pero a algunos ya solo les falta pagar por trabajar. Como sigamos as\u00ed, dentro de poco en nuestras n\u00f3minas rezar\u00e1: \u201cNos debe usted 150 euros\u201d. Es una verg\u00fcenza como muchos empresarios siguen frot\u00e1ndose las manos. Obligando a trabajar festivos sin compensaci\u00f3n ninguna, m\u00e1s horas, menos sueldo, contratos de media jornada cuando en realidad curras 12 horas al d\u00eda estafando al Estado y a la Seguridad Social. \u00a1Dios m\u00edo t\u00fa que todo lo ves! \u2026 \u00bfPero es que no lo ves?<\/span><\/p>\n<p><span style=\"color: #000080;\"><a href=\"\/loch-lomond\/wp-content\/uploads\/sites\/10\/2012\/02\/Indignaci\u00f3n.jpg\"><img loading=\"lazy\" class=\"alignnone size-medium wp-image-722\" title=\"Indignaci\u00f3n\" src=\"\/loch-lomond\/wp-content\/uploads\/sites\/10\/2012\/02\/Indignaci\u00f3n.jpg\" alt=\"\" width=\"300\" height=\"291\" srcset=\"https:\/\/static-blogs.hoy.es\/wp-content\/uploads\/sites\/10\/2012\/02\/Indignaci\u00f3n.jpg 354w, https:\/\/static-blogs.hoy.es\/wp-content\/uploads\/sites\/10\/2012\/02\/Indignaci\u00f3n-300x292.jpg 300w\" sizes=\"(max-width: 300px) 100vw, 300px\" \/><\/a><\/span><\/p>\n<p><span style=\"color: #000080;\">Para colmo los pol\u00edticos no para de vomitar sandeces por esas boquitas de pi\u00f1\u00f3n. Me da la sensaci\u00f3n de que nos hablan como si en el fondo fu\u00e9semos subnormales, porque es que si no, no lo comprendo. \u00a1Europa!\u00a0 \u00a1Y m\u00e1s Europa! Estoy de Europa hasta los Guindos, y de \u00e9ste bastante m\u00e1s. Que me hablen de Europa cuando el sueldo m\u00ednimo de nuestro pa\u00eds se acerque al de algunos pa\u00edses europeos, y cuando las ayudas sociales, y el nivel de vida se equiparen medianamente. Se les llena el boquino de Europa y se olvidan que esto es Espa\u00f1a, que el sueldo de muchos no llega ya ni a 700 euros, y con eso no tienes ni para chufas. \u00a1Vaya cagada de reforma laboral! S\u00f3lo se va a conseguir lo que ya es un hecho \u201cO pasas por aqu\u00ed o a la puta calle\u201d. Y los sindicatos hablando de manifestaciones de protesta. \u00bfProtestar? \u00a1Llevamos a\u00f1os protestando! Est\u00e1 claro que de aqu\u00ed a no mucho vamos a tener que arreglar las cosas como en Grecia. Quemando contenedores y asaltando comercios y edificios institucionales, porque es que si no te toman por el pito del sereno. \u00a1Venga dinero para rescatar bancos! \u00bfY quien nos rescata a nosotros?<\/span><\/p>\n<p><span style=\"color: #000080;\"><a href=\"\/loch-lomond\/wp-content\/uploads\/sites\/10\/2012\/02\/Homer-indignado.gif\"><img loading=\"lazy\" class=\"alignnone size-medium wp-image-723\" title=\"Homer indignado\" src=\"\/loch-lomond\/wp-content\/uploads\/sites\/10\/2012\/02\/Homer-indignado.gif\" alt=\"\" width=\"300\" height=\"206\" \/><\/a><\/span><\/p>\n<p><span style=\"color: #000080;\">Que un t\u00edo que cobra lo que cobra, y que tiene los privilegios que tiene, suelte semejantes perlas por televisi\u00f3n a personas, que seguro que han estudiado much\u00edsimo m\u00e1s y que apenas cobran mil euros, es para que uno salga a la calle y monte un cirio tan grande que hasta tengan que acudir los bomberos. \u00bfIndignados? Yo no lo llamar\u00eda as\u00ed, pero lamentablemente estar\u00eda feo manchar las dignas p\u00e1ginas de este diario con abrupto tan mal sonante.<\/span><\/p>\n<p><span style=\"color: #000080;\">Disculpen esta <a title=\"Embarazo Psicol\u00f3gico\" href=\"https:\/\/blogs.hoy.es\/loch-lomond\/2010\/11\/07\/embarazo-psicologico\/\" target=\"_blank\">subida de leches<\/a>, mis queridos y desocupados lectores, ya saben ustedes que no es habitual, que s\u00f3lo me da de vez en cuando, pero no se preocupen, me tomo un azucarillo (que me lo he ganado por imb\u00e9cil) y se me pasa en seguida. Ya lo dec\u00edan los de la murga pacense \u201cLos Ni\u00f1os\u201d hace unos a\u00f1os cuando iban ataviados de tribu africana. \u201c\u00a1No te enfades, que estamos en carnaval!\u201d. La verdad, es que este a\u00f1o el carnaval hace m\u00e1s falta que nunca, el problema es que son solo 4 d\u00edas, aunque algunos tengan que ponerse la careta los 365 d\u00edas del a\u00f1o. \u00a1Y encima \u00e9ste bisiesto! Se me acaba el presupuesto para narices de payaso, y el disfraz de la tristeza y la melancol\u00eda lo tengo en prenda en el tinte. Yo voto por emborracharnos para aliviar las penas, pero ni siquiera nos queda ese dudoso consuelo. El LOCH LOMOND est\u00e1 por las nubes, y mi colesterol tambi\u00e9n. Algunos pensar\u00e1n que clamar al cielo y escribir art\u00edculos como \u00e9ste no sirve de nada, pero yo les aseguro de coraz\u00f3n, que deseo que a muchos de los que se ven aqu\u00ed reflejados, les sirva para algo m\u00e1s que para regodearse en el siempre recomendable ejercicio del pataleo.<\/span><\/p>\n<p>&nbsp;<\/p>\n<p><em>Publicado en Diario HOY el 19\/02\/2012<\/em><\/p>\n<p><a href=\"http:\/\/lector.kioskoymas.com\/epaper\/showlink.aspx?bookmarkid=E1VSWS2E3FG7&#038;preview=magnifier&#038;linkid=adb52919-31e7-42b8-af3d-582e09a131b5&#038;pdaffid=1NEHCXDv4QZRFanP7KJR9A%3d%3d\"><img src=\"\/\/cache2-thumb1.pressdisplay.com\/pressdisplay\/docserver\/getimage.aspx?file=22012012021900000000001001&#038;page=32&#038;scale=23\" alt=\"\" \/><\/a><\/p>\n<!-- AddThis Advanced Settings generic via filter on the_content --><!-- AddThis Share Buttons generic via filter on the_content -->","protected":false},"excerpt":{"rendered":"<p>Enrique Falc\u00f3. Cabreado &nbsp; Aunque estemos metidos ya de lleno en la magia del Carnaval, habi\u00e9ndolo gozado con la divertid\u00edsima final del concurso de murgas de Badajoz (por fin en directo por Canal Extremadura TV) y dispuestos a acudir en un rato al interminable desfile de comparsas, no podemos olvidar que dentro de 4 d\u00edas, [&hellip;]<!-- AddThis Advanced Settings generic via filter on get_the_excerpt --><!-- AddThis Share Buttons generic via filter on get_the_excerpt --><\/p>\n","protected":false},"author":14,"featured_media":0,"comment_status":"open","ping_status":"closed","sticky":false,"template":"","format":"standard","meta":[],"categories":[8],"tags":[38,437,670,759,826,1124,1134,1397,1439,1515,1553,1775,1806,1909,1952,2257,2357,2565,3103,3162,3310,3484,3599,3685,3797,4407,4620,4786,5084,5209],"_links":{"self":[{"href":"https:\/\/blogs.hoy.es\/loch-lomond\/wp-json\/wp\/v2\/posts\/718"}],"collection":[{"href":"https:\/\/blogs.hoy.es\/loch-lomond\/wp-json\/wp\/v2\/posts"}],"about":[{"href":"https:\/\/blogs.hoy.es\/loch-lomond\/wp-json\/wp\/v2\/types\/post"}],"author":[{"embeddable":true,"href":"https:\/\/blogs.hoy.es\/loch-lomond\/wp-json\/wp\/v2\/users\/14"}],"replies":[{"embeddable":true,"href":"https:\/\/blogs.hoy.es\/loch-lomond\/wp-json\/wp\/v2\/comments?post=718"}],"version-history":[{"count":0,"href":"https:\/\/blogs.hoy.es\/loch-lomond\/wp-json\/wp\/v2\/posts\/718\/revisions"}],"wp:attachment":[{"href":"https:\/\/blogs.hoy.es\/loch-lomond\/wp-json\/wp\/v2\/media?parent=718"}],"wp:term":[{"taxonomy":"category","embeddable":true,"href":"https:\/\/blogs.hoy.es\/loch-lomond\/wp-json\/wp\/v2\/categories?post=718"},{"taxonomy":"post_tag","embeddable":true,"href":"https:\/\/blogs.hoy.es\/loch-lomond\/wp-json\/wp\/v2\/tags?post=718"}],"curies":[{"name":"wp","href":"https:\/\/api.w.org\/{rel}","templated":true}]}}