{"id":72,"date":"2010-08-05T00:01:00","date_gmt":"2010-08-05T00:01:00","guid":{"rendered":"http:\/\/blogs.hoy.es\/loch-lomond\/?p=71"},"modified":"2010-08-05T00:01:00","modified_gmt":"2010-08-05T00:01:00","slug":"recuerdos-del-botellon","status":"publish","type":"post","link":"https:\/\/blogs.hoy.es\/loch-lomond\/2010\/08\/05\/recuerdos-del-botellon\/","title":{"rendered":"RECUERDOS DEL BOTELL\u00d3N"},"content":{"rendered":"<p class=MsoNormal style=\"MARGIN: 0cm 0cm 0pt; TEXT-ALIGN: justify\"><span style=\"FONT-SIZE: 10pt; COLOR: navy; FONT-FAMILY: Verdana\"><img id=img_0 src=\"\/\/www.ruidos.org\/Prensa\/images\/001203_Periodico_Extr_movida.jpg\"\/><\/span><\/p>\n<p class=MsoNormal style=\"MARGIN: 0cm 0cm 0pt; TEXT-ALIGN: justify\"><span style=\"FONT-SIZE: 10pt; COLOR: navy; FONT-FAMILY: Verdana\"><\/span><\/p>\n<p class=MsoNormal style=\"MARGIN: 0cm 0cm 0pt; TEXT-ALIGN: justify\"><span style=\"FONT-SIZE: 10pt; COLOR: navy; FONT-FAMILY: Verdana\"><\/span><\/p>\n<p class=MsoNormal style=\"MARGIN: 0cm 0cm 0pt; TEXT-ALIGN: justify\"><span style=\"FONT-SIZE: 10pt; COLOR: navy; FONT-FAMILY: Verdana\"><\/span><\/p>\n<p><span style=\"FONT-SIZE: 10pt; COLOR: navy; FONT-FAMILY: Verdana\"><\/span> <\/p>\n<p class=MsoNormal style=\"MARGIN: 0cm 0cm 0pt; TEXT-ALIGN: justify\">\n<p class=MsoNormal style=\"MARGIN: 0cm 0cm 0pt; TEXT-ALIGN: justify\">\n<p class=MsoNormal style=\"MARGIN: 0cm 0cm 0pt; TEXT-ALIGN: justify\">\n<p class=MsoNormal style=\"MARGIN: 0cm 0cm 0pt; TEXT-ALIGN: justify\">\n<p class=MsoNormal style=\"MARGIN: 0cm 0cm 0pt; TEXT-ALIGN: justify\">\n<p class=MsoNormal style=\"MARGIN: 0cm 0cm 0pt; TEXT-ALIGN: justify\">\n<p class=MsoNormal style=\"MARGIN: 0cm 0cm 0pt; TEXT-ALIGN: justify\"><span style=\"FONT-SIZE: 10pt; COLOR: navy; FONT-FAMILY: Verdana\">Le\u00ed ayer en las p\u00e1ginas del Diario HOY que se va a crear una Patrulla de Ocio con el objetivo de vigilar el botell\u00f3n. Esta patrulla por lo visto estar\u00e1 formada por polic\u00edas uniformados y otros de paisano. Me parece muy bien. A mi la presencia policial siempre me ha tranquilizado, y evita seg\u00fan qu\u00e9 estupideces innecesarias. Supongo que los que vayan de paisano deber\u00e1n de una u otra manera intentar pasar desapercibidos, en plan polic\u00eda secreta, para infiltrarse entre los j\u00f3venes y manejar el cotarro desde la ventaja que te da el hecho de que el personal desconozca que realmente eres polic\u00eda. La verdad es que me encantar\u00eda formar parte de esa patrulla. Ya me veo infiltr\u00e1ndome a la perfecci\u00f3n, poni\u00e9ndome hasta arriba de cubatas, mezcl\u00e1ndome con la pe\u00f1a de tal manera, que nadie sospechar\u00eda de m\u00ed. Evidentemente es una broma. Hace siglos que no hago botell\u00f3n, pero o mucho han cambiado las cosas o me temo que el procedimiento debe seguir siendo el mismo, no as\u00ed su finalidad.<\/span><\/p>\n<p><span style=\"FONT-SIZE: 10pt; COLOR: navy; FONT-FAMILY: Verdana\"><\/span><\/p>\n<p><span style=\"FONT-SIZE: 10pt; COLOR: navy; FONT-FAMILY: Verdana\"><\/span><\/p>\n<p><span style=\"FONT-SIZE: 10pt; COLOR: navy; FONT-FAMILY: Verdana\"><\/span><\/p>\n<p><span style=\"FONT-SIZE: 10pt; COLOR: navy; FONT-FAMILY: Verdana\">< ?xml:namespace prefix = o ns = \"urn:schemas-microsoft-com:office:office\" \/><o:p><\/o:p><\/span><\/p>\n<p class=MsoNormal style=\"MARGIN: 0cm 0cm 0pt; TEXT-ALIGN: justify\">\n<p class=MsoNormal style=\"MARGIN: 0cm 0cm 0pt; TEXT-ALIGN: justify\"><span style=\"FONT-SIZE: 10pt; COLOR: navy; FONT-FAMILY: Verdana\"><o:p><\/o:p><\/span><\/p>\n<p class=MsoNormal style=\"MARGIN: 0cm 0cm 0pt; TEXT-ALIGN: justify\"><span style=\"FONT-SIZE: 10pt; COLOR: navy; FONT-FAMILY: Verdana\">Siempre me gust\u00f3 hacer botell\u00f3n. Me parece un invento genial. Creo que la primera vez que hice uno fue en primero de BUP, all\u00e1 por el 93. Me dispon\u00eda a ir con algunos compa\u00f1eros de clase a la fiesta de los Maristas, cita ineludible para cualquier ni\u00f1ato pacense y adolescente de la \u00e9poca que tratara de pillar cacho a cualquier precio. Antes de la celebrada cita, quedamos a la puertas de la \u201cQuinta Avenida\u201d, otro lugar entra\u00f1able de reuni\u00f3n de quincea\u00f1eros de la \u00e9poca, y desde all\u00ed nos dirigimos a la tienda \u201cLos Ca\u00f1ones\u201d situada cerca del Salto de Caballo (cuyo nombre popular siempre ha sido Los Ca\u00f1ones, de ah\u00ed el nombre de la tienda).<\/span><\/p>\n<p><span style=\"FONT-SIZE: 10pt; COLOR: navy; FONT-FAMILY: Verdana\"><\/span><\/p>\n<p><span style=\"FONT-SIZE: 10pt; COLOR: navy; FONT-FAMILY: Verdana\"><o:p><\/o:p><\/span><\/p>\n<p class=MsoNormal style=\"MARGIN: 0cm 0cm 0pt; TEXT-ALIGN: justify\">\n<p class=MsoNormal style=\"MARGIN: 0cm 0cm 0pt; TEXT-ALIGN: justify\"><span style=\"FONT-SIZE: 10pt; COLOR: navy; FONT-FAMILY: Verdana\"><o:p><\/o:p><\/span><\/p>\n<p class=MsoNormal style=\"MARGIN: 0cm 0cm 0pt; TEXT-ALIGN: justify\"><span style=\"FONT-SIZE: 10pt; COLOR: navy; FONT-FAMILY: Verdana\"><span style=\"mso-spacerun: yes\"><\/span>Cuando llegamos, un compa\u00f1ero experto en estas lindes me solicit\u00f3 la nada despreciable cifra de 300 pelas, lo cual era pasta, pero se pod\u00eda pagar. \u201cEs que vamos a hacer un botell\u00f3n bestial Falc\u00f3\u201d me coment\u00f3. \u201c\u00bfBotell\u00f3n?\u201d Pregunt\u00e9 \u201c\u00bfQu\u00e9 es eso?\u201d Presenciando el modus operandi me maravill\u00e9. Me pareci\u00f3 genial. Ahora puede parecer una tonter\u00eda, pero realmente era un tema muy bien organizado. Lo de comprar vasos de pl\u00e1stico y hielo comunitario, as\u00ed como patatas fritas, me pareci\u00f3 realmente pr\u00e1ctico. Poco despu\u00e9s est\u00e1bamos en el parque, rodeado de ciento de ni\u00f1atos que hac\u00edan lo mismo que nosotros. Lo que te apetec\u00eda, te lo echabas, con la cantidad que quisieras y las veces que te diera la gana. Era maravilloso, y encima disfrutando del buen clima que el mes de mayo regala a esta ciudad. All\u00ed realmente estabas en tu salsa. Saludando a la gente, a otros compa\u00f1eros de clase, amigos, etc. Desde ese momento el botell\u00f3n se convirti\u00f3 en cita casi ineludible los fines de semana. Nos junt\u00e1bamos, tom\u00e1bamos unas copas, charl\u00e1bamos y nos \u00edbamos a los bares. \u00a1Ahora el botell\u00f3n es eterno!<\/span><\/p>\n<p class=MsoNormal style=\"MARGIN: 0cm 0cm 0pt; TEXT-ALIGN: justify\"><span style=\"FONT-SIZE: 10pt; COLOR: navy; FONT-FAMILY: Verdana\"><\/span><\/p>\n<p class=MsoNormal style=\"MARGIN: 0cm 0cm 0pt; TEXT-ALIGN: justify\"><span style=\"FONT-SIZE: 10pt; COLOR: navy; FONT-FAMILY: Verdana\"><\/span><\/p>\n<p class=MsoNormal style=\"MARGIN: 0cm 0cm 0pt; TEXT-ALIGN: justify\"><span style=\"FONT-SIZE: 10pt; COLOR: navy; FONT-FAMILY: Verdana\"><\/span><\/p>\n<p class=MsoNormal style=\"MARGIN: 0cm 0cm 0pt; TEXT-ALIGN: justify\"><span style=\"FONT-SIZE: 10pt; COLOR: navy; FONT-FAMILY: Verdana\"><\/span><\/p>\n<p class=MsoNormal style=\"MARGIN: 0cm 0cm 0pt; TEXT-ALIGN: justify\"><span style=\"FONT-SIZE: 10pt; COLOR: navy; FONT-FAMILY: Verdana\"><\/span><\/p>\n<p class=MsoNormal style=\"MARGIN: 0cm 0cm 0pt; TEXT-ALIGN: justify\"><span style=\"FONT-SIZE: 10pt; COLOR: navy; FONT-FAMILY: Verdana\"><img id=img_1 src=\"\/\/www.labombonera.com.ar\/media\/galeria\/121\/1\/4\/2\/8\/n_boca_juniors_afiches-708241.jpg\"\/> <\/span><\/p>\n<p><span style=\"FONT-SIZE: 10pt; COLOR: navy; FONT-FAMILY: Verdana\"><\/span><\/p>\n<p><span style=\"FONT-SIZE: 10pt; COLOR: navy; FONT-FAMILY: Verdana\"><\/span><\/p>\n<p><span style=\"FONT-SIZE: 10pt; COLOR: navy; FONT-FAMILY: Verdana\"><\/span><\/p>\n<p><span style=\"FONT-SIZE: 10pt; COLOR: navy; FONT-FAMILY: Verdana\"><o:p><\/o:p><\/span><\/p>\n<p class=MsoNormal style=\"MARGIN: 0cm 0cm 0pt; TEXT-ALIGN: justify\">\n<p class=MsoNormal style=\"MARGIN: 0cm 0cm 0pt; TEXT-ALIGN: justify\"><span style=\"FONT-SIZE: 10pt; COLOR: navy; FONT-FAMILY: Verdana\"><o:p><\/o:p><\/span><\/p>\n<p class=MsoNormal style=\"MARGIN: 0cm 0cm 0pt; TEXT-ALIGN: justify\"><span style=\"FONT-SIZE: 10pt; COLOR: navy; FONT-FAMILY: Verdana\">Recuerdo que hubo \u00e9pocas incluso en las que el botell\u00f3n era perseguido y penalizado. Que recuerdos cuando la polic\u00eda aparec\u00eda por all\u00ed y cientos de personas echaban a correr con una botella en brazos. Ahora sin embargo la polic\u00eda va a vigilar el botell\u00f3n para que todo est\u00e9 en orden, y cada cual pueda estar tranquilo.<\/span><\/p>\n<p><span style=\"FONT-SIZE: 10pt; COLOR: navy; FONT-FAMILY: Verdana\"><\/span><\/p>\n<p><span style=\"FONT-SIZE: 10pt; COLOR: navy; FONT-FAMILY: Verdana\"><\/span><\/p>\n<p><span style=\"FONT-SIZE: 10pt; COLOR: navy; FONT-FAMILY: Verdana\"><\/span><\/p>\n<p><span style=\"FONT-SIZE: 10pt; COLOR: navy; FONT-FAMILY: Verdana\"><o:p><\/o:p><\/span><\/p>\n<p class=MsoNormal style=\"MARGIN: 0cm 0cm 0pt; TEXT-ALIGN: justify\">\n<p class=MsoNormal style=\"MARGIN: 0cm 0cm 0pt; TEXT-ALIGN: justify\"><span style=\"FONT-SIZE: 10pt; COLOR: navy; FONT-FAMILY: Verdana\"><o:p><\/o:p><\/span><\/p>\n<p class=MsoNormal style=\"MARGIN: 0cm 0cm 0pt; TEXT-ALIGN: justify\"><span style=\"FONT-SIZE: 10pt; COLOR: navy; FONT-FAMILY: Verdana\">Realmente, el botell\u00f3n, en mi \u00e9poca, era algo muy divertido y pac\u00edfico. Te tomabas unas cuantas copas con los amigos, muy baratas, y charlabas con unos y con otros. A\u00f1os despu\u00e9s todo aquello cambi\u00f3 y ahora siempre hay alg\u00fan imb\u00e9cil que tiene que fastidiarlo, meti\u00e9ndose con alguien, rompiendo botellas, molestando a los dem\u00e1s con los altavoces de su coche etc.<\/span><\/p>\n<p class=MsoNormal style=\"MARGIN: 0cm 0cm 0pt; TEXT-ALIGN: justify\"><span style=\"FONT-SIZE: 10pt; COLOR: navy; FONT-FAMILY: Verdana\"><\/span><\/p>\n<p class=MsoNormal style=\"MARGIN: 0cm 0cm 0pt; TEXT-ALIGN: justify\"><span style=\"FONT-SIZE: 10pt; COLOR: navy; FONT-FAMILY: Verdana\"><\/span><\/p>\n<p class=MsoNormal style=\"MARGIN: 0cm 0cm 0pt; TEXT-ALIGN: justify\"><span style=\"FONT-SIZE: 10pt; COLOR: navy; FONT-FAMILY: Verdana\"><\/span><\/p>\n<p class=MsoNormal style=\"MARGIN: 0cm 0cm 0pt; TEXT-ALIGN: justify\"><span style=\"FONT-SIZE: 10pt; COLOR: navy; FONT-FAMILY: Verdana\"><\/span><\/p>\n<p class=MsoNormal style=\"MARGIN: 0cm 0cm 0pt; TEXT-ALIGN: justify\"><img id=img_3 src=\"\/\/www.tusbuscadores.com\/notiprensa\/fotos\/botellas-alcohol-np.jpg\"\/><\/p>\n<p><span style=\"FONT-SIZE: 10pt; COLOR: navy; FONT-FAMILY: Verdana\"><\/span><\/p>\n<p><span style=\"FONT-SIZE: 10pt; COLOR: navy; FONT-FAMILY: Verdana\"><\/span><\/p>\n<p><span style=\"FONT-SIZE: 10pt; COLOR: navy; FONT-FAMILY: Verdana\"><\/span><\/p>\n<p><span style=\"FONT-SIZE: 10pt; COLOR: navy; FONT-FAMILY: Verdana\"><\/span><\/p>\n<p><span style=\"FONT-SIZE: 10pt; COLOR: navy; FONT-FAMILY: Verdana\"><\/span><\/p>\n<p class=MsoNormal style=\"MARGIN: 0cm 0cm 0pt; TEXT-ALIGN: justify\">\n<p class=MsoNormal style=\"MARGIN: 0cm 0cm 0pt; TEXT-ALIGN: justify\"><span style=\"FONT-SIZE: 10pt; COLOR: navy; FONT-FAMILY: Verdana\"><o:p><\/o:p><\/span><\/p>\n<p class=MsoNormal style=\"MARGIN: 0cm 0cm 0pt; TEXT-ALIGN: justify\"><span style=\"FONT-SIZE: 10pt; COLOR: navy; FONT-FAMILY: Verdana\">Recuerdo una vez, que estando con mis amigos, nuestros padres empezaron a ponernos a caldo. \u201cestos ni\u00f1os de hoy, s\u00f3lo saben beberse el botell\u00f3n y ya est\u00e1\u201d exclamaba uno de ellos. \u201cPap\u00e1\u201d dije yo \u201c\u00bfVosotros que os pens\u00e1is que es el botell\u00f3n? \u00bfUna botella muy gorda que nos la vamos pasando o que?\u201d La verdad es que cuando se lo explicamos tambi\u00e9n les pareci\u00f3 una idea estupenda \u201cEs como un guateque de nuestra \u00e9poca pero en la calle\u201d razon\u00f3 mi padre. Y era cierto. Lamentablemente hoy el botell\u00f3n es sin\u00f3nimo de borrachera continua con \u201cchunga chunga\u201d de fondo. Me gustar\u00eda que volvi\u00e9semos a aquella \u00e9poca, en la que el botell\u00f3n era una fiesta de verdad. Como cuento al principio, hace siglos que no hago un botell\u00f3n en la calle. En mi casa o en casa de algunos amigos es otro cantar. All\u00ed seguimos manteniendo la esencia del primitivo botell\u00f3n. Copas, charla, buen rollo, y adem\u00e1s con cuarto de ba\u00f1o. \u00bfSe puede pedir m\u00e1s?<o:p><\/o:p><\/span><\/p>\n<!-- AddThis Advanced Settings generic via filter on the_content --><!-- AddThis Share Buttons generic via filter on the_content -->","protected":false},"excerpt":{"rendered":"<p>Le\u00ed ayer en las p\u00e1ginas del Diario HOY que se va a crear una Patrulla de Ocio con el objetivo de vigilar el botell\u00f3n. Esta patrulla por lo visto estar\u00e1 formada por polic\u00edas uniformados y otros de paisano. Me parece muy bien. A mi la presencia policial siempre me ha tranquilizado, y evita seg\u00fan qu\u00e9 [&hellip;]<!-- AddThis Advanced Settings generic via filter on get_the_excerpt --><!-- AddThis Share Buttons generic via filter on get_the_excerpt --><\/p>\n","protected":false},"author":14,"featured_media":0,"comment_status":"open","ping_status":"closed","sticky":false,"template":"","format":"standard","meta":[],"categories":[2],"tags":[437,487,616,620,2425,3351,3967,4122],"_links":{"self":[{"href":"https:\/\/blogs.hoy.es\/loch-lomond\/wp-json\/wp\/v2\/posts\/72"}],"collection":[{"href":"https:\/\/blogs.hoy.es\/loch-lomond\/wp-json\/wp\/v2\/posts"}],"about":[{"href":"https:\/\/blogs.hoy.es\/loch-lomond\/wp-json\/wp\/v2\/types\/post"}],"author":[{"embeddable":true,"href":"https:\/\/blogs.hoy.es\/loch-lomond\/wp-json\/wp\/v2\/users\/14"}],"replies":[{"embeddable":true,"href":"https:\/\/blogs.hoy.es\/loch-lomond\/wp-json\/wp\/v2\/comments?post=72"}],"version-history":[{"count":0,"href":"https:\/\/blogs.hoy.es\/loch-lomond\/wp-json\/wp\/v2\/posts\/72\/revisions"}],"wp:attachment":[{"href":"https:\/\/blogs.hoy.es\/loch-lomond\/wp-json\/wp\/v2\/media?parent=72"}],"wp:term":[{"taxonomy":"category","embeddable":true,"href":"https:\/\/blogs.hoy.es\/loch-lomond\/wp-json\/wp\/v2\/categories?post=72"},{"taxonomy":"post_tag","embeddable":true,"href":"https:\/\/blogs.hoy.es\/loch-lomond\/wp-json\/wp\/v2\/tags?post=72"}],"curies":[{"name":"wp","href":"https:\/\/api.w.org\/{rel}","templated":true}]}}