{"id":724,"date":"2012-02-23T02:41:30","date_gmt":"2012-02-23T01:41:30","guid":{"rendered":"http:\/\/blogs.hoy.es\/loch-lomond\/?p=724"},"modified":"2012-02-23T02:41:30","modified_gmt":"2012-02-23T01:41:30","slug":"las-peliculas-son-del-director","status":"publish","type":"post","link":"https:\/\/blogs.hoy.es\/loch-lomond\/2012\/02\/23\/las-peliculas-son-del-director\/","title":{"rendered":"Las pel\u00edculas son del director"},"content":{"rendered":"<p>&nbsp;<\/p>\n<p>&nbsp;<\/p>\n<div id=\"attachment_726\" style=\"width: 237px\" class=\"wp-caption alignnone\"><a href=\"\/loch-lomond\/wp-content\/uploads\/sites\/10\/2012\/02\/directores.jpg\"><img aria-describedby=\"caption-attachment-726\" loading=\"lazy\" class=\"size-medium wp-image-726\" title=\"directores\" src=\"\/loch-lomond\/wp-content\/uploads\/sites\/10\/2012\/02\/directores.jpg\" alt=\"El director es siempre el m\u00e1ximo responsable del resultado final de una pel\u00edcula, para bien o para mal.\" width=\"227\" height=\"300\" srcset=\"https:\/\/static-blogs.hoy.es\/wp-content\/uploads\/sites\/10\/2012\/02\/directores.jpg 700w, https:\/\/static-blogs.hoy.es\/wp-content\/uploads\/sites\/10\/2012\/02\/directores-227x300.jpg 227w\" sizes=\"(max-width: 227px) 100vw, 227px\" \/><\/a><p id=\"caption-attachment-726\" class=\"wp-caption-text\">El director es siempre el m\u00e1ximo responsable del resultado final de una pel\u00edcula, para bien o para mal.<\/p><\/div>\n<p>&nbsp;<\/p>\n<p><span style=\"color: #000080;\">Siempre me gust\u00f3 ver la Gala de los Goya. No miento. De m\u00e1s j\u00f3venes, cuando la retransmisi\u00f3n sol\u00eda ser un s\u00e1bado por la noche, a mi novia y a m\u00ed nos gustaba ir a verla a casa de la novia (hoy ya mujer y madre de su preciosa hija) de mi amigo Javi, ya saben, \u00edntimo m\u00edo y de la gula, como quien suscribe, y aprovechando \u00e9sta amistad, la de la gula, nos met\u00edamos para el cuerpo unas cenas de esc\u00e1ndalo acompa\u00f1adas por abundante vino y alg\u00fan que otro LOCH LOMOND para culminar el fest\u00edn. Quiz\u00e1s por eso no se nos hac\u00eda tan larga y aburrida como a muchos.<\/span><\/p>\n<p>&nbsp;<\/p>\n<a href=\"\/loch-lomond\/wp-content\/uploads\/sites\/10\/2012\/02\/balada-triste-trompeta-carlos-areces1.jpg\"><img loading=\"lazy\" class=\"size-medium wp-image-727\" title=\"balada-triste-trompeta-carlos-areces1\" src=\"\/loch-lomond\/wp-content\/uploads\/sites\/10\/2012\/02\/balada-triste-trompeta-carlos-areces1.jpg\" alt=\"El gran Carlos Areces en el poster de \"Balada triste de trompeta\" de Alex de la Iglesia\" width=\"210\" height=\"300\" srcset=\"https:\/\/static-blogs.hoy.es\/wp-content\/uploads\/sites\/10\/2012\/02\/balada-triste-trompeta-carlos-areces1.jpg 504w, https:\/\/static-blogs.hoy.es\/wp-content\/uploads\/sites\/10\/2012\/02\/balada-triste-trompeta-carlos-areces1-210x300.jpg 210w\" sizes=\"(max-width: 210px) 100vw, 210px\" \/><\/a>\n<p>&nbsp;<\/p>\n<p><span style=\"color: #000080;\">La del domingo pasado no fue de las peores, para qu\u00e9 nos vamos a enga\u00f1ar. Mi admirado Carlos Areces, quien por cierto, fue ninguneado en la pasada edici\u00f3n al no recibir una nominaci\u00f3n por su soberbio trabajo en <em><a title=\"Balada triste de trompeta por Enrique Falc\u00f3\" href=\"http:\/\/www.hoy.es\/v\/20110130\/opinion\/balada-triste-trompeta-20110130.html\" target=\"_blank\">Balada triste de trompeta<\/a> <\/em>de Alex de la Iglesia<em>, <\/em>estuvo de lo m\u00e1s divertido, recordando que parece predestinado a ense\u00f1ar sus posaderas en cada pel\u00edcula en que participa. Despu\u00e9s estuvo lo de Santiago Segura, que adem\u00e1s de echar en cara que su <em><a title=\"Torrente\" href=\"https:\/\/blogs.hoy.es\/loch-lomond\/2011\/03\/15\/torrente\/\" target=\"_blank\">Torrente 4<\/a><\/em> pasara desapercibido, dijo dos o tres verdades como templos. Lo de c\u00f3mo se elige al mejor actor estuvo gracioso la verdad, y adem\u00e1s acert\u00f3, pero lo mejor fue lo de que casi siempre que un artista internacional es nominado, y encima se molesta en acudir la gala, luego nunca se lleva el Goya. As\u00ed pas\u00f3 por ejemplo con Nicole Kidman o con el extraordinario Viggo Mortensen, que ha puesto cara y voz en mi cabeza al Capit\u00e1n Alatriste para siempre.<\/span><\/p>\n<p>\u00a0<a href=\"\/loch-lomond\/wp-content\/uploads\/sites\/10\/2012\/02\/Enrique-Urbizu.jpg\"><img loading=\"lazy\" class=\"alignnone size-full wp-image-728\" title=\"Enrique-Urbizu\" src=\"\/loch-lomond\/wp-content\/uploads\/sites\/10\/2012\/02\/Enrique-Urbizu.jpg\" alt=\"Enrique Urbizu\" width=\"300\" height=\"225\" \/><\/a><\/p>\n<p><span style=\"color: #000080;\">Eva H. no me cae especialmente simp\u00e1tica, no s\u00e9 si ser\u00e1n esos enormes ojos que me ponen nervioso, pero sin embarg\u00f3 me agrad\u00f3 su explicaci\u00f3n de las diferencias que hab\u00eda entre el Goya al mejor director y el concedido a la mejor pel\u00edcula. Uno se lo dan a quien pone el arte\u2026y el otro a quien pone la pasta. La verdad es que en una pel\u00edcula el director es primordial, imprescindible, y sea cual sea el reparto, el guion, el vestuario y todo lo dem\u00e1s, la pel\u00edcula no ser\u00e1 sino resultado final de su trabajo. Una pel\u00edcula ser\u00e1 siempre del director, por mucho que el productor sea el que elija a \u00e9ste en muchas ocasiones. En esta ocasi\u00f3n as\u00ed fue, y Enrique Urbizu se llev\u00f3 el premio al Mejor director poco antes de que concedieran el Goya a su <em>No habr\u00e1 paz para los malvados<\/em>. El premio a mejor pel\u00edcula deber\u00eda llevar anexo indivisiblemente tambi\u00e9n el de mejor director. Por eso mismo creo que en todos estos premios, ya sean los Goyas, los Oscars o los Globos de Oro por poner un ejemplo, cuando otorgan el premio a mejor pel\u00edcula a una cinta en la que el director no ha sido galardonado, se produce la peor de las contradicciones am\u00e9n de un desprop\u00f3sito tan fr\u00edvolo como cruel. Las pel\u00edculas son del director. Esta es mi opini\u00f3n\u2026y yo la comparto.<\/span><\/p>\n<!-- AddThis Advanced Settings generic via filter on the_content --><!-- AddThis Share Buttons generic via filter on the_content -->","protected":false},"excerpt":{"rendered":"<p>&nbsp; &nbsp; &nbsp; Siempre me gust\u00f3 ver la Gala de los Goya. No miento. De m\u00e1s j\u00f3venes, cuando la retransmisi\u00f3n sol\u00eda ser un s\u00e1bado por la noche, a mi novia y a m\u00ed nos gustaba ir a verla a casa de la novia (hoy ya mujer y madre de su preciosa hija) de mi amigo [&hellip;]<!-- AddThis Advanced Settings generic via filter on get_the_excerpt --><!-- AddThis Share Buttons generic via filter on get_the_excerpt --><\/p>\n","protected":false},"author":14,"featured_media":0,"comment_status":"open","ping_status":"closed","sticky":false,"template":"","format":"standard","meta":[],"categories":[5],"tags":[194,452,808,1467,1515,1806,1813,1902,1957,2224,2291,2312,2972,3103,3420,3422,3664,3680,3832,3971,4585,5252],"_links":{"self":[{"href":"https:\/\/blogs.hoy.es\/loch-lomond\/wp-json\/wp\/v2\/posts\/724"}],"collection":[{"href":"https:\/\/blogs.hoy.es\/loch-lomond\/wp-json\/wp\/v2\/posts"}],"about":[{"href":"https:\/\/blogs.hoy.es\/loch-lomond\/wp-json\/wp\/v2\/types\/post"}],"author":[{"embeddable":true,"href":"https:\/\/blogs.hoy.es\/loch-lomond\/wp-json\/wp\/v2\/users\/14"}],"replies":[{"embeddable":true,"href":"https:\/\/blogs.hoy.es\/loch-lomond\/wp-json\/wp\/v2\/comments?post=724"}],"version-history":[{"count":0,"href":"https:\/\/blogs.hoy.es\/loch-lomond\/wp-json\/wp\/v2\/posts\/724\/revisions"}],"wp:attachment":[{"href":"https:\/\/blogs.hoy.es\/loch-lomond\/wp-json\/wp\/v2\/media?parent=724"}],"wp:term":[{"taxonomy":"category","embeddable":true,"href":"https:\/\/blogs.hoy.es\/loch-lomond\/wp-json\/wp\/v2\/categories?post=724"},{"taxonomy":"post_tag","embeddable":true,"href":"https:\/\/blogs.hoy.es\/loch-lomond\/wp-json\/wp\/v2\/tags?post=724"}],"curies":[{"name":"wp","href":"https:\/\/api.w.org\/{rel}","templated":true}]}}