{"id":73,"date":"2010-08-06T00:01:00","date_gmt":"2010-08-06T00:01:00","guid":{"rendered":"http:\/\/blogs.hoy.es\/loch-lomond\/?p=72"},"modified":"2010-08-06T00:01:00","modified_gmt":"2010-08-06T00:01:00","slug":"say-say-say","status":"publish","type":"post","link":"https:\/\/blogs.hoy.es\/loch-lomond\/2010\/08\/06\/say-say-say\/","title":{"rendered":"SAY SAY SAY"},"content":{"rendered":"<p class=MsoNormal style=\"MARGIN: 0cm 0cm 0pt; TEXT-ALIGN: justify\"><span style=\"FONT-SIZE: 10pt; COLOR: navy; FONT-FAMILY: Verdana\"><img id=img_0 src=\"\/\/img23.imageshack.us\/img23\/1956\/saysaysay.jpg\"\/><\/span><\/p>\n<p><span style=\"FONT-SIZE: 10pt; COLOR: navy; FONT-FAMILY: Verdana\"><\/span><\/p>\n<p><span style=\"FONT-SIZE: 10pt; COLOR: navy; FONT-FAMILY: Verdana\"><\/span><\/p>\n<p><span style=\"FONT-SIZE: 10pt; COLOR: navy; FONT-FAMILY: Verdana\"><\/span><\/p>\n<p><span style=\"FONT-SIZE: 10pt; COLOR: navy; FONT-FAMILY: Verdana\"><\/span><\/p>\n<p><span style=\"FONT-SIZE: 10pt; COLOR: navy; FONT-FAMILY: Verdana\"><\/span><\/p>\n<p><span style=\"FONT-SIZE: 10pt; COLOR: navy; FONT-FAMILY: Verdana\"><\/span><\/p>\n<p class=MsoNormal style=\"MARGIN: 0cm 0cm 0pt; TEXT-ALIGN: justify\">\n<p class=MsoNormal style=\"MARGIN: 0cm 0cm 0pt; TEXT-ALIGN: justify\"><span style=\"FONT-SIZE: 10pt; COLOR: navy; FONT-FAMILY: Verdana\"><\/span><\/p>\n<p class=MsoNormal style=\"MARGIN: 0cm 0cm 0pt; TEXT-ALIGN: justify\"><span style=\"FONT-SIZE: 10pt; COLOR: navy; FONT-FAMILY: Verdana\"><\/span><\/p>\n<p class=MsoNormal style=\"MARGIN: 0cm 0cm 0pt; TEXT-ALIGN: justify\"><span style=\"FONT-SIZE: 10pt; COLOR: navy; FONT-FAMILY: Verdana\"><\/span><\/p>\n<p class=MsoNormal style=\"MARGIN: 0cm 0cm 0pt; TEXT-ALIGN: justify\"><span style=\"FONT-SIZE: 10pt; COLOR: navy; FONT-FAMILY: Verdana\"><\/span><\/p>\n<p class=MsoNormal style=\"MARGIN: 0cm 0cm 0pt; TEXT-ALIGN: justify\"><span style=\"FONT-SIZE: 10pt; COLOR: navy; FONT-FAMILY: Verdana\">Corr\u00eda el a\u00f1o 1983 y Paul McCartney se encontraba trabajando en su inminente \u00e1lbum \u201cPipes Of Peace\u201d. Para ello requiri\u00f3 la colaboraci\u00f3n de su entonces \u00edntimo Michael Jackson, con quien ya hab\u00eda trabajado anteriormente en \u201cThe Girl is Mine\u201d, sencillo de debut del exitoso Thriller del desaparecido Jackson. \u00c9ste le devolvi\u00f3 la colaboraci\u00f3n y juntos escribieron y cantaron dos temas del nuevo disco de McCartney. De \u00e9stos dos, <font color=#ff0000>\u201cSay Say Say\u201d<\/font> es el tema que nos ocupa en este viernes de canciones en Don de LOCH LOMOND.<\/span><\/p>\n<p><span style=\"FONT-SIZE: 10pt; COLOR: navy; FONT-FAMILY: Verdana\"><\/span><\/p>\n<p><span style=\"FONT-SIZE: 10pt; COLOR: navy; FONT-FAMILY: Verdana\"><\/span><\/p>\n<p><span style=\"FONT-SIZE: 10pt; COLOR: navy; FONT-FAMILY: Verdana\"><\/span><\/p>\n<p><span style=\"FONT-SIZE: 10pt; COLOR: navy; FONT-FAMILY: Verdana\">< ?xml:namespace prefix = o ns = \"urn:schemas-microsoft-com:office:office\" \/><o:p><\/o:p><\/span><\/p>\n<p class=MsoNormal style=\"MARGIN: 0cm 0cm 0pt; TEXT-ALIGN: justify\">\n<p class=MsoNormal style=\"MARGIN: 0cm 0cm 0pt; TEXT-ALIGN: justify\"><span style=\"FONT-SIZE: 10pt; COLOR: navy; FONT-FAMILY: Verdana\"><o:p><\/o:p><\/span><\/p>\n<p class=MsoNormal style=\"MARGIN: 0cm 0cm 0pt; TEXT-ALIGN: justify\"><span lang=ES style=\"FONT-SIZE: 10pt; COLOR: navy; FONT-FAMILY: Verdana; mso-ansi-language: ES\"><font color=#ff0000>\u201cSay Say Say\u201d<\/font> alcanz\u00f3 un gran \u00e9xito permaneciendo 6 semanas en el n\u00famero 1 en EE.UU. del Billboard Hot 100. <\/span><span lang=ES style=\"FONT-SIZE: 10pt; COLOR: navy; FONT-FAMILY: Verdana; mso-ansi-language: ES\"><font color=#ff0000>&#8220;Say say say&#8221;<\/font> se promocion\u00f3 con un exitoso v\u00eddeo musical protagonizado por ambos cantantes. El v\u00eddeo se ambienta a principios del XX, y sus protagonistas son unos granujas timadores que se ganan la vida como vendedores ambulantes y teatreros que van de pueblo en pueblo. Adem\u00e1s de Paul y Michael, tambi\u00e9n figuran en el video Linda McCartney, y la hermana de Michael, < ?xml:namespace prefix = st1 ns = \"urn:schemas-microsoft-com:office:smarttags\" \/><st1:personname w:st=\"on\" ProductID=\"La Toya Jackson.\"><\/st1:personname><st1:personname w:st=\"on\" ProductID=\"La Toya\">La Toya<\/st1:personname> Jackson.<\/span><\/p>\n<p><span lang=ES style=\"FONT-SIZE: 10pt; COLOR: navy; FONT-FAMILY: Verdana; mso-ansi-language: ES\"><st1:personname w:st=\"on\" ProductID=\"La Toya Jackson.\"><\/st1:personname><\/span><\/p>\n<p><span lang=ES style=\"FONT-SIZE: 10pt; COLOR: navy; FONT-FAMILY: Verdana; mso-ansi-language: ES\"><st1:personname w:st=\"on\" ProductID=\"La Toya Jackson.\"><\/st1:personname><\/span><\/p>\n<p><span lang=ES style=\"FONT-SIZE: 10pt; COLOR: navy; FONT-FAMILY: Verdana; mso-ansi-language: ES\"><st1:personname w:st=\"on\" ProductID=\"La Toya Jackson.\"><\/st1:personname><\/span><\/p>\n<p><span lang=ES style=\"FONT-SIZE: 10pt; COLOR: navy; FONT-FAMILY: Verdana; mso-ansi-language: ES\"><st1:personname w:st=\"on\" ProductID=\"La Toya Jackson.\"><\/st1:personname><o:p><\/o:p><\/span><\/p>\n<p class=MsoNormal style=\"MARGIN: 0cm 0cm 0pt; TEXT-ALIGN: justify\">\n<p class=MsoNormal style=\"MARGIN: 0cm 0cm 0pt; TEXT-ALIGN: justify\"><span lang=ES style=\"FONT-SIZE: 10pt; COLOR: navy; FONT-FAMILY: Verdana; mso-ansi-language: ES\"><o:p><\/o:p><\/span><\/p>\n<p class=MsoNormal style=\"MARGIN: 0cm 0cm 0pt; TEXT-ALIGN: justify\"><span style=\"FONT-SIZE: 10pt; COLOR: navy; FONT-FAMILY: Verdana\">La canci\u00f3n m\u00e1s popular para el Rey del Pop y que m\u00e1s tiempo se pas\u00f3 en lo alto de las listas de \u00e9xitos de Estados Unidos no fue ni Billie Jean ni Thriller, como algunos augurar\u00edan, sino el tema que compuso en 1983 junto con McCartney, que estuvo seis semanas en el n\u00famero uno y 18 dentro del Top 40 de Billboard.<\/span><\/p>\n<p><span style=\"FONT-SIZE: 10pt; COLOR: navy; FONT-FAMILY: Verdana\"><\/span><\/p>\n<p><span style=\"FONT-SIZE: 10pt; COLOR: navy; FONT-FAMILY: Verdana\"><\/span><\/p>\n<p><span style=\"FONT-SIZE: 10pt; COLOR: navy; FONT-FAMILY: Verdana\"><\/span><\/p>\n<p><span style=\"FONT-SIZE: 10pt; COLOR: navy; FONT-FAMILY: Verdana\"><\/span><\/p>\n<p class=MsoNormal style=\"MARGIN: 0cm 0cm 0pt; TEXT-ALIGN: justify\">\n<p><span style=\"FONT-SIZE: 10pt; COLOR: navy; FONT-FAMILY: Verdana\"><\/span><\/p>\n<p><span style=\"FONT-SIZE: 10pt; COLOR: navy; FONT-FAMILY: Verdana\"><\/span><\/p>\n<p><span style=\"FONT-SIZE: 10pt; COLOR: navy; FONT-FAMILY: Verdana\"><\/span><\/p>\n<p><span style=\"FONT-SIZE: 10pt; COLOR: navy; FONT-FAMILY: Verdana\"><\/span><\/p>\n<p><span style=\"FONT-SIZE: 10pt; COLOR: navy; FONT-FAMILY: Verdana\"><\/span><\/p>\n<p><span style=\"FONT-SIZE: 10pt; COLOR: navy; FONT-FAMILY: Verdana\"><o:p><img id=img_1 src=\"\/\/www.livingtv.co.uk\/images\/paul-mcartney-michael-jackson-gal.jpg\"\/><\/o:p><\/span><\/p>\n<p class=MsoNormal style=\"MARGIN: 0cm 0cm 0pt; TEXT-ALIGN: justify\">\n<p class=MsoNormal style=\"MARGIN: 0cm 0cm 0pt; TEXT-ALIGN: justify\">\n<p class=MsoNormal style=\"MARGIN: 0cm 0cm 0pt; TEXT-ALIGN: justify\">\n<p class=MsoNormal style=\"MARGIN: 0cm 0cm 0pt; TEXT-ALIGN: justify\">\n<p class=MsoNormal style=\"MARGIN: 0cm 0cm 0pt; TEXT-ALIGN: justify\">\n<p class=MsoNormal style=\"MARGIN: 0cm 0cm 0pt; TEXT-ALIGN: justify\"><span style=\"FONT-SIZE: 10pt; COLOR: navy; FONT-FAMILY: Verdana\"><o:p><\/o:p><\/span><\/p>\n<p class=MsoNormal style=\"MARGIN: 0cm 0cm 0pt; TEXT-ALIGN: justify\"><span style=\"FONT-SIZE: 10pt; COLOR: navy; FONT-FAMILY: Verdana\">El otro d\u00eda, mi amigo Jos\u00e9 Manuel Gordillo, de <st1:personname w:st=\"on\" ProductID=\"la COPE\">la COPE<\/st1:personname>, me hizo llegar una versi\u00f3n extendida del tema que no conoc\u00eda. Yo he preferido mostrarles la canci\u00f3n cl\u00e1sica y enlazarles con el divertido videoclip que no tiene desperdicio. Es una gran canci\u00f3n que espero que disfruten e incluyan a partir de ahora entre sus favoritas.<\/span><\/p>\n<p><span style=\"FONT-SIZE: 10pt; COLOR: navy; FONT-FAMILY: Verdana\"><\/span><\/p>\n<p><span style=\"FONT-SIZE: 10pt; COLOR: navy; FONT-FAMILY: Verdana\"><\/span><\/p>\n<p><span style=\"FONT-SIZE: 10pt; COLOR: navy; FONT-FAMILY: Verdana\"><\/span><\/p>\n<p><span style=\"FONT-SIZE: 10pt; COLOR: navy; FONT-FAMILY: Verdana\"><o:p><\/o:p><\/span><\/p>\n<p class=MsoNormal style=\"MARGIN: 0cm 0cm 0pt; TEXT-ALIGN: justify\">\n<p class=MsoNormal style=\"MARGIN: 0cm 0cm 0pt; TEXT-ALIGN: justify\"><span style=\"FONT-SIZE: 10pt; COLOR: navy; FONT-FAMILY: Verdana\"><o:p><\/o:p><\/span><\/p>\n<p class=MsoNormal style=\"MARGIN: 0cm 0cm 0pt; TEXT-ALIGN: justify\"><span style=\"FONT-SIZE: 10pt; COLOR: navy; FONT-FAMILY: Verdana\">Queridos amigos, con todos vosotros dos grandes genios de la m\u00fasica Pop, Paul McCartney y Michael Jackson y su <font color=#ff0000>\u201cSay Say Say\u201d.<\/font><\/span><\/p>\n<p class=MsoNormal style=\"MARGIN: 0cm 0cm 0pt; TEXT-ALIGN: justify\"><font color=#ff0000><span style=\"FONT-SIZE: 10pt; COLOR: navy; FONT-FAMILY: Verdana\"><\/span><\/p>\n<p><span style=\"FONT-SIZE: 10pt; COLOR: navy; FONT-FAMILY: Verdana\"><\/span><span lang=ES style=\"FONT-SIZE: 10pt; COLOR: navy; FONT-FAMILY: Verdana; mso-ansi-language: ES\"><o:p><\/o:p><\/span><\/font> <\/p>\n<p class=MsoNormal style=\"MARGIN: 0cm 0cm 0pt; TEXT-ALIGN: justify\">\n<p><a href=\"http:\/\/www.youtube.com\/watch?v=kqBgn_sN94Y&#038;feature=related\">http:\/\/www.youtube.com\/watch?v=kqBgn_sN94Y&#038;feature=related<\/a><\/p>\n<p class=MsoNormal style=\"MARGIN: 0cm 0cm 0pt; TEXT-ALIGN: justify\">\n<p class=MsoNormal style=\"MARGIN: 0cm 0cm 0pt; TEXT-ALIGN: justify\">\n<!-- AddThis Advanced Settings generic via filter on the_content --><!-- AddThis Share Buttons generic via filter on the_content -->","protected":false},"excerpt":{"rendered":"<p>Corr\u00eda el a\u00f1o 1983 y Paul McCartney se encontraba trabajando en su inminente \u00e1lbum \u201cPipes Of Peace\u201d. Para ello requiri\u00f3 la colaboraci\u00f3n de su entonces \u00edntimo Michael Jackson, con quien ya hab\u00eda trabajado anteriormente en \u201cThe Girl is Mine\u201d, sencillo de debut del exitoso Thriller del desaparecido Jackson. \u00c9ste le devolvi\u00f3 la colaboraci\u00f3n y juntos [&hellip;]<!-- AddThis Advanced Settings generic via filter on get_the_excerpt --><!-- AddThis Share Buttons generic via filter on get_the_excerpt --><\/p>\n","protected":false},"author":14,"featured_media":0,"comment_status":"open","ping_status":"closed","sticky":false,"template":"","format":"standard","meta":[],"categories":[6],"tags":[1181,4966],"_links":{"self":[{"href":"https:\/\/blogs.hoy.es\/loch-lomond\/wp-json\/wp\/v2\/posts\/73"}],"collection":[{"href":"https:\/\/blogs.hoy.es\/loch-lomond\/wp-json\/wp\/v2\/posts"}],"about":[{"href":"https:\/\/blogs.hoy.es\/loch-lomond\/wp-json\/wp\/v2\/types\/post"}],"author":[{"embeddable":true,"href":"https:\/\/blogs.hoy.es\/loch-lomond\/wp-json\/wp\/v2\/users\/14"}],"replies":[{"embeddable":true,"href":"https:\/\/blogs.hoy.es\/loch-lomond\/wp-json\/wp\/v2\/comments?post=73"}],"version-history":[{"count":0,"href":"https:\/\/blogs.hoy.es\/loch-lomond\/wp-json\/wp\/v2\/posts\/73\/revisions"}],"wp:attachment":[{"href":"https:\/\/blogs.hoy.es\/loch-lomond\/wp-json\/wp\/v2\/media?parent=73"}],"wp:term":[{"taxonomy":"category","embeddable":true,"href":"https:\/\/blogs.hoy.es\/loch-lomond\/wp-json\/wp\/v2\/categories?post=73"},{"taxonomy":"post_tag","embeddable":true,"href":"https:\/\/blogs.hoy.es\/loch-lomond\/wp-json\/wp\/v2\/tags?post=73"}],"curies":[{"name":"wp","href":"https:\/\/api.w.org\/{rel}","templated":true}]}}