{"id":731,"date":"2012-02-26T18:08:26","date_gmt":"2012-02-26T17:08:26","guid":{"rendered":"http:\/\/blogs.hoy.es\/loch-lomond\/?p=731"},"modified":"2012-02-26T18:08:26","modified_gmt":"2012-02-26T17:08:26","slug":"llamar-a-las-cosas-por-su-nombre","status":"publish","type":"post","link":"https:\/\/blogs.hoy.es\/loch-lomond\/2012\/02\/26\/llamar-a-las-cosas-por-su-nombre\/","title":{"rendered":"Llamar a las cosas por su nombre"},"content":{"rendered":"<p>&nbsp;<\/p>\n<p>Enrique Falc\u00f3. Gordo con sentido del humor<\/p>\n<p><a href=\"\/loch-lomond\/wp-content\/uploads\/sites\/10\/2012\/02\/homer_simpson.jpg\"><img loading=\"lazy\" class=\"alignnone size-full wp-image-732\" title=\"homer_simpson\" src=\"\/loch-lomond\/wp-content\/uploads\/sites\/10\/2012\/02\/homer_simpson.jpg\" alt=\"\" width=\"320\" height=\"300\" srcset=\"https:\/\/static-blogs.hoy.es\/wp-content\/uploads\/sites\/10\/2012\/02\/homer_simpson.jpg 320w, https:\/\/static-blogs.hoy.es\/wp-content\/uploads\/sites\/10\/2012\/02\/homer_simpson-300x281.jpg 300w\" sizes=\"(max-width: 320px) 100vw, 320px\" \/><\/a><\/p>\n<p><span style=\"color: #000080;\">No me voy a descubrir a estas alturas, estar\u00eda bueno, despu\u00e9s de m\u00e1s de dos a\u00f1os d\u00e1ndole a la tecla para ustedes. Pero me atrever\u00eda a afirmar que quien siga regularmente mis art\u00edculos adivinar\u00e1 en m\u00ed humilde persona (dicho sea de paso con todo el respeto hacia las personas) gran capacidad para encajar deportivamente las cr\u00edticas, aunque \u00e9stas sean demoledoras. En m\u00e1s de una ocasi\u00f3n, incluso me he atrevido a afirmar que <a title=\"Cr\u00edticas (Enrique Falc\u00f3)\" href=\"https:\/\/blogs.hoy.es\/loch-lomond\/2010\/07\/06\/criticas\/\" target=\"_blank\">las cr\u00edticas me ponen cachondo<\/a> (con todo el respeto del mundo para los cachondos), qu\u00e9 se le va a hacer, cosas del morbo, que no tienen sentido ni justificaci\u00f3n alguna. Ser\u00e1 seguramente por aquello que un amigo me ense\u00f1\u00f3 de que no hay que tener en cuenta los elogios, pues estos te debilitan y consiguen acomodarte, y con ello bajar la guardia. Las cr\u00edticas sin embargo son como puyazos, que a los toros bravos los hace valientes, mientras que a los mansos (que a pesar de todo seg\u00fan <em>La vida de Brian <\/em>van a heredar la tierra,<em> <\/em>en detrimento de los gansos y los queseros<em>)<\/em> los pone a la defensiva. Soy tan masoca (y que los masoquistas no se me ofendan) que hasta ofrezco un correo electr\u00f3nico para que el personal se despache a gusto. Tambi\u00e9n, mis desocupados lectores sabr\u00e1n, que si soy docto en algo es precisamente en llamar a las cosas por su nombre, ya me entienden, que no escribo \u201cLos eventos consuetudinarios que acontecen en la r\u00faa\u201d (no me refiero a la <em><a title=\"Blog de \u00c1ngel Manuel G\u00f3mez Espada\" href=\"http:\/\/ruadosanjospretos.wordpress.com\/\" target=\"_blank\">Rua dos Anjos Pretos<\/a><\/em> de mi amigo el poeta <a title=\"\u00c1ngel Manuel G\u00f3mez Espada\" href=\"https:\/\/blogs.hoy.es\/loch-lomond\/2011\/11\/02\/angel-manuel-gomez-espada\/\" target=\"_blank\">\u00c1ngel Manuel G\u00f3mez Espada<\/a>) sino \u201cLo que pasa en la calle\u201d.<\/span><\/p>\n<p>&nbsp;<\/p>\n<div id=\"attachment_734\" style=\"width: 410px\" class=\"wp-caption alignnone\"><a href=\"\/loch-lomond\/wp-content\/uploads\/sites\/10\/2012\/02\/Ocatarinetabelachitchix.jpg\"><img aria-describedby=\"caption-attachment-734\" loading=\"lazy\" class=\"size-full wp-image-734\" title=\"Ocatarinetabelachitchix\" src=\"\/loch-lomond\/wp-content\/uploads\/sites\/10\/2012\/02\/Ocatarinetabelachitchix.jpg\" alt=\"Ocatarinetabelachitchix el corso, susceptible y orgulloso\" width=\"400\" height=\"400\" srcset=\"https:\/\/static-blogs.hoy.es\/wp-content\/uploads\/sites\/10\/2012\/02\/Ocatarinetabelachitchix.jpg 400w, https:\/\/static-blogs.hoy.es\/wp-content\/uploads\/sites\/10\/2012\/02\/Ocatarinetabelachitchix-150x150.jpg 150w, https:\/\/static-blogs.hoy.es\/wp-content\/uploads\/sites\/10\/2012\/02\/Ocatarinetabelachitchix-300x300.jpg 300w\" sizes=\"(max-width: 400px) 100vw, 400px\" \/><\/a><p id=\"caption-attachment-734\" class=\"wp-caption-text\">Ocatarinetabelachitchix el corso, susceptible y orgulloso<\/p><\/div>\n<p>&nbsp;<\/p>\n<p><span style=\"color: #000080;\">El pasado jueves, en este mismo diario, don Jes\u00fas Gumiel Barrag\u00e1n, presidente de COCEMFE en Badajoz, public\u00f3 una carta en la secci\u00f3n \u201cCartas al director\u201d en el que pretend\u00eda dar un peque\u00f1o tir\u00f3n de orejas a quienes, ampar\u00e1ndose en la intenci\u00f3n de provocar la risa, o bien de insultar o denigrar, hac\u00edan referencia a personas con discapacidad. No puedo estar m\u00e1s de acuerdo. El problema es que \u201ca modo de pincelada\u201d no se le ocurri\u00f3 otro ejemplo que el de mi art\u00edculo del pasado domingo <em><a title=\"con \u00e1nimo de ofender\" href=\"https:\/\/blogs.hoy.es\/loch-lomond\/2012\/02\/19\/con-animo-de-ofender\/\" target=\"_blank\">Con \u00e1nimo de ofender<\/a>, <\/em>en el que quien suscribe utiliz\u00f3 la expresi\u00f3n \u201cme da la sensaci\u00f3n de que en el fondo nos hablan como si fu\u00e9semos subnormales\u201d para criticar algunas palabras de los pol\u00edticos. Hace hincapi\u00e9 don Jes\u00fas adem\u00e1s en el t\u00edtulo del art\u00edculo, desconociendo sin duda que se trataba de un peque\u00f1o homenaje al maestro P\u00e9rez Reverte, pues as\u00ed se titula su primera recopilaci\u00f3n de art\u00edculos, donde juega (como era mi intenci\u00f3n) con la famosa frase \u201cSin \u00e1nimo de ofender\u201d. En ning\u00fan momento, v\u00e1lgame Dios, he tratado jam\u00e1s de molestar a personas con discapacidad, adem\u00e1s no me gusta usar esta palabra,\u201ddiscapacidad\u201d, entre otras cosas porque a estas personas las considero bien capaces. Subnormal no es m\u00e1s que un adjetivo que significa que una persona tiene una deficiencia mental de car\u00e1cter patol\u00f3gico. Bien es cierto que muchos la utilizan como insulto y para hacer re\u00edr, pero ese es su problema. Lo que no comprendo es c\u00f3mo don Jes\u00fas Gumiel Barrag\u00e1n pone al menda de ejemplo cuando no pretend\u00eda ni una cosa ni la otra.<\/span><\/p>\n<p><span style=\"color: #000080;\"><a href=\"\/loch-lomond\/wp-content\/uploads\/sites\/10\/2012\/02\/Bender.jpg\"><img loading=\"lazy\" class=\"alignnone size-full wp-image-735\" title=\"Bender\" src=\"\/loch-lomond\/wp-content\/uploads\/sites\/10\/2012\/02\/Bender.jpg\" alt=\"\" width=\"500\" height=\"587\" srcset=\"https:\/\/static-blogs.hoy.es\/wp-content\/uploads\/sites\/10\/2012\/02\/Bender.jpg 500w, https:\/\/static-blogs.hoy.es\/wp-content\/uploads\/sites\/10\/2012\/02\/Bender-256x300.jpg 256w\" sizes=\"(max-width: 500px) 100vw, 500px\" \/><\/a><\/span><\/p>\n<p><span style=\"color: #000080;\">Hemos llegado a un punto de susceptibilidad en el que parece que nos molesta todo y hay que ir pidiendo perd\u00f3n continuamente. Personalmente estoy muy concienciado de <a title=\"Negro\" href=\"https:\/\/blogs.hoy.es\/loch-lomond\/2010\/06\/11\/negro\/\" target=\"_blank\">las adversidades que sufren estas personas<\/a> (\u00bfQui\u00e9n no tiene amigos o familiares con problemas?) pero no me creo en la obligaci\u00f3n de pedir perd\u00f3n a todas ellas por utilizar una palabra. Durante la carrera coincid\u00ed en un curso con un chico ciego (que me perdonen los invidentes, y de paso tambi\u00e9n los videntes) y jam\u00e1s se molest\u00f3 cuando a la hora de hacer un trabajo coloquialmente alguien le preguntaba \u201ccomo lo ves\u201d, o cuando alguno comentaba que el otro d\u00eda se puso \u201cciego de pasteles\u201d. La normalidad en el lenguaje no deber\u00eda hacerle da\u00f1o a nadie, y tampoco el buen sentido del humor. Cita don Jes\u00fas al maestro Gila, del que recuerda que nunca empleaba palabras malsonantes ni ofensivas para hacer re\u00edr. Aunque debo ser bastante m\u00e1s joven que el se\u00f1or Gumiel no significa que no haya visionando bastante m\u00e1s videos que \u00e9l del gran maestro del humor. Y podr\u00eda representarle gags enteros, palabra por palabra. Le recordar\u00eda cuando el genio hablaba con las criadas (todo mi respeto para las empleadas de hogar) por tel\u00e9fono \u201cS\u00ed mi amor, s\u00ed mi reina, s\u00ed mi tesoro\u2026 es la criada\u2026 es m\u00e1s tonta\u2026 adem\u00e1s confunde las palabras\u2026me dice el otro d\u00eda \u201cMi novio llora mucho en el cine porque es muy semental\u201d. Qu\u00e9 quieren que les diga, me parto de la risa, igual que cuando parodiaba a los paletos de pueblo (mil perdones a los paletos y a todos los pueblos) \u201cSu padre nos dijo -me habr\u00e9is matao el hijo\u2026pero lo que me he re\u00eddo- y va la madre y se enfada, la t\u00eda asquerosa, y mi madre dijo \u2013 pues si no sabe aguantar una broma que se vaya del pueblo\u201d.<\/span><\/p>\n<p>&nbsp;<\/p>\n<div id=\"attachment_736\" style=\"width: 411px\" class=\"wp-caption alignnone\"><a href=\"\/loch-lomond\/wp-content\/uploads\/sites\/10\/2012\/02\/Gila_paleto.jpg\"><img aria-describedby=\"caption-attachment-736\" loading=\"lazy\" class=\"size-full wp-image-736\" title=\"Gila_paleto\" src=\"\/loch-lomond\/wp-content\/uploads\/sites\/10\/2012\/02\/Gila_paleto.jpg\" alt=\"No creo que nadie de pueblo, por muy peque\u00f1o que sea, se moleste por las divertidas ocurrencias del maestro Gila\" width=\"401\" height=\"347\" srcset=\"https:\/\/static-blogs.hoy.es\/wp-content\/uploads\/sites\/10\/2012\/02\/Gila_paleto.jpg 401w, https:\/\/static-blogs.hoy.es\/wp-content\/uploads\/sites\/10\/2012\/02\/Gila_paleto-300x260.jpg 300w\" sizes=\"(max-width: 401px) 100vw, 401px\" \/><\/a><p id=\"caption-attachment-736\" class=\"wp-caption-text\">No creo que nadie de pueblo, por muy peque\u00f1o que sea, se moleste por las divertidas ocurrencias del maestro Gila<\/p><\/div>\n<p>&nbsp;<\/p>\n<p><span style=\"color: #000080;\">Lo dicho, que sin \u00e1nimo de ofender, me gusta llamar a las cosas por su nombre, y al que no le guste puede privar a sus delicad\u00edsimos ojos de leer mis escritos, pero que se abstenga de intentar quedarme en evidencia p\u00fablicamente tild\u00e1ndome de lo que no soy. Alguna vez por tel\u00e9fono, cuando el interlocutor no me pone la cara, me ofende con frases como \u201cah s\u00ed, alto, moreno, fuertote\u201d o \u201cgordito\u201d \u201cregordete\u201d u \u201cobeso\u201d. Me gustar\u00eda que dijera \u201cAh s\u00ed, alto, moreno, gordo, con gafas\u201d. Nunca me molesto si se refieren a m\u00ed como gordo, porque estoy gordo, de la misma manera que si me dicen guapo, ya que soy tremendamente atractivo (con especial perd\u00f3n a los m\u00e1s modestos). Yo no s\u00e9 si nos hemos vuelto tontos, y perm\u00edtanme que no exprese mis respetos a \u00e9stos, ya que escribo para personas sencillas y con sentido del humor, y no para aquellos que insisten en complicarse la vida buscando tres pies al gato o tratando de ser m\u00e1s papistas que el propio Papa.<\/span><\/p>\n<p><em>Publicado en Diario HOY el 26\/02\/2012<\/em><\/p>\n<p><a href=\"http:\/\/lector.kioskoymas.com\/epaper\/showlink.aspx?bookmarkid=USC2K2TKOOO7&#038;preview=magnifier&#038;linkid=dfe12091-9cf8-4943-a7ed-826b31bb08c5&#038;pdaffid=1NEHCXDv4QZRFanP7KJR9A%3d%3d\"><img src=\"\/\/cache2-thumb1.pressdisplay.com\/pressdisplay\/docserver\/getimage.aspx?file=22012012022600000000001001&#038;page=30&#038;scale=23\" alt=\"\" \/><\/a><\/p>\n<!-- AddThis Advanced Settings generic via filter on the_content --><!-- AddThis Share Buttons generic via filter on the_content -->","protected":false},"excerpt":{"rendered":"<p>&nbsp; Enrique Falc\u00f3. Gordo con sentido del humor No me voy a descubrir a estas alturas, estar\u00eda bueno, despu\u00e9s de m\u00e1s de dos a\u00f1os d\u00e1ndole a la tecla para ustedes. Pero me atrever\u00eda a afirmar que quien siga regularmente mis art\u00edculos adivinar\u00e1 en m\u00ed humilde persona (dicho sea de paso con todo el respeto hacia [&hellip;]<!-- AddThis Advanced Settings generic via filter on get_the_excerpt --><!-- AddThis Share Buttons generic via filter on get_the_excerpt --><\/p>\n","protected":false},"author":14,"featured_media":0,"comment_status":"open","ping_status":"closed","sticky":false,"template":"","format":"standard","meta":[],"categories":[8],"tags":[264,845,982,1034,1242,1439,1472,1515,1741,1806,2304,2617,2635,2713,2929,3085,3103,3294,3372,3373,3797,4003,4025,4294,4312,4528,4647,4791,4792,4840,4841,5032,5042,5043,5084,5236],"_links":{"self":[{"href":"https:\/\/blogs.hoy.es\/loch-lomond\/wp-json\/wp\/v2\/posts\/731"}],"collection":[{"href":"https:\/\/blogs.hoy.es\/loch-lomond\/wp-json\/wp\/v2\/posts"}],"about":[{"href":"https:\/\/blogs.hoy.es\/loch-lomond\/wp-json\/wp\/v2\/types\/post"}],"author":[{"embeddable":true,"href":"https:\/\/blogs.hoy.es\/loch-lomond\/wp-json\/wp\/v2\/users\/14"}],"replies":[{"embeddable":true,"href":"https:\/\/blogs.hoy.es\/loch-lomond\/wp-json\/wp\/v2\/comments?post=731"}],"version-history":[{"count":0,"href":"https:\/\/blogs.hoy.es\/loch-lomond\/wp-json\/wp\/v2\/posts\/731\/revisions"}],"wp:attachment":[{"href":"https:\/\/blogs.hoy.es\/loch-lomond\/wp-json\/wp\/v2\/media?parent=731"}],"wp:term":[{"taxonomy":"category","embeddable":true,"href":"https:\/\/blogs.hoy.es\/loch-lomond\/wp-json\/wp\/v2\/categories?post=731"},{"taxonomy":"post_tag","embeddable":true,"href":"https:\/\/blogs.hoy.es\/loch-lomond\/wp-json\/wp\/v2\/tags?post=731"}],"curies":[{"name":"wp","href":"https:\/\/api.w.org\/{rel}","templated":true}]}}