{"id":739,"date":"2012-02-28T01:20:59","date_gmt":"2012-02-28T00:20:59","guid":{"rendered":"http:\/\/blogs.hoy.es\/loch-lomond\/?p=739"},"modified":"2012-02-28T01:20:59","modified_gmt":"2012-02-28T00:20:59","slug":"corazon-y-memoria","status":"publish","type":"post","link":"https:\/\/blogs.hoy.es\/loch-lomond\/2012\/02\/28\/corazon-y-memoria\/","title":{"rendered":"Coraz\u00f3n y memoria"},"content":{"rendered":"<p>&nbsp;<\/p>\n<p>Art\u00edculo publicado en la Revista Oficial del EXCMO. Ayuntamiento de Badajoz. <em>CARNAVAL 2012<\/em><\/p>\n<p>\u00a0<a href=\"\/loch-lomond\/wp-content\/uploads\/sites\/10\/2012\/02\/Carnaval-Badajoz-2012.jpg\"><img loading=\"lazy\" class=\"alignnone size-full wp-image-740\" title=\"Carnaval Badajoz 2012\" src=\"\/loch-lomond\/wp-content\/uploads\/sites\/10\/2012\/02\/Carnaval-Badajoz-2012.jpg\" alt=\"\" width=\"300\" height=\"300\" srcset=\"https:\/\/static-blogs.hoy.es\/wp-content\/uploads\/sites\/10\/2012\/02\/Carnaval-Badajoz-2012.jpg 300w, https:\/\/static-blogs.hoy.es\/wp-content\/uploads\/sites\/10\/2012\/02\/Carnaval-Badajoz-2012-150x150.jpg 150w\" sizes=\"(max-width: 300px) 100vw, 300px\" \/><\/a><\/p>\n<p><span style=\"color: #000080;\">Hablar del Carnaval de Badajoz, cuando uno es pacense y adem\u00e1s todav\u00eda ronda la treintena, no deja de antoj\u00e1rseme como un ejercicio muy grato, sano y bastante recomendable. Me atrever\u00eda a afirmar que incluso me resulta terap\u00e9utico. Yo a\u00fan dir\u00eda m\u00e1s, mi querido Hern\u00e1ndez, hasta me resulta muy terap\u00e9utico. Cuanto m\u00e1s si tan noble exposici\u00f3n se realiza de esta inmejorable tribuna que no es otra que esta Revista Oficial del Excmo. Ayuntamiento de Badajoz, desde donde por primera vez (y espero que por muchos a\u00f1os) me dirijo a ustedes, siendo consciente de la enorme responsabilidad para con mis conciudadanos, y con la finalidad de transmitirles mis impresiones sobre una fiesta, la nuestra, la de todos, que ocupa un lugar especial en mi coraz\u00f3n y en mi memoria.<\/span><\/p>\n<p><span style=\"color: #000080;\">El menda era hasta hace bien poco uno de tantos treinta\u00f1eros que, tras los excesos de la adolescencia y primeros a\u00f1os de juventud, comenzaba ya a renegar de una fiesta a la que consideraba de escaso sentido, y a la que cada a\u00f1o se resist\u00eda con m\u00e1s pereza. \u00a1Cuan traidores podemos llegar a ser los hombres cuando renegamos de nosotros mismos y de nuestros recuerdos m\u00e1s dulces y entra\u00f1ables! Gracias a Dios, el Tiempo, ese pu\u00f1etero mal nacido, fiscal implacable e impasible donde los haya, se encarga de poner a cada uno en su sitio, y de equiparar cada momento de tu vida en el espacio asignado por la memoria, la cual dictamina los recuerdos que se convertir\u00e1n en inquilinos de nuestro coraz\u00f3n y aquellos que sin embargo ser\u00e1n desechados y se volatilizar\u00e1n de nuestros recuerdos para siempre como polvo en la lluvia.<\/span><\/p>\n<p>&nbsp;<\/p>\n<a href=\"\/loch-lomond\/wp-content\/uploads\/sites\/10\/2012\/02\/Cano-de-Los-Ni\u00f1os.jpg\"><img loading=\"lazy\" class=\"size-medium wp-image-742\" title=\"Cano de Los Ni\u00f1os\" src=\"\/loch-lomond\/wp-content\/uploads\/sites\/10\/2012\/02\/Cano-de-Los-Ni\u00f1os.jpg\" alt=\"Cano de la Murga pacense \"Los Ni\u00f1os\" ganadores del Concurso de Murgas de 2012 del Carnaval de Badajoz\" width=\"300\" height=\"192\" srcset=\"https:\/\/static-blogs.hoy.es\/wp-content\/uploads\/sites\/10\/2012\/02\/Cano-de-Los-Ni\u00f1os.jpg 720w, https:\/\/static-blogs.hoy.es\/wp-content\/uploads\/sites\/10\/2012\/02\/Cano-de-Los-Ni\u00f1os-300x192.jpg 300w\" sizes=\"(max-width: 300px) 100vw, 300px\" \/><\/a>\n<p>&nbsp;<\/p>\n<p><span style=\"color: #000080;\">Fue hace un par de febreros, cuando me dispon\u00eda como cada domingo a dirigirme a mis desocupados lectores de <em>HOY, <\/em>cuando me rencontr\u00e9, gracias a la memoria, con <a title=\"Carnaval de Badajoz\" href=\"http:\/\/www.hoy.es\/v\/20100207\/opinion\/carnaval-20100207.html\" target=\"_blank\">el Carnaval de mi tierra<\/a>.<em> <\/em>Lo que comenz\u00f3 como un despliegue de cr\u00edtica con adem\u00e1n de desprecio y ninguneo, con cierta alevos\u00eda y bastante mala leche y peor caf\u00e9, acab\u00f3 convirti\u00e9ndose como quien no quiere la cosa en un entra\u00f1able homenaje a <a title=\"La fuerza del Carnaval\" href=\"http:\/\/www.hoy.es\/v\/20110306\/opinion\/fuerza-carnaval-20110306.html\" target=\"_blank\">la magia del Carnaval<\/a> de Badajoz. Resulta sorprendente viajar al centro del cerebro y comprobar c\u00f3mo uno de tus primeros recuerdos tangibles de la ni\u00f1ez es la de tu propia imagen, disfrazado de futbolista, embargado de ilusi\u00f3n y felicidad, acudiendo de la mano de tu madre a la guarder\u00eda, donde te esperaban todos tus compa\u00f1eros ataviados con sus disfraces. Si la mayor\u00eda de j\u00f3venes de mi quinta, hicieran un peque\u00f1o esfuerzo y viajaran a trav\u00e9s de su memoria m\u00e1s atr\u00e1s en el tiempo, no me cabe la menos duda de que la mayor\u00eda de \u00e9stos se sorprender\u00edan a s\u00ed mismos con recuerdos de parecida \u00edndole.<\/span><\/p>\n<p><span style=\"color: #000080;\">\u00a0Es curioso que el primer disfraz que recuerde sea el de futbolista, posiblemente ser\u00e1 por aquello de que todos nos disfrazamos de lo que nos gustar\u00eda ser, o de lo que nos hubiera gustado ser. Aunque no creo al cien por cien dicha afirmaci\u00f3n, pues en una ocasi\u00f3n, con 14 a\u00f1os, me disfrac\u00e9 de animadora rubia y con coletas, con sus pompones y todo, y dudo que jam\u00e1s de los jamases albergara en mi oronda inmensidad dedicarme a tan travestida profesi\u00f3n. Hay quien insiste en que no hay nada peor que un hombre disfrazado de mujer, ya que seg\u00fan las malas lenguas (que incluso por aqu\u00ed tambi\u00e9n las hay) alimenta la sospecha adem\u00e1s de hacer gala de un mal gusto considerable. Quien suscribe no mantiene tal m\u00e1xima, y sus conciudadanos seguramente tampoco, ya que nos hemos criado en la evidencia y en la opini\u00f3n de que lo que uno busca al disfrazarse es divertirse y divertir a los dem\u00e1s. \u00a1Qu\u00e9 ganas tienen algunos cenizos de ver la paja en el ojo ajeno e insistir en que algo no pueda dejar de ser divertido sin un trasfondo de dudosa negatividad!<\/span><\/p>\n<p><span style=\"color: #000080;\"><a href=\"\/loch-lomond\/wp-content\/uploads\/sites\/10\/2012\/02\/Comparsa-Badajoz.jpg\"><img loading=\"lazy\" class=\"alignnone size-medium wp-image-743\" title=\"Comparsa Badajoz\" src=\"\/loch-lomond\/wp-content\/uploads\/sites\/10\/2012\/02\/Comparsa-Badajoz.jpg\" alt=\"\" width=\"300\" height=\"198\" srcset=\"https:\/\/static-blogs.hoy.es\/wp-content\/uploads\/sites\/10\/2012\/02\/Comparsa-Badajoz.jpg 1200w, https:\/\/static-blogs.hoy.es\/wp-content\/uploads\/sites\/10\/2012\/02\/Comparsa-Badajoz-300x199.jpg 300w, https:\/\/static-blogs.hoy.es\/wp-content\/uploads\/sites\/10\/2012\/02\/Comparsa-Badajoz-768x509.jpg 768w, https:\/\/static-blogs.hoy.es\/wp-content\/uploads\/sites\/10\/2012\/02\/Comparsa-Badajoz-1024x678.jpg 1024w\" sizes=\"(max-width: 300px) 100vw, 300px\" \/><\/a><\/span><\/p>\n<p><span style=\"color: #000080;\">En Badajoz, el disfraz siempre ha sido lo de menos. Una simple excusa en pos de la diversi\u00f3n m\u00e1s sana y la b\u00fasqueda inagotable de la media sonrisa o la explosiva carcajada. A\u00fan recuerdo, no sin cierta nostalgia, cuando en mi grupo de amigos, cansados ya de los preparativos y de lo dif\u00edcil que era ponerse de acuerdo, nos inventamos el m\u00e1s c\u00f3modo y sencillo de los disfraces. Hartos de pasar fr\u00edo en anteriores ediciones, y de cargar con los m\u00e1s a absurdos accesorios, nos enfund\u00e1bamos unas viejas batas de m\u00e9dico sobre nuestras ropas de abrigo que maque\u00e1bamos para la ocasi\u00f3n. Algunos a\u00f1ad\u00edan, como \u00fanico accesorio, enormes y divertidas jeringuillas que como bien pueden imaginar no cumpl\u00edan sino una funci\u00f3n estrictamente et\u00edlica. Existen, por el contrario, quienes se toman muy en serio todo lo referente al disfraz. Lo deciden con suficiente tiempo junto a sus pandillas de amigos, y gastan no poco estipendio en la consecuci\u00f3n y complementos de lo mismos, y a \u00e9stos se les nota un brillo especial en los ojos cuando se los enfundan por primera vez para escuchar el preg\u00f3n del Viernes de Carnaval, con los primeros tambores como tel\u00f3n de fondo. Ese tambor, que por cierto no deja indiferente a nadie. Algunos lo aman por considerarlo el s\u00edmbolo del Carnaval de Badajoz, otros reniegan de \u00e9l afirmando que es un pe\u00f1azo. Un servidor no opina ni lo uno ni lo otro\u2026 sino todo lo contrario. Existen momentos apropiados para el <a title=\"Cajas y bombos del Carnaval\" href=\"https:\/\/blogs.hoy.es\/loch-lomond\/2012\/02\/15\/cajas-y-bombos-del-carnaval\/\" target=\"_blank\">tambor<\/a>, de la misma manera que los hay para el baile, el cante o una conversaci\u00f3n distendida y animada. Aunque mentir\u00eda si no reconociera que en esta ciudad, el noble y dif\u00edcil arte de la percusi\u00f3n se toma muy a la ligera. Existen quienes realmente ejecutan un trabajo admirable en las tamboradas y en el desfile del domingo, pero igualmente hay muchos que en cuanto portan un par de baquetas en las manos se creen que pueden emular a <a title=\"Phil Collins (Easy Lover)\" href=\"https:\/\/blogs.hoy.es\/loch-lomond\/2010\/11\/05\/easy-lover\/\" target=\"_blank\">Phil Collins<\/a>, y \u00e9stos resultan algo pesados. Lo poco agrada y lo mucho cansa, y las comparsas, numeros\u00edsimas por cierto, deber\u00edan replantearse si tras las tamboradas y el desfile, no ser\u00eda m\u00e1s adecuado poner en pr\u00e1ctica el antiguo y sabio dicho griego que afirma que en el t\u00e9rmino medio se encuentra la virtud. A muchos les sorprende mi poca devoci\u00f3n por las percusiones de las comparsas (que no por el excelente y vistoso resultado de sus majestuosos trajes), ya que a priori dan por hecho, que habiendo tocado la <a title=\"Bater\u00eda Falc\u00f3\" href=\"http:\/\/cronicasdelpaseomaritimo.blogspot.com\/2011\/06\/bateria-falco.html\" target=\"_blank\">bater\u00eda <\/a>tantos a\u00f1os en agrupaciones pacenses, lo gozo de lo lindo con sus creaciones. En defensa de \u00e9stas habr\u00eda que matizar que tras tantos a\u00f1os, la posibilidad de sorprender es cada vez m\u00e1s compleja a pesar del enorme esfuerzo y dedicaci\u00f3n de sus componentes.<\/span><\/p>\n<p><span style=\"color: #000080;\"><a href=\"\/loch-lomond\/wp-content\/uploads\/sites\/10\/2012\/02\/Los-murallitas.jpg\"><img loading=\"lazy\" class=\"alignnone size-medium wp-image-744\" title=\"Los murallitas\" src=\"\/loch-lomond\/wp-content\/uploads\/sites\/10\/2012\/02\/Los-murallitas.jpg\" alt=\"\" width=\"300\" height=\"204\" srcset=\"https:\/\/static-blogs.hoy.es\/wp-content\/uploads\/sites\/10\/2012\/02\/Los-murallitas.jpg 838w, https:\/\/static-blogs.hoy.es\/wp-content\/uploads\/sites\/10\/2012\/02\/Los-murallitas-300x204.jpg 300w, https:\/\/static-blogs.hoy.es\/wp-content\/uploads\/sites\/10\/2012\/02\/Los-murallitas-768x522.jpg 768w\" sizes=\"(max-width: 300px) 100vw, 300px\" \/><\/a><\/span><\/p>\n<p><span style=\"color: #000080;\">La verdad es que en los \u00faltimos a\u00f1os disfruto m\u00e1s con las ocurrentes murgas, cuyo concurso sube de categor\u00eda en cada nueva edici\u00f3n hasta extremos de tener que organizar preliminares para asegurar cierto nivel en la final. Siempre he preferido a las murgas m\u00e1s divertidas, en detrimento de las denominadas m\u00e1s serias, pero disfruto musicalmente con ambas. En varias murgas pacenses podemos encontrar algunas de las mejores voces y m\u00e1s soberbias guitarras, y en casi todas ellas un arte impecable y un trabajo realmente imaginativo en sus percusiones, cuyos m\u00fasicos ejecutantes no suelen recibir elogios equiparables al resto de colegas. El alto nivel y el enorme grado de coordinaci\u00f3n existente en muchos de ellos consiguen como resultado final que su murga parezca contar con una bater\u00eda completa en lugar de un simple bombo con platillos y una caja. Se escuchan ritmos bases de pop, de m\u00fasica disco, de rumba, de salsa, de heavy e incluso de reggaet\u00f3n. Con sus redobles de caja y timbal, y sus caracter\u00edsticos sonidos de \u201chi hat\u201d abri\u00e9ndose y cerr\u00e1ndose. Desde estas l\u00edneas ruego el justo reconocimiento a su encomiable labor.<\/span><\/p>\n<p>&nbsp;<\/p>\n<div id=\"attachment_745\" style=\"width: 265px\" class=\"wp-caption alignnone\"><a href=\"\/loch-lomond\/wp-content\/uploads\/sites\/10\/2012\/02\/Anto\u00f1ita-la-telefonista-de-Los-Murallitas.jpg\"><img aria-describedby=\"caption-attachment-745\" loading=\"lazy\" class=\"size-full wp-image-745\" title=\"Anto\u00f1ita la telefonista de Los Murallitas\" src=\"\/loch-lomond\/wp-content\/uploads\/sites\/10\/2012\/02\/Anto\u00f1ita-la-telefonista-de-Los-Murallitas.jpg\" alt=\"Anto\u00f1ita la telefonista de Los Murallitas\" width=\"255\" height=\"300\" \/><\/a><p id=\"caption-attachment-745\" class=\"wp-caption-text\">Anto\u00f1ita la telefonista de Los Murallitas<\/p><\/div>\n<p>&nbsp;<\/p>\n<p><span style=\"color: #000080;\">Siempre me ha resultado digno de admiraci\u00f3n lo volcada y presente que se haya gran parte de la ciudadan\u00eda pacense en todo lo referente a nuestro Carnaval. Es raro no conocer a nadie de tu entorno que no figure en comparsa o murga, o que sea parte del equipo de alguna asociaci\u00f3n que organiza desfiles infantiles de disfraces o cualquier acto relacionado con nuestra fiesta. Solo as\u00ed se explica el hecho de que el Carnaval de Badajoz haya sido declarado Fiesta de Inter\u00e9s Tur\u00edstico Nacional. Algunas voces animan a trabajar m\u00e1s en pos de una mayor difusi\u00f3n fuera de nuestras fronteras, para que cada vez m\u00e1s personas se animen y se unan a los miles que nos visitan cada a\u00f1o, algo que especialmente a m\u00ed, como ciudadano me agrada e ilusiona profundamente. Pero sin olvidar que m\u00e1s all\u00e1 de la difusi\u00f3n nacional, y de la promoci\u00f3n que pueda suponer para nuestra ciudad, el Carnaval debe ser ante todo, un recuerdo constante, un habitante ejemplar de nuestra memoria, para no olvidarnos de la fiesta que todos los pacenses debemos llevar por y para siempre en nuestro coraz\u00f3n.<\/span><\/p>\n<!-- AddThis Advanced Settings generic via filter on the_content --><!-- AddThis Share Buttons generic via filter on the_content -->","protected":false},"excerpt":{"rendered":"<p>&nbsp; Art\u00edculo publicado en la Revista Oficial del EXCMO. Ayuntamiento de Badajoz. CARNAVAL 2012 \u00a0 Hablar del Carnaval de Badajoz, cuando uno es pacense y adem\u00e1s todav\u00eda ronda la treintena, no deja de antoj\u00e1rseme como un ejercicio muy grato, sano y bastante recomendable. Me atrever\u00eda a afirmar que incluso me resulta terap\u00e9utico. Yo a\u00fan dir\u00eda [&hellip;]<!-- AddThis Advanced Settings generic via filter on get_the_excerpt --><!-- AddThis Share Buttons generic via filter on get_the_excerpt --><\/p>\n","protected":false},"author":14,"featured_media":0,"comment_status":"open","ping_status":"closed","sticky":false,"template":"","format":"standard","meta":[],"categories":[2],"tags":[131,437,824,826,1110,1192,1397,1412,1484,1485,1509,1515,1806,2030,2094,2096,2496,2820,2997,3103,3603,3845,3846,3994,4040,4392,4463,4867,4868,4869,5080,5248],"_links":{"self":[{"href":"https:\/\/blogs.hoy.es\/loch-lomond\/wp-json\/wp\/v2\/posts\/739"}],"collection":[{"href":"https:\/\/blogs.hoy.es\/loch-lomond\/wp-json\/wp\/v2\/posts"}],"about":[{"href":"https:\/\/blogs.hoy.es\/loch-lomond\/wp-json\/wp\/v2\/types\/post"}],"author":[{"embeddable":true,"href":"https:\/\/blogs.hoy.es\/loch-lomond\/wp-json\/wp\/v2\/users\/14"}],"replies":[{"embeddable":true,"href":"https:\/\/blogs.hoy.es\/loch-lomond\/wp-json\/wp\/v2\/comments?post=739"}],"version-history":[{"count":0,"href":"https:\/\/blogs.hoy.es\/loch-lomond\/wp-json\/wp\/v2\/posts\/739\/revisions"}],"wp:attachment":[{"href":"https:\/\/blogs.hoy.es\/loch-lomond\/wp-json\/wp\/v2\/media?parent=739"}],"wp:term":[{"taxonomy":"category","embeddable":true,"href":"https:\/\/blogs.hoy.es\/loch-lomond\/wp-json\/wp\/v2\/categories?post=739"},{"taxonomy":"post_tag","embeddable":true,"href":"https:\/\/blogs.hoy.es\/loch-lomond\/wp-json\/wp\/v2\/tags?post=739"}],"curies":[{"name":"wp","href":"https:\/\/api.w.org\/{rel}","templated":true}]}}