{"id":746,"date":"2012-03-01T03:48:00","date_gmt":"2012-03-01T02:48:00","guid":{"rendered":"http:\/\/blogs.hoy.es\/loch-lomond\/?p=746"},"modified":"2012-03-01T03:48:00","modified_gmt":"2012-03-01T02:48:00","slug":"manuel-larios-varela","status":"publish","type":"post","link":"https:\/\/blogs.hoy.es\/loch-lomond\/2012\/03\/01\/manuel-larios-varela\/","title":{"rendered":"Manuel Larios Varela"},"content":{"rendered":"<p>&nbsp;<\/p>\n<div class=\"mceTemp\">\n<div id=\"attachment_751\" style=\"width: 210px\" class=\"wp-caption alignnone\"><a href=\"\/loch-lomond\/wp-content\/uploads\/sites\/10\/2012\/03\/El-loto-azul-raro1.jpg\"><img aria-describedby=\"caption-attachment-751\" loading=\"lazy\" class=\"size-medium wp-image-751\" title=\"El loto azul raro\" src=\"\/loch-lomond\/wp-content\/uploads\/sites\/10\/2012\/03\/El-loto-azul-raro1.jpg\" alt=\"El Loto Azul...una secci\u00f3n especial!\" width=\"200\" height=\"300\" srcset=\"https:\/\/static-blogs.hoy.es\/wp-content\/uploads\/sites\/10\/2012\/03\/El-loto-azul-raro1.jpg 480w, https:\/\/static-blogs.hoy.es\/wp-content\/uploads\/sites\/10\/2012\/03\/El-loto-azul-raro1-200x300.jpg 200w\" sizes=\"(max-width: 200px) 100vw, 200px\" \/><\/a><p id=\"caption-attachment-751\" class=\"wp-caption-text\">El Loto Azul...una secci\u00f3n especial!<\/p><\/div>\n<\/div>\n<p>Despu\u00e9s del febrero m\u00e1s seco de los \u00faltimos a\u00f1os (en todos los sentidos posibles y aspectos) me parece m\u00e1s que apropiado comenzar el esperado mes de marzo con una de las secciones m\u00e1s especiales de este blog, <a title=\"El Loto Azul en Don de LOCH LOMOND\" href=\"https:\/\/blogs.hoy.es\/loch-lomond\/category\/el-loto-azul-2\/\" target=\"_blank\">El Loto Azul<\/a>, \u00a0ya que sin duda, especiales son tambi\u00e9n las personas que lo honran, dign\u00e1ndose a participar en \u00e9l y de \u00e9l, ofreciendo a mis lectores el mejor trago de un LOCH LOMOND a medias, ya que cuanto menos no deja de ser un copazo a dos manos. Por una parte brindo a mis lectores la oportunidad de conocer a alguien que merece mucho la pena, y a la vez a los lectores de nuestros colaboradores la oportunidad de descubrir este blog, que siempre tiene las puertas abiertas para todo aquel que pretenda echar un rato entretenido y amable, y que no tema al buen humor.<\/p>\n<div id=\"attachment_752\" style=\"width: 310px\" class=\"wp-caption alignnone\"><a href=\"\/loch-lomond\/wp-content\/uploads\/sites\/10\/2012\/03\/Ricardo-Larios.jpg\"><img aria-describedby=\"caption-attachment-752\" loading=\"lazy\" class=\"size-medium wp-image-752\" title=\"Ricardo Larios\" src=\"\/loch-lomond\/wp-content\/uploads\/sites\/10\/2012\/03\/Ricardo-Larios.jpg\" alt=\"Ricar...Mi vecino... y amigo de toda la vida\" width=\"300\" height=\"225\" srcset=\"https:\/\/static-blogs.hoy.es\/wp-content\/uploads\/sites\/10\/2012\/03\/Ricardo-Larios.jpg 400w, https:\/\/static-blogs.hoy.es\/wp-content\/uploads\/sites\/10\/2012\/03\/Ricardo-Larios-300x225.jpg 300w\" sizes=\"(max-width: 300px) 100vw, 300px\" \/><\/a><p id=\"caption-attachment-752\" class=\"wp-caption-text\">Ricar... Mi vecino... y amigo de toda la vida<\/p><\/div>\n<p>Todas las colaboraciones son especiales, pero mentir\u00eda si no remarcase \u00e9sta como muy especial. Nuestros amigos en la vida pueden catalogarse como muy importantes, ya que de una u otra manera influir\u00e1n para siempre en nuestra vida. De la misma forma, su entorno m\u00e1s cercano, su propia familia, tambi\u00e9n habr\u00e1 de jugar un papel imprescindible en nuestro coraz\u00f3n y memoria. Hoy quiero hablarles del padre de mi amigo <a title=\"darksound\" href=\"https:\/\/blogs.hoy.es\/loch-lomond\/2010\/12\/03\/hong-kong-holidays\/\" target=\"_blank\">Ricardo Larios<\/a>, del que ya sabr\u00e1n mis lectores que me une una gran amistad, y del que les he hablado en innumerables ocasiones.<\/p>\n<div id=\"attachment_753\" style=\"width: 240px\" class=\"wp-caption alignnone\"><a href=\"\/loch-lomond\/wp-content\/uploads\/sites\/10\/2012\/03\/Manuel-Larios-retrato_al_sol1.jpg\"><img aria-describedby=\"caption-attachment-753\" loading=\"lazy\" class=\"size-medium wp-image-753\" title=\"Manuel Larios retrato_al_sol\" src=\"\/loch-lomond\/wp-content\/uploads\/sites\/10\/2012\/03\/Manuel-Larios-retrato_al_sol1.jpg\" alt=\"Manuel Larios Varela\" width=\"230\" height=\"300\" srcset=\"https:\/\/static-blogs.hoy.es\/wp-content\/uploads\/sites\/10\/2012\/03\/Manuel-Larios-retrato_al_sol1.jpg 944w, https:\/\/static-blogs.hoy.es\/wp-content\/uploads\/sites\/10\/2012\/03\/Manuel-Larios-retrato_al_sol1-230x300.jpg 230w, https:\/\/static-blogs.hoy.es\/wp-content\/uploads\/sites\/10\/2012\/03\/Manuel-Larios-retrato_al_sol1-768x1000.jpg 768w, https:\/\/static-blogs.hoy.es\/wp-content\/uploads\/sites\/10\/2012\/03\/Manuel-Larios-retrato_al_sol1-787x1024.jpg 787w\" sizes=\"(max-width: 230px) 100vw, 230px\" \/><\/a><p id=\"caption-attachment-753\" class=\"wp-caption-text\">Manuel Larios Varela<\/p><\/div>\n<p>Conoc\u00ed a <a title=\"nostalgias musicales\" href=\"https:\/\/blogs.hoy.es\/loch-lomond\/2011\/08\/16\/nostalgias-musicales\/\" target=\"_blank\">Ricardo<\/a>, el hijo de Manuel Larios Varela, a la edad de 6 a\u00f1os. Acababa de llegar a Badajoz y a sus padres no se les ocurri\u00f3 mejor sitio para establecerse que en el cuarto B de mi mismo portal. Es gracioso, pero nuestras madres se conocieron a la salida de nuestro colegio (el General Navarro por supuesto) y esperaban impacientes nuestra salida para presentarnos, deseando que nos convirti\u00e9ramos en amigos, ya que viv\u00edamos en el mismo portal. Perd\u00edan el tiempo, pues Ricardo y yo ya nos hab\u00edamos convertido en el recreo en amigos de toda la vida. Evidentemente ser tan peque\u00f1os y vivir en la misma escalera nos hac\u00eda pasar muchas horas uno en casa del otro. La casa de Ricardo era m\u00e1s grande, y ellos s\u00f3lo eran cuatro, por lo que puede decirse que era mi menda quien cohabitaba su casa horas y horas perturbando la paz de su inmejorable familia. As\u00ed conoc\u00ed a su hermana Mar\u00eda (pr\u00e1cticamente un beb\u00e9) su madre Mari Carmen y a su padre, Manuel Larios, nuestro protagonista de hoy.<\/p>\n<div id=\"attachment_754\" style=\"width: 272px\" class=\"wp-caption alignnone\"><a href=\"\/loch-lomond\/wp-content\/uploads\/sites\/10\/2012\/03\/Manuel-Larios-retrato_lisboa.jpg\"><img aria-describedby=\"caption-attachment-754\" loading=\"lazy\" class=\"size-medium wp-image-754\" title=\"Manuel Larios retrato_lisboa\" src=\"\/loch-lomond\/wp-content\/uploads\/sites\/10\/2012\/03\/Manuel-Larios-retrato_lisboa.jpg\" alt=\"Manuel Larios Varela en uno de sus innumerables viajes, esta vez en Lisboa\" width=\"262\" height=\"300\" srcset=\"https:\/\/static-blogs.hoy.es\/wp-content\/uploads\/sites\/10\/2012\/03\/Manuel-Larios-retrato_lisboa.jpg 466w, https:\/\/static-blogs.hoy.es\/wp-content\/uploads\/sites\/10\/2012\/03\/Manuel-Larios-retrato_lisboa-262x300.jpg 262w\" sizes=\"(max-width: 262px) 100vw, 262px\" \/><\/a><p id=\"caption-attachment-754\" class=\"wp-caption-text\">Manuel Larios Varela en uno de sus innumerables viajes, esta vez en Lisboa<\/p><\/div>\n<p>Me gustaban sus padres, eran m\u00e1s j\u00f3venes que los m\u00edos, y adem\u00e1s Manolo ten\u00eda un equipo de m\u00fasica realmente espectacular. Su amor por la m\u00fasica se lo contagi\u00f3 a su hijo desde peque\u00f1o, y de paso un poco a m\u00ed, ya que pasaba tantas horas en su casa que me embriagaba de tanta musicalidad. Fue en casa de Ricardo donde pude escuchar por primera vez un Compact Disc, y en el que descubr\u00ed por primera vez un CD original de <a title=\"The Beatles por Enrique Falc\u00f3\" href=\"http:\/\/elcoloquiodelosperros.net\/numero28\/mu28en.html\" target=\"_blank\">The Beatles<\/a>. Mientras Ricardo y yo nos dedic\u00e1bamos a gamberrear, escuch\u00e1bamos de fondo el &#8220;<a title=\"Englishman in new york\" href=\"https:\/\/blogs.hoy.es\/loch-lomond\/2010\/09\/10\/englishman-in-new-york\/\" target=\"_blank\">EnglishMan In New York<\/a>&#8221; de Sting, o los primeros discos de Prince, as\u00ed como maravillosa m\u00fasica cl\u00e1sica con la que nos obsequiaba de fondo, creando sin darse cuenta una propia B.S.O. de nuestra vida. A Manolo tambi\u00e9n le apasionaba la inform\u00e1tica, y nos instru\u00eda sobre Basic y programaci\u00f3n, tambi\u00e9n el deporte, llev\u00e1ndonos con \u00e9l a jugar al tenis, al baloncesto, o a ver los partidos del PADEBA, para animar a nuestro idolatrado Paco Garza. Manolo tambi\u00e9n se defend\u00eda con la guitarra, y siempre, ya algo m\u00e1s mayores, pasaba junto a nosotros largos ratos en el cuarto de mi amigo sacando los acordes de las canciones de Rem o de Queen. Nunca se me olvidar\u00e1, que a la edad de 11 \u00f3 12 a\u00f1os, mientras Ricardo se cambiaba para salir por ah\u00ed con nuestros amigos, fue\u00a0 Manolo quien me ense\u00f1\u00f3 qu\u00e9 es lo que hac\u00eda realmente un bajo en un grupo, \u00a0con el &#8220;Here Comes The Sun&#8221; de The Beatles de fondo. El tocaba la guitarra ac\u00fastica, y yo, que llevaba ya tiempo interesado en los Beatles, me mor\u00eda de ganas de saber cual era ese maravilloso instrumento que portaba el vanidoso McCartney. No se me ocurri\u00f3 mejor persona a quien preguntar. As\u00ed qu\u00e9 puede decirse que don Manuel Larios me instruy\u00f3 sobre un instrumento que ser\u00eda decisivo en mi vida (aunque desde los 13 a\u00f1os he ejercido de bater\u00eda el bajo siempre ha sido y ser\u00e1 mi instrumento favorito).<\/p>\n<div id=\"attachment_755\" style=\"width: 310px\" class=\"wp-caption alignnone\"><a href=\"\/loch-lomond\/wp-content\/uploads\/sites\/10\/2012\/03\/Manuel-Larios-retrato_londres.jpg\"><img aria-describedby=\"caption-attachment-755\" loading=\"lazy\" class=\"size-medium wp-image-755\" title=\"OLYMPUS DIGITAL CAMERA\" src=\"\/loch-lomond\/wp-content\/uploads\/sites\/10\/2012\/03\/Manuel-Larios-retrato_londres.jpg\" alt=\"don Manuel Larios, gran amante de la buena m\u00fasica y de los viajes no pod\u00eda dejar de visitar Londres\" width=\"300\" height=\"200\" srcset=\"https:\/\/static-blogs.hoy.es\/wp-content\/uploads\/sites\/10\/2012\/03\/Manuel-Larios-retrato_londres.jpg 1189w, https:\/\/static-blogs.hoy.es\/wp-content\/uploads\/sites\/10\/2012\/03\/Manuel-Larios-retrato_londres-300x200.jpg 300w, https:\/\/static-blogs.hoy.es\/wp-content\/uploads\/sites\/10\/2012\/03\/Manuel-Larios-retrato_londres-768x513.jpg 768w, https:\/\/static-blogs.hoy.es\/wp-content\/uploads\/sites\/10\/2012\/03\/Manuel-Larios-retrato_londres-1024x684.jpg 1024w\" sizes=\"(max-width: 300px) 100vw, 300px\" \/><\/a><p id=\"caption-attachment-755\" class=\"wp-caption-text\">don Manuel Larios, gran amante de la buena m\u00fasica y de los viajes no pod\u00eda dejar de visitar Londres<\/p><\/div>\n<p>Cuando apenas llevaba unos meses publicando en HOY, encontr\u00e9 en google por casualidad, una p\u00e1gina que por fin hablaba sobre m\u00ed como articulista (ya conocen ustedes que junto a la p\u00e9sima caligraf\u00eda mi peque\u00f1a dosis de vanidad es uno de mis m\u00e1s deplorables defectos). Se trataba de un blog. Yo hab\u00eda o\u00eddo hablar de ellos pero no me atra\u00edan nada (iron\u00edas del destino). En \u00e9l encontr\u00e9 una peque\u00f1a entrada, titulada \u201c<a title=\"http:\/\/mlvcosas.blogspot.com\/2010\/01\/enrique-falco-en-hoy.html\" href=\"http:\/\/elcoloquiodelosperros.net\/numero28\/mu28en.html\" target=\"_blank\">Enrique Falc\u00f3 en HOY<\/a>\u201d que rezaba de tal guisa \u201cPor fin alguien que cuenta cosas importantes en el peri\u00f3dico HOY\u201d. Mentir\u00eda si no reconozco que se me cayeron dos lagrimones. \u00a1Aquella persona que me hab\u00eda visto comerme los mocos, al que le hab\u00eda jorobado siestas, roto raquetas, estropeado muebles en su casa, y que se hab\u00eda visto obligado a cargar conmigo en excursiones, cenas y comidas familiares, encontraba interesantes mis art\u00edculos! Desde aquel d\u00eda la idea de ostentar un blog en el futuro dej\u00f3 de parecerme rid\u00edcula, y me obligu\u00e9 a m\u00ed mismo a prometerme a aguantar con paciencia al plasta amigo \u00edntimo de mi futuro hijo con la paciencia que don Manuel Larios tuvo conmigo. Dicho sea de paso, aquel blog que descubr\u00ed, <em><a title=\"Todas las cosas (Manuel Larios)\" href=\"http:\/\/mlvcosas.blogspot.com\/\" target=\"_blank\">Todas las cosas <\/a><\/em>se convirti\u00f3 necesariamente en uno de mis favoritos. En \u00e9l, Manolo, como el buen refranero popular, no se casa con nadie, y nos cuenta de t\u00fa a t\u00fa lo mismo que nos contar\u00eda en la barra del bar m\u00e1s cercano. Menci\u00f3n especial para los mel\u00f3manos merece otro de sus exquisitos blogs, <em><a title=\"Todas las M\u00fasicas (Manuel Larios)\" href=\"http:\/\/almusics.blogspot.com\/\" target=\"_blank\">Todas las M\u00fasicas<\/a> <\/em>un espacio del que ya hemos hablado largo y tendido en este blog, y del que deber\u00eda convertirse en lugar de peregrinaje para todos aquellos amantes de la buena m\u00fasica aficionados al LOCH LOMOND. En \u00e9l he descubierto grupos, solistas e instrumentistas de los que jam\u00e1s habr\u00eda o\u00eddo hablar sin el bueno de Manolo Larios. S\u00e9 que me estoy explayando en mi presentaci\u00f3n, y que el protagonista de hoy es \u00e9l, y el pedazo de post que nos regala sobre la buena m\u00fasica, pero no puedo enga\u00f1arles, cuando hablo sobre gente que aprecio no puedo dejar de escribir, y mentir\u00eda si no les confieso que pr\u00e1cticamente lo que les cuento hoy no ser\u00eda m\u00e1s que una vulgar mini introducci\u00f3n para lo que merece una persona a la que tanto respeto.<\/p>\n<p>Con todos ustedes don <span style=\"color: #ff0000;\">Manuel Larios Varela<\/span> y su <em>Todas las M\u00fasicas en Badajoz<\/em>. Desde hoy uno de sus espacios imprescindibles. Me lo agradecer\u00e1n.<\/p>\n<p>&nbsp;<\/p>\n<p><span style=\"color: #000080; text-decoration: underline;\"><strong>TODAS LAS M\u00daSICAS EN BADAJOZ.<\/strong><\/span><\/p>\n<p><span style=\"color: #000080;\">\u00a0<\/span><\/p>\n<p><span style=\"color: #000080;\">Ahora que han llegado las vacas flaqu\u00edsimas se me vienen a la memoria los muchos\u00a0 buenos ratos que hemos pasado los aficionados a la m\u00fasica en Badajoz. Los amigos que dej\u00e9 en Madrid cuando me vine a vivir a la ciudad me preguntaban muchas veces si no echaba de menos los conciertos a los que all\u00ed sol\u00edamos acudir tanto en el Auditorio Nacional, (entonces no estaba el Real reformado), como en el Whisky Jazz, la sala Clamores o el Colegio Mayor San Juan Evangelista, este ultimo convertido entonces en la catedral del Jazz, (o tal vez ser\u00eda m\u00e1s propio decir la ermita del jazz, que tampoco es tan grande). Yo les contestaba que lo que hab\u00eda perdido en oferta, que en Badajoz era evidentemente menor que en Madrid, lo hab\u00eda ganado en inmediatez, de manera que aqu\u00ed era m\u00e1s f\u00e1cil acudir a cualquier evento de lo que lo era en la gran urbe, acudiendo a la salida del trabajo a un concierto sin m\u00e1s p\u00e9rdidas de tiempo ni preparativos que dar un corto paseo hasta el Menacho o, posteriormente, hasta el L\u00f3pez de Ayala.<\/span><\/p>\n<p><span style=\"color: #000080;\"><a href=\"\/loch-lomond\/wp-content\/uploads\/sites\/10\/2012\/03\/lorin-maazel996.jpg\"><img loading=\"lazy\" class=\"alignnone size-medium wp-image-756\" title=\"Maazel. Verdi Requiem. 3.29.06\" src=\"\/loch-lomond\/wp-content\/uploads\/sites\/10\/2012\/03\/lorin-maazel996.jpg\" alt=\"\" width=\"300\" height=\"199\" srcset=\"https:\/\/static-blogs.hoy.es\/wp-content\/uploads\/sites\/10\/2012\/03\/lorin-maazel996.jpg 800w, https:\/\/static-blogs.hoy.es\/wp-content\/uploads\/sites\/10\/2012\/03\/lorin-maazel996-300x200.jpg 300w, https:\/\/static-blogs.hoy.es\/wp-content\/uploads\/sites\/10\/2012\/03\/lorin-maazel996-768x512.jpg 768w\" sizes=\"(max-width: 300px) 100vw, 300px\" \/><\/a><\/span><\/p>\n<p><span style=\"color: #000080;\">He visto a Lorin Maazel, el director de orquesta norteamericano de origen franc\u00e9s que dirigi\u00f3 la Filarm\u00f3nica de Nueva York, anteriormente la de Cleveland, la Orquesta de la \u00d3pera de Viena (1982 &#8211; 1984), la Orquesta Sinf\u00f3nica de Pittsburgh (1988 &#8211; 1996), y la Orquesta Sinf\u00f3nica de la Radio de Baviera (1993 &#8211; 2002), y que ha terminado contratado por la muy poderosa (econ\u00f3micamente hablando) Comunidad Valenciana, lo he visto, digo, en el Auditorio de verano \u201cRicardo Carapeto\u201d dirigiendo una orquesta de festival en un verano ya lejano, para lo que tuvimos que construirle un entablado con varios niveles donde colocar los m\u00fasicos. He visto solistas como el violinista alem\u00e1n Frank Peter Zimmermann, el trombonista, director y compositor sueco Christian Lindberg, el mejor especialista vivo en el tromb\u00f3n, he disfrutado de la maestr\u00eda y la sensibilidad de la pianista lusa Maria Jo\u00e3o Pires, una de las grandes figuras mundiales del piano y tantos y tantos buenos m\u00fasicos que, a trav\u00e9s de la Sociedad Filarm\u00f3nica,\u00a0 con el apoyo de la Diputaci\u00f3n Provincial o de la Orquesta de Extremadura, han venido a darnos a conocer su maestr\u00eda y buen arte musical.<\/span><\/p>\n<p><span style=\"color: #000080;\">Hacia el a\u00f1o 1983, los grandes guitarristas del jazz de la posguerra que hab\u00edan seguido el camino de Charlie Christian, (muerto en en 1942), tambi\u00e9n hab\u00edan desaparecido: Django Reinhardt en 1953 con 43 a\u00f1os y Wes Montgomery en 1968 con la misma edad. Los m\u00fasicos de jazz de entonces no se cuidaban mucho, seg\u00fan parece. El cr\u00edtico Juan Claudio Cifuentes dec\u00eda recientemente que el mejor guitarrista de jazz para \u00e9l ha sido Kenny Burrel. Kenny ha debido cuidarse m\u00e1s porque con 81 a\u00f1os a\u00fan vive. Yo le vi tocar en el antiguo Teatro Menacho a mediados de los ochenta con una t\u00e9cnica impresionante. Joe Henderson ha tocado con casi todo el mundo que ha sido algo en el jazz. No hay m\u00e1s que consultar su discograf\u00eda en la Wikipedia. Su \u00faltimo disco lo grav\u00f3 con Terence Blanchard en 1999, un par de a\u00f1os antes de morir. Yo vi en aquellos a\u00f1os ochenta a Joe Henderson en el mismo teatro Menacho. Tal vez el mejor m\u00fasico de jazz latino sea\u00a0 Paquito de Ribera, a quien tambi\u00e9n vi en ese teatro por entonces. Un a\u00f1o en que estaba de vacaciones me perd\u00ed la actuaci\u00f3n en Badajoz de Ron Carter, el mejor contrabajista de jazz que ha habido, (seg\u00fan mi amigo Jos\u00e9 Vicente que es profesor de contrabajo en el Conservatorio de Segovia). Recientemente he visto en el L\u00f3pez de Ayala a los mejores m\u00fasicos que ahora mismo se mueven por Nueva York \u00a0o Los Angeles, como Brad Mehldau, Joshua Redman, Kurt Rosenwinkel, Terence Blanchard, Roy Hargrove y muchos m\u00e1s.<\/span><\/p>\n<p><span style=\"color: #000080;\"><a href=\"\/loch-lomond\/wp-content\/uploads\/sites\/10\/2012\/03\/jose-menese.jpg\"><img loading=\"lazy\" class=\"alignnone size-medium wp-image-757\" title=\"jose-menese\" src=\"\/loch-lomond\/wp-content\/uploads\/sites\/10\/2012\/03\/jose-menese.jpg\" alt=\"\" width=\"300\" height=\"300\" srcset=\"https:\/\/static-blogs.hoy.es\/wp-content\/uploads\/sites\/10\/2012\/03\/jose-menese.jpg 350w, https:\/\/static-blogs.hoy.es\/wp-content\/uploads\/sites\/10\/2012\/03\/jose-menese-150x150.jpg 150w, https:\/\/static-blogs.hoy.es\/wp-content\/uploads\/sites\/10\/2012\/03\/jose-menese-300x300.jpg 300w\" sizes=\"(max-width: 300px) 100vw, 300px\" \/><\/a><\/span><\/p>\n<p><span style=\"color: #000080;\">He visto en Badajoz a Jos\u00e9 Menese, una vez en la Asociaci\u00f3n de Arte Flamenco y otra en el MEIAC, a Carmen Linares, Vicente Amigo, Tomatito, Rancapino, Estrella Morente y un largo etc\u00e9tera que incluye algunos que me perd\u00ed por distintas causas como Camar\u00f3n, Lebrijano, y m\u00e1s recientemente Miguel Poveda o Enrique Morente, (a quien pude ver en M\u00e9rida).<\/span><\/p>\n<p><span style=\"color: #000080;\">Los m\u00fasicos, cantantes y cantautores en el \u00e1mbito de las m\u00fasicas m\u00e1s populares que he podido disfrutar en esta ciudad engrosar\u00edan una lista que se har\u00eda interminable. Por ejemplo, una noche despu\u00e9s de una magn\u00edfica actuaci\u00f3n de Joaqu\u00edn Sabina en la Plaza de Toros recuerdo pararnos a charlar un rato con \u00e9l frente al bar La Colmena en la plaza-fuente de la Constituci\u00f3n y recuerdo tambi\u00e9n que a mi amiga Manoli le firm\u00f3 un billete de mil pesetas porque en aquel momento no ten\u00eda otra objeto donde inmortalizar su aut\u00f3grafo. Mi amiga, por cierto, se gast\u00f3 el billete en cuanto que vio que no le quedaba otro, porque pueden m\u00e1s las necesidades econ\u00f3micas que las de la nostalgia, la admiraci\u00f3n o el recuerdo cari\u00f1oso, por mucho que se diga lo contrario.<\/span><\/p>\n<p><span style=\"color: #000080;\"><a href=\"\/loch-lomond\/wp-content\/uploads\/sites\/10\/2012\/03\/Joaqu\u00edn-Sabina.jpg\"><img loading=\"lazy\" class=\"alignnone size-medium wp-image-758\" title=\"JOAQUIN SABINA\" src=\"\/loch-lomond\/wp-content\/uploads\/sites\/10\/2012\/03\/Joaqu\u00edn-Sabina.jpg\" alt=\"\" width=\"300\" height=\"213\" srcset=\"https:\/\/static-blogs.hoy.es\/wp-content\/uploads\/sites\/10\/2012\/03\/Joaqu\u00edn-Sabina.jpg 563w, https:\/\/static-blogs.hoy.es\/wp-content\/uploads\/sites\/10\/2012\/03\/Joaqu\u00edn-Sabina-300x213.jpg 300w\" sizes=\"(max-width: 300px) 100vw, 300px\" \/><\/a><\/span><\/p>\n<p><span style=\"color: #000080;\">Quiero decir con todo esto que tal vez no nos demos cuenta de lo mucho que tenemos hasta que no lo vemos comprometido. Es como la salud, hasta que uno no est\u00e1 enfermo no es consciente de la inmensa maravilla que es la vida cuando no se tienen enfermedades. He visto tocar en el L\u00f3pez a m\u00fasicos norteamericanos que deb\u00edan de quedarse at\u00f3nitos al comprobar el edificio de que dispon\u00eda una peque\u00f1a ciudad de provincias como es la nuestra, acostumbrados a tocar en tugurios l\u00fagubres a pesar de su gran categor\u00eda musical. Incluso alg\u00fan m\u00fasico como el anteriormente mencionado Christian Lindberg, tal vez no haya encontrado en ese para\u00edso del Estado de Bienestar que son los pa\u00edses escandinavos, locales tan apropiados como los que encontr\u00f3 en esta ciudad del profundo sur europeo. Tenemos ciclos de m\u00fasica contempor\u00e1nea, festivales de m\u00fasica cl\u00e1sica, una orquesta de Extremadura que tiene un gran potencial, un festival de jazz veterano que nos ha malacostumbrado a recibir a figuras americanas, europeas y espa\u00f1ola de primera fila, Badasom ofrece en las noches de verano flamenco y fados, una gran combinaci\u00f3n para una ciudad de frontera.<\/span><\/p>\n<p><span style=\"color: #000080;\">\u00a0Racionalizar el gasto es algo muy conveniente. Tal vez en el pasado se debi\u00f3 dise\u00f1ar \u00a0con m\u00e1s prudencia el gasto cultural, pero hay que tener cuidado con la merma que podemos recibir en el disfrute de nuestros derechos, porque una rebaja en las prestaciones es lo mismo que una bajada en el sueldo. Y la cultura tambi\u00e9n importa. Y mucho.<\/span><\/p>\n<!-- AddThis Advanced Settings generic via filter on the_content --><!-- AddThis Share Buttons generic via filter on the_content -->","protected":false},"excerpt":{"rendered":"<p>&nbsp; Despu\u00e9s del febrero m\u00e1s seco de los \u00faltimos a\u00f1os (en todos los sentidos posibles y aspectos) me parece m\u00e1s que apropiado comenzar el esperado mes de marzo con una de las secciones m\u00e1s especiales de este blog, El Loto Azul, \u00a0ya que sin duda, especiales son tambi\u00e9n las personas que lo honran, dign\u00e1ndose a [&hellip;]<!-- AddThis Advanced Settings generic via filter on get_the_excerpt --><!-- AddThis Share Buttons generic via filter on get_the_excerpt --><\/p>\n","protected":false},"author":14,"featured_media":0,"comment_status":"open","ping_status":"closed","sticky":false,"template":"","format":"standard","meta":[],"categories":[3],"tags":[236,372,393,394,437,448,455,477,500,505,578,733,821,877,966,1063,1101,1315,1360,1439,1515,1669,1800,1806,1812,1911,1924,1985,2124,2170,2195,2398,2496,2585,2723,2759,2829,2872,2989,3103,3122,3123,3224,3303,3332,3417,3479,3820,3849,3854,3939,4007,4218,4307,4347,4423,4471,4778,4888,4924,4947,5017,5019,5020,5028,5179,5223],"_links":{"self":[{"href":"https:\/\/blogs.hoy.es\/loch-lomond\/wp-json\/wp\/v2\/posts\/746"}],"collection":[{"href":"https:\/\/blogs.hoy.es\/loch-lomond\/wp-json\/wp\/v2\/posts"}],"about":[{"href":"https:\/\/blogs.hoy.es\/loch-lomond\/wp-json\/wp\/v2\/types\/post"}],"author":[{"embeddable":true,"href":"https:\/\/blogs.hoy.es\/loch-lomond\/wp-json\/wp\/v2\/users\/14"}],"replies":[{"embeddable":true,"href":"https:\/\/blogs.hoy.es\/loch-lomond\/wp-json\/wp\/v2\/comments?post=746"}],"version-history":[{"count":0,"href":"https:\/\/blogs.hoy.es\/loch-lomond\/wp-json\/wp\/v2\/posts\/746\/revisions"}],"wp:attachment":[{"href":"https:\/\/blogs.hoy.es\/loch-lomond\/wp-json\/wp\/v2\/media?parent=746"}],"wp:term":[{"taxonomy":"category","embeddable":true,"href":"https:\/\/blogs.hoy.es\/loch-lomond\/wp-json\/wp\/v2\/categories?post=746"},{"taxonomy":"post_tag","embeddable":true,"href":"https:\/\/blogs.hoy.es\/loch-lomond\/wp-json\/wp\/v2\/tags?post=746"}],"curies":[{"name":"wp","href":"https:\/\/api.w.org\/{rel}","templated":true}]}}