{"id":762,"date":"2012-03-04T18:02:59","date_gmt":"2012-03-04T17:02:59","guid":{"rendered":"http:\/\/blogs.hoy.es\/loch-lomond\/?p=762"},"modified":"2012-03-04T18:02:59","modified_gmt":"2012-03-04T17:02:59","slug":"el-febrero-mas-seco","status":"publish","type":"post","link":"https:\/\/blogs.hoy.es\/loch-lomond\/2012\/03\/04\/el-febrero-mas-seco\/","title":{"rendered":"El febrero m\u00e1s seco"},"content":{"rendered":"<p>&nbsp;<\/p>\n<p>Enrique Falc\u00f3. Pot\u00f3mano<\/p>\n<p>&nbsp;<\/p>\n<div id=\"attachment_763\" style=\"width: 310px\" class=\"wp-caption alignnone\"><a href=\"\/loch-lomond\/wp-content\/uploads\/sites\/10\/2012\/03\/Tint\u00edn-y-el-Capit\u00e1n.jpg\"><img aria-describedby=\"caption-attachment-763\" loading=\"lazy\" class=\"size-medium wp-image-763\" title=\"Tint\u00edn y el Capit\u00e1n\" src=\"\/loch-lomond\/wp-content\/uploads\/sites\/10\/2012\/03\/Tint\u00edn-y-el-Capit\u00e1n.jpg\" alt=\"Tint\u00edn y Haddock atravesando el desierto sin una gota de agua... y lo que es peor \u00a1Sin LOCH LOMOND! \u00a1Pobre capit\u00e1n!\" width=\"300\" height=\"240\" srcset=\"https:\/\/static-blogs.hoy.es\/wp-content\/uploads\/sites\/10\/2012\/03\/Tint\u00edn-y-el-Capit\u00e1n.jpg 1280w, https:\/\/static-blogs.hoy.es\/wp-content\/uploads\/sites\/10\/2012\/03\/Tint\u00edn-y-el-Capit\u00e1n-300x240.jpg 300w, https:\/\/static-blogs.hoy.es\/wp-content\/uploads\/sites\/10\/2012\/03\/Tint\u00edn-y-el-Capit\u00e1n-768x614.jpg 768w, https:\/\/static-blogs.hoy.es\/wp-content\/uploads\/sites\/10\/2012\/03\/Tint\u00edn-y-el-Capit\u00e1n-1024x819.jpg 1024w\" sizes=\"(max-width: 300px) 100vw, 300px\" \/><\/a><p id=\"caption-attachment-763\" class=\"wp-caption-text\">Tint\u00edn y Haddock atravesando el desierto sin una gota de agua... y lo que es peor \u00a1Sin LOCH LOMOND! \u00a1Pobre capit\u00e1n!<\/p><\/div>\n<p><span style=\"color: #000080;\">Tan indudable como que el mundo es mundo y que \u00e9ste gira alrededor del sol, resulta el hecho de afirmar que hace apenas cuatro d\u00edas hemos dicho adi\u00f3s al febrero m\u00e1s seco de la historia, en todos los aspectos. Enjuto y seco, y en n\u00fameros rojos quedaron mis bolsillos y cuenta corriente, que como podr\u00e1n adivinar, es bastante corriente, como el agua corriente que bebo del grifo de mi ciudad, Badajoz, la mejor agua del mundo. Afortunadamente el menda, que es de la opini\u00f3n de que hay que tener amigos hasta en el Infierno, se va salvando gracias a \u00e9stos como mejor sabe o puede, o le dejan, que ya no sabe uno que inventar. Pero centr\u00e9monos en otro tipo de sequedad, la que tanto preocupa \u00faltimamente. Desde que tengo uso de raz\u00f3n siempre he sentido que la lluvia no deja indiferente a nadie, especialmente a la gente de campo, que tanto gusta de quejarse si llueve porque llueve y si no llueve porque no llueve.<\/span><\/p>\n<p><span style=\"color: #000080;\"><a href=\"\/loch-lomond\/wp-content\/uploads\/sites\/10\/2012\/03\/La-caravana.jpg\"><img loading=\"lazy\" class=\"alignnone size-medium wp-image-765\" title=\"La caravana\" src=\"\/loch-lomond\/wp-content\/uploads\/sites\/10\/2012\/03\/La-caravana.jpg\" alt=\"\" width=\"225\" height=\"300\" srcset=\"https:\/\/static-blogs.hoy.es\/wp-content\/uploads\/sites\/10\/2012\/03\/La-caravana.jpg 550w, https:\/\/static-blogs.hoy.es\/wp-content\/uploads\/sites\/10\/2012\/03\/La-caravana-225x300.jpg 225w\" sizes=\"(max-width: 225px) 100vw, 225px\" \/><\/a><\/span><\/p>\n<p><span style=\"color: #000080;\">\u00a0\u201cLa gente nunca est\u00e1 contenta\u201d reflexionaba el gran Lucky Luke en la caravana de pioneros que \u00e9l mismo capitaneaba a trav\u00e9s del viejo Oeste con destino a la so\u00f1ada California. La traves\u00eda del desierto, con las reservas agotadas del l\u00edquido elemento, se antojaba insufrible e interminable. Cuando todo parec\u00eda perdido, por fin la lluvia hizo su aparici\u00f3n, y los pioneros recibieron aquellas gotas como el man\u00e1 ca\u00eddo del cielo que era. Tras la euforia de los primeros instantes, y saciada la sed, la lluvia comenzaba a molestar, hasta que por fin uno de los capataces inform\u00f3 a Lucky Luke de esta guisa: \u201cPor culpa de esta maldita lluvia hay varios vagones atascados\u201d. \u201cLa Caravana\u201d es sin lugar a dudas uno de los mejores \u00e1lbumes del vaquero m\u00e1s r\u00e1pido que su propia sombra.<\/span><\/p>\n<p><span style=\"color: #000080;\"><a href=\"\/loch-lomond\/wp-content\/uploads\/sites\/10\/2012\/03\/homer-sediento.gif\"><img loading=\"lazy\" class=\"alignnone size-medium wp-image-766\" title=\"homer sediento\" src=\"\/loch-lomond\/wp-content\/uploads\/sites\/10\/2012\/03\/homer-sediento.gif\" alt=\"\" width=\"300\" height=\"286\" \/><\/a><\/span><\/p>\n<p><span style=\"color: #000080;\">Soy consciente de que el agua es un bien imprescindible, y lamentablemente m\u00e1s escaso de lo que nos gustar\u00eda. Debemos hacer un buen uso de ella, intentado ahorrar y evitando su desperdicio, sin que ello signifique que renunciemos a \u00e9sta acompa\u00f1ada de un buen jab\u00f3n o que olvidemos tirar de la cisternilla del cuarto de ba\u00f1o cuando en la sagrada intimidad de su recinto hagamos lo que seg\u00fan nuestras necesidades convenga en cada momento. Mi \u201cse\u00f1o\u201d de Segundo de EGB, Do\u00f1a Loli M\u00e1rquez, me ense\u00f1\u00f3 desde muy peque\u00f1ito que <a title=\"H2O\" href=\"https:\/\/blogs.hoy.es\/loch-lomond\/2011\/06\/24\/h2o\/\" target=\"_blank\">el agua es inodora, incolora e ins\u00edpida<\/a>, aunque a m\u00ed, su sabor me sigue pareciendo maravilloso. No comprendo como puede haber gente que repudie su especial sabor y esa fant\u00e1stica sensaci\u00f3n que acompa\u00f1a. Beber agua cuando se tiene sed es un placer inmejorable a un precio realmente econ\u00f3mico. Nunca entender\u00e9 a los que insistiendo en su sed beben cerveza, vino o cualquier otro l\u00edquido. Cuando mi menda bebe Loch Lomond no pretende calmar su sed, al menos esa sed. Para la sed de justicia no puedo recetarles nada, pero para la sed a secas simplemente beber abundante agua. No les exagero afirmando que puedo beberme al d\u00eda 4 \u00f3 5 litros, aunque ello signifique que deba visitar m\u00e1s veces de las deseadas el cuarto de ba\u00f1o para aligerar la vejiga. Si a ello a\u00f1adimos que hace ya mucho tiempo mont\u00e9 una cruzada contra la retenci\u00f3n de l\u00edquidos y que a la menor gana acudo raudo y veloz a la evacuaci\u00f3n, se deja entrever que me paso gran parte de la jornada subiendo y bajando la cremallera, pero a cambio jam\u00e1s he sufrido de estre\u00f1imiento ni padecido de problemas de ri\u00f1\u00f3n alguno.<\/span><\/p>\n<p><span style=\"color: #000080;\"><a href=\"\/loch-lomond\/wp-content\/uploads\/sites\/10\/2012\/03\/Homer-sed.jpg\"><img loading=\"lazy\" class=\"alignnone size-medium wp-image-767\" title=\"Homer sed\" src=\"\/loch-lomond\/wp-content\/uploads\/sites\/10\/2012\/03\/Homer-sed.jpg\" alt=\"\" width=\"300\" height=\"202\" srcset=\"https:\/\/static-blogs.hoy.es\/wp-content\/uploads\/sites\/10\/2012\/03\/Homer-sed.jpg 500w, https:\/\/static-blogs.hoy.es\/wp-content\/uploads\/sites\/10\/2012\/03\/Homer-sed-300x202.jpg 300w\" sizes=\"(max-width: 300px) 100vw, 300px\" \/><\/a><\/span><\/p>\n<p><span style=\"color: #000080;\">Aunque me preocupe esta sequ\u00eda, como a todos, realmente dicho desasosiego no alcanza graves cotas, ya que vengo comprobando desde hace muchos a\u00f1os que no deja de ser un ciclo que se repite intermitentemente. Tras uno o dos a\u00f1os muy secos la lluvia se presenta de repente y vuelve a poner las cosas en su sitio. Arriba a mi sesera el recuerdo de aquel a\u00f1o tan seco, 1994. El 95 se presentaba igual, y tras el pertinente verano <em>HOY <\/em>public\u00f3 una foto en portada que causaba grima y mucha tristeza. La de un r\u00edo Guadiana totalmente seco a su paso por Badajoz, en el que casi se pod\u00eda atravesar a pie. De repente, un buen d\u00eda de octubre comenz\u00f3 a llover y ya no par\u00f3 hasta muchos meses despu\u00e9s, en el que se empezaron a abrir las compuertas de los pantanos porque el caudal del r\u00edo comenzaba a presentar un aspecto que daba miedo cruzar el puente. Quien suscribe conf\u00eda en que las lluvias llegar\u00e1n alg\u00fan d\u00eda y se quedar\u00e1n una buena temporada, y todos los que ahora las echamos de menos comenzaremos a ciscarnos en sus miserias como los pioneros de la caravana de Lucky Luke. <\/span><\/p>\n<p><span style=\"color: #000080;\"><a href=\"\/loch-lomond\/wp-content\/uploads\/sites\/10\/2012\/03\/dracula.jpg\"><img loading=\"lazy\" class=\"alignnone size-medium wp-image-768\" title=\"dracula\" src=\"\/loch-lomond\/wp-content\/uploads\/sites\/10\/2012\/03\/dracula.jpg\" alt=\"\" width=\"300\" height=\"212\" srcset=\"https:\/\/static-blogs.hoy.es\/wp-content\/uploads\/sites\/10\/2012\/03\/dracula.jpg 874w, https:\/\/static-blogs.hoy.es\/wp-content\/uploads\/sites\/10\/2012\/03\/dracula-300x213.jpg 300w, https:\/\/static-blogs.hoy.es\/wp-content\/uploads\/sites\/10\/2012\/03\/dracula-768x545.jpg 768w\" sizes=\"(max-width: 300px) 100vw, 300px\" \/><\/a><\/span><\/p>\n<p><span style=\"color: #000080;\">Me gustar\u00eda que esto estuviera escrito como met\u00e1fora, ya saben, que la sequ\u00eda insinuara la terrible situaci\u00f3n econ\u00f3mica y que las lluvias que regar\u00e1n nuestros campos se refirieran a tiempos mejores, pero lamentablemente esta otra sequ\u00eda no se soluciona mirando al cielo, o tal vez s\u00ed, por aquello de rogar al alt\u00edsimo, o a Buda, o a Superman. A ver si alguno de los tres hace algo porque a m\u00ed ya se me han acabado las ideas, y con esto de la sequ\u00eda tengo secas hasta las cuencas de los ojos del Guadiana, que aparece y desaparece como mi sueldo. Siempre me gust\u00f3 febrero, aunque me dan mucho coraje los febreros de 29 d\u00edas. \u00c9ste \u00faltimo ha sido para olvidar.\u00a0 A ver como se porta marzo. El problema es que son 31 d\u00edas. A lo mejor esa podr\u00eda ser la soluci\u00f3n, que los meses tuvieran menos d\u00edas, ya que a todos parece ocurrirnos aquello de faltarnos mes para llegar a fin de sueldo. \u00a1Qu\u00e9 le vamos a hacer! La sed de verdad es insaciable.<\/span><\/p>\n<p>&nbsp;<\/p>\n<p>&nbsp;<\/p>\n<p><em>Publicado en Diario HOY el 04\/03\/2012<\/em><\/p>\n<p><a href=\"http:\/\/lector.kioskoymas.com\/epaper\/showlink.aspx?bookmarkid=V80TTNKXPRL8&#038;preview=magnifier&#038;linkid=675f9453-a698-4170-af54-8e1bd6d2c796&#038;pdaffid=1NEHCXDv4QZRFanP7KJR9A%3d%3d\"><img src=\"\/\/cache2-thumb1.pressdisplay.com\/pressdisplay\/docserver\/getimage.aspx?file=22012012030400000000001001&#038;page=30&#038;scale=23\" alt=\"\" \/><\/a><\/p>\n<!-- AddThis Advanced Settings generic via filter on the_content --><!-- AddThis Share Buttons generic via filter on the_content -->","protected":false},"excerpt":{"rendered":"<p>&nbsp; Enrique Falc\u00f3. Pot\u00f3mano &nbsp; Tan indudable como que el mundo es mundo y que \u00e9ste gira alrededor del sol, resulta el hecho de afirmar que hace apenas cuatro d\u00edas hemos dicho adi\u00f3s al febrero m\u00e1s seco de la historia, en todos los aspectos. Enjuto y seco, y en n\u00fameros rojos quedaron mis bolsillos y [&hellip;]<!-- AddThis Advanced Settings generic via filter on get_the_excerpt --><!-- AddThis Share Buttons generic via filter on get_the_excerpt --><\/p>\n","protected":false},"author":14,"featured_media":0,"comment_status":"open","ping_status":"closed","sticky":false,"template":"","format":"standard","meta":[],"categories":[8],"tags":[153,437,749,907,1003,1258,1515,1639,1806,2030,2596,2660,2858,3073,3088,3103,3116,3194,4167,4480,4609,4611,4613,4636,4653,5265],"_links":{"self":[{"href":"https:\/\/blogs.hoy.es\/loch-lomond\/wp-json\/wp\/v2\/posts\/762"}],"collection":[{"href":"https:\/\/blogs.hoy.es\/loch-lomond\/wp-json\/wp\/v2\/posts"}],"about":[{"href":"https:\/\/blogs.hoy.es\/loch-lomond\/wp-json\/wp\/v2\/types\/post"}],"author":[{"embeddable":true,"href":"https:\/\/blogs.hoy.es\/loch-lomond\/wp-json\/wp\/v2\/users\/14"}],"replies":[{"embeddable":true,"href":"https:\/\/blogs.hoy.es\/loch-lomond\/wp-json\/wp\/v2\/comments?post=762"}],"version-history":[{"count":0,"href":"https:\/\/blogs.hoy.es\/loch-lomond\/wp-json\/wp\/v2\/posts\/762\/revisions"}],"wp:attachment":[{"href":"https:\/\/blogs.hoy.es\/loch-lomond\/wp-json\/wp\/v2\/media?parent=762"}],"wp:term":[{"taxonomy":"category","embeddable":true,"href":"https:\/\/blogs.hoy.es\/loch-lomond\/wp-json\/wp\/v2\/categories?post=762"},{"taxonomy":"post_tag","embeddable":true,"href":"https:\/\/blogs.hoy.es\/loch-lomond\/wp-json\/wp\/v2\/tags?post=762"}],"curies":[{"name":"wp","href":"https:\/\/api.w.org\/{rel}","templated":true}]}}