{"id":769,"date":"2012-03-07T01:16:27","date_gmt":"2012-03-07T00:16:27","guid":{"rendered":"http:\/\/blogs.hoy.es\/loch-lomond\/?p=769"},"modified":"2012-03-07T01:16:27","modified_gmt":"2012-03-07T00:16:27","slug":"bicicleta-cuchara-manzana","status":"publish","type":"post","link":"https:\/\/blogs.hoy.es\/loch-lomond\/2012\/03\/07\/bicicleta-cuchara-manzana\/","title":{"rendered":"Bicicleta, cuchara, manzana"},"content":{"rendered":"<p>&nbsp;<\/p>\n<p><span style=\"color: #000080;\">\u00a0<a href=\"\/loch-lomond\/wp-content\/uploads\/sites\/10\/2012\/03\/moder-family.jpg\"><img loading=\"lazy\" class=\"alignnone size-full wp-image-771\" title=\"moder family\" src=\"\/loch-lomond\/wp-content\/uploads\/sites\/10\/2012\/03\/moder-family.jpg\" alt=\"\" width=\"257\" height=\"196\" \/><\/a><\/span><\/p>\n<p><span style=\"color: #000080;\">Ayer noche, tras degustar una op\u00edpara ensalada de las m\u00edas, y de las que tanto le gustan a mi novia (aunque no se lo crean, preparo unas ensaladas que quitan el hipo, no todo va a ser carnaza) me decid\u00ed a relajarme y re\u00edrme un rato con la divertid\u00edsima serie <em>Modern Family <\/em>en el canal<em> Neox. <\/em>Me la hab\u00edan recomendado hace ya muchos meses mis cu\u00f1ados <a title=\"Jes\u00fas Prudencio Gamino\" href=\"http:\/\/fabulario.com\/\" target=\"_blank\">Jes\u00fas<\/a> y Olivia, quienes insist\u00edan en que mi menda les recordaba a Cam (Para que se hagan una idea, el gordo gay de la serie) pero creo que no me decid\u00ed a verla hasta hace un par de meses, cuando mis amigos <a title=\"\u00d3scar Vadillo\" href=\"https:\/\/blogs.hoy.es\/loch-lomond\/2011\/06\/10\/oscar-vadillo\/\" target=\"_blank\">\u00d3scar Vadillo<\/a> y <a title=\"Adolfo Portillo Campini\" href=\"https:\/\/blogs.hoy.es\/loch-lomond\/2011\/10\/21\/adolfo-portillo-campini\/\" target=\"_blank\">Adolfo Campini<\/a>, y sus respectivas, me confesaron lo mismo. Gracias a la magia de Internet en apenas un par de semanas me ventil\u00e9 las tres temporadas disponibles, unos 60 cap\u00edtulos desternillantes y lamentablemente de apenas 20 minutos cada uno.<\/span><\/p>\n<p>&nbsp;<\/p>\n<div id=\"attachment_772\" style=\"width: 410px\" class=\"wp-caption alignnone\"><a href=\"\/loch-lomond\/wp-content\/uploads\/sites\/10\/2012\/03\/Cam.jpg\"><img aria-describedby=\"caption-attachment-772\" loading=\"lazy\" class=\"size-full wp-image-772\" title=\"Cam\" src=\"\/loch-lomond\/wp-content\/uploads\/sites\/10\/2012\/03\/Cam.jpg\" alt=\"Mi personaje favorito (y sosias) Cameron\" width=\"400\" height=\"300\" srcset=\"https:\/\/static-blogs.hoy.es\/wp-content\/uploads\/sites\/10\/2012\/03\/Cam.jpg 400w, https:\/\/static-blogs.hoy.es\/wp-content\/uploads\/sites\/10\/2012\/03\/Cam-300x225.jpg 300w\" sizes=\"(max-width: 400px) 100vw, 400px\" \/><\/a><p id=\"caption-attachment-772\" class=\"wp-caption-text\">Mi personaje favorito (y sosias) Cameron<\/p><\/div>\n<p>&nbsp;<\/p>\n<p><span style=\"color: #000080;\">\u00a0Reconozco que a pesar de mi gran sentido del humor, y mi facilidad para encajar co\u00f1as de toda \u00edndole no me gust\u00f3 especialmente lo de equipararme a un \u201cgordaco\u201d que perd\u00eda aceite. Pero tras un par de episodios, nada m\u00e1s lejos de la realidad, me siento orgulloso si alguien me relaciona con tan divertido personaje, es m\u00e1s, no paro de presumir desde entonces. Con Modern Family me ocurre lo mismo que con tantas series que me gustan, como <em>Aqu\u00ed no hay quien viva, Los Simpsons, Futurama, <\/em>\u00f3 <em><a title=\"La que se avecina\" href=\"https:\/\/blogs.hoy.es\/loch-lomond\/2011\/08\/23\/la-que-se-avecina\/\" target=\"_blank\">La que se avecina<\/a>,<\/em> que no me canso de ver una y otra vez los mismos cap\u00edtulos. Y eso a pesar de mi prodigiosa memoria, que ya la conocen ustedes, pero es que me encanta. S\u00e9 casi lo que va a pasar en cada momento, los textos y chascarrillos de cada situaci\u00f3n&#8230; pero me parto. Creo que todo esto me viene desde que era peque\u00f1o, cuando apenas exist\u00edan una veintena de cap\u00edtulos de <a title=\"Barrio S\u00e9samo\" href=\"https:\/\/blogs.hoy.es\/loch-lomond\/2011\/04\/03\/barrio-sesamo\/\" target=\"_blank\">Barrio S\u00e9samo<\/a> y nos lo emit\u00edan cada tarde para merend\u00e1rnoslo con el pan y el chocolate. Nada m\u00e1s emitir la primera secuencia quien suscribe ya sab\u00eda cual era el episodio de turno.<\/span><\/p>\n<p><span style=\"color: #000080;\"><a href=\"\/loch-lomond\/wp-content\/uploads\/sites\/10\/2012\/03\/bicicleta-cuchara-manzana.jpg\"><img loading=\"lazy\" class=\"alignnone size-medium wp-image-773\" title=\"bicicleta, cuchara, manzana\" src=\"\/loch-lomond\/wp-content\/uploads\/sites\/10\/2012\/03\/bicicleta-cuchara-manzana.jpg\" alt=\"\" width=\"211\" height=\"300\" srcset=\"https:\/\/static-blogs.hoy.es\/wp-content\/uploads\/sites\/10\/2012\/03\/bicicleta-cuchara-manzana.jpg 600w, https:\/\/static-blogs.hoy.es\/wp-content\/uploads\/sites\/10\/2012\/03\/bicicleta-cuchara-manzana-212x300.jpg 212w\" sizes=\"(max-width: 211px) 100vw, 211px\" \/><\/a><\/span><\/p>\n<p><span style=\"color: #000080;\">Iron\u00edas del destino, tras acabar la serie, zapeando, me encontr\u00e9 con el documental <em>Bicicleta, cuchara, manzana<\/em>. Una dura pel\u00edcula que recoge la intensa lucha contra el Alzheimer que Pasqual Maragall, su familia y su fundaci\u00f3n, han mantenido durante dos a\u00f1os.\u00a0 A pesar de la dureza,\u00a0 y de ser especialmente sobrecogedora, invita al optimismo. Pero mentir\u00eda si no les confieso que me contagi\u00f3 de gran inquietud, \u00a0por aquello de si alg\u00fan d\u00eda a m\u00ed, la iron\u00eda del destino, querr\u00e1 castigarme con tan desolador castigo. Siempre he presumido de mi memoria, y cualquiera que me conozca sabr\u00e1 que es cierto. Mi madre insiste en que si la hubiera utilizado para estudiar de verdad en lugar del t\u00edtulo de magisterio podr\u00eda haberme sacado una notar\u00eda, pero el problema es que s\u00f3lo funciona con lo que me gusta, y con lo que considero importante. Para que se hagan una idea: La ropa y los coches por ejemplo, no me interesan, al igual que los nombres de las personas, e incluso sus caras, y los olvido f\u00e1cilmente, ahora bien, soy capaz de recordar casi palabra por palabra las conversaciones que me interesan, as\u00ed como los di\u00e1logos de mis pel\u00edculas favoritas, o situaciones y momentos que me parecen importantes en mi vida. Pensar que alg\u00fan d\u00eda pudiera llegar al punto de casi no recordar siquiera quien soy se me antoja insufrible e ir\u00f3nico, y no s\u00e9 si tendr\u00eda los bemoles del se\u00f1or Maragall para echarle un par de belfos como le echa \u00e9l. El destino no est\u00e1 carente de cierta iron\u00eda, pero su seguro servidor, ateo, por la gracia de Dios, ruega a cualquier divinidad existente que no me haga purgar pena parecida por muy indecentes y lamentables que pudieran ser mis pecados (en el tema de los pecados capitales la llevar\u00eda clara s\u00f3lo con la gula, la lujuria y la pereza, y por ese mismo orden). Pasar de ser un ejemplar habitante de la memoria a un simple visitante, ser\u00eda condenarme a algo peor que a pasar toda la eternidad en las calderas del mism\u00edsimo Infierno. Confiemos en que la feliz providencia siempre disponga para nosotros algo mejor de lo que realmente nos merecemos. Y hoy especialmente ustedes me perdonar\u00e1n que recurra al LOCH LOMOND para despejar tan siniestras hip\u00f3tesis, que guardar\u00e9 en el fondo de mi intratable memoria en pos de protagonizar mis peores pesadillas.<\/span><\/p>\n<!-- AddThis Advanced Settings generic via filter on the_content --><!-- AddThis Share Buttons generic via filter on the_content -->","protected":false},"excerpt":{"rendered":"<p>&nbsp; \u00a0 Ayer noche, tras degustar una op\u00edpara ensalada de las m\u00edas, y de las que tanto le gustan a mi novia (aunque no se lo crean, preparo unas ensaladas que quitan el hipo, no todo va a ser carnaza) me decid\u00ed a relajarme y re\u00edrme un rato con la divertid\u00edsima serie Modern Family en [&hellip;]<!-- AddThis Advanced Settings generic via filter on get_the_excerpt --><!-- AddThis Share Buttons generic via filter on get_the_excerpt --><\/p>\n","protected":false},"author":14,"featured_media":0,"comment_status":"open","ping_status":"closed","sticky":false,"template":"","format":"standard","meta":[],"categories":[2],"tags":[134,219,239,326,553,726,738,1286,1420,1504,1515,1806,2213,2252,2304,2642,2715,3103,3175,3176,3431,3520,3788,3830,3926],"_links":{"self":[{"href":"https:\/\/blogs.hoy.es\/loch-lomond\/wp-json\/wp\/v2\/posts\/769"}],"collection":[{"href":"https:\/\/blogs.hoy.es\/loch-lomond\/wp-json\/wp\/v2\/posts"}],"about":[{"href":"https:\/\/blogs.hoy.es\/loch-lomond\/wp-json\/wp\/v2\/types\/post"}],"author":[{"embeddable":true,"href":"https:\/\/blogs.hoy.es\/loch-lomond\/wp-json\/wp\/v2\/users\/14"}],"replies":[{"embeddable":true,"href":"https:\/\/blogs.hoy.es\/loch-lomond\/wp-json\/wp\/v2\/comments?post=769"}],"version-history":[{"count":0,"href":"https:\/\/blogs.hoy.es\/loch-lomond\/wp-json\/wp\/v2\/posts\/769\/revisions"}],"wp:attachment":[{"href":"https:\/\/blogs.hoy.es\/loch-lomond\/wp-json\/wp\/v2\/media?parent=769"}],"wp:term":[{"taxonomy":"category","embeddable":true,"href":"https:\/\/blogs.hoy.es\/loch-lomond\/wp-json\/wp\/v2\/categories?post=769"},{"taxonomy":"post_tag","embeddable":true,"href":"https:\/\/blogs.hoy.es\/loch-lomond\/wp-json\/wp\/v2\/tags?post=769"}],"curies":[{"name":"wp","href":"https:\/\/api.w.org\/{rel}","templated":true}]}}